{"id":29215,"date":"2023-06-01T05:31:01","date_gmt":"2023-06-01T03:31:01","guid":{"rendered":"http:\/\/www.infokuryr.cz\/n\/?p=29215"},"modified":"2023-06-01T05:31:01","modified_gmt":"2023-06-01T03:31:01","slug":"ani-s-antisemitismem-to-nevyslo","status":"publish","type":"post","link":"https:\/\/www.infokuryr.cz\/n\/2023\/06\/01\/ani-s-antisemitismem-to-nevyslo\/","title":{"rendered":"Ani s antisemitismem to nevy\u0161lo"},"content":{"rendered":"<div id=\"fb-root\"><\/div>\n<h2 class=\"entry-title\">Ani s antisemitismem to nevy\u0161lo. Prominentn\u00ed kritik korona hysterie a experiment\u00e1ln\u00edho korona o\u010dkov\u00e1n\u00ed byl n\u011bmeck\u00fdm soudem osvobozen<\/h2>\n<p><strong>N\u011bmeck\u00fd profesor, v\u011bdec a zn\u00e1m\u00fd l\u00e9ka\u0159 Sucharit Bhakdi zat\u00e1p\u011bl koronahysterick\u00fdm \u00fa\u0159ad\u016fm. medi\u00edm a vl\u00e1d\u00e1m nejenom v N\u011bmecku hned od po\u010d\u00e1tku koronaplandemi<\/strong>e. Jeho profily na soci\u00e1ln\u00edch s\u00edt\u00edch sledovaly a sleduj\u00ed miliony lid\u00ed po cel\u00e9m sv\u011bt\u011b. Jeho knihy se staly bestsellerem.\u00a0<strong>Nen\u00ed proto divu, \u017ee se ho lid\u00e9, kte\u0159\u00ed za koronahysteri\u00ed st\u00e1li, sna\u017eili uml\u010det<\/strong>. \u201eProbl\u00e9mem\u201c ale byl jeho nen\u011bmeck\u00fd a neb\u011blo\u0161sk\u00fd p\u016fvod (je p\u016fvodem z Thajska, ale v N\u011bmecku \u017eije u\u017e od stud\u00ed). <strong>Ne\u0161lo mu proto vy\u010d\u00edst strejdu u Wehrmachtu, nebo tetu v Hitlerjugendu. Proto s\u00e1hli ke kalibru nejvy\u0161\u0161\u00edmu, obvinili ho z\u00a0<a href=\"https:\/\/ceskavec.com\/2021\/11\/spickovy-nemecky-vedec-a-lekar-a-kritik-korona-hysterie-byl-obvinen-z-antisemitismu-gojim-ma-mlcet-a-nechat-si-pichat-vakciny\">antisemitismu a nen\u00e1vist<\/a>i<\/strong>.<\/p>\n<p>Bhakdi toti\u017e ost\u0159e kritizoval o\u010dkovac\u00ed experimenty a\u00a0<strong>korona teror izraelsk\u00e9 vl\u00e1dy v Izraeli nazval \u201ehor\u0161\u00ed ne\u017e nacistick\u00e9 N\u011bmecko\u201c\u00a0<\/strong>a ministryni \u0161kolstv\u00ed spolkov\u00e9 zem\u011b \u00a0<a href=\"https:\/\/en.wikipedia.org\/wiki\/Schleswig-Holstein\">Schleswig-Holstein<\/a>,\u00a0<a href=\"https:\/\/en.wikipedia.org\/wiki\/Karin_Prien\">Karin Prien<\/a><strong>\u00a0obvinil, \u017ee kv\u016fli povinn\u00e9mu no\u0161en\u00ed rou\u0161ek ve \u0161kole chce d\u011bti otr\u00e1vit CO2. Jen\u017ee ministryn\u011b je \u017eidovsk\u00e9ho p\u016fvodu, co\u017e prof. Bhakdi pochopiteln\u011b nev\u011bd\u011bl a to bylo okam\u017eit\u011b prohl\u00e1\u0161eno za antisemitismus<\/strong>\u00a0a p\u0159ed<strong>\u00a0takov\u00fdm obvin\u011bn\u00edm nen\u00ed v N\u011bmecku obrany<\/strong>! Jako na zavolanou se hned do \u0161tvav\u00e9 kampan\u011b zapojily \u017eidovsk\u00e9 organizace s t\u00edm, \u017ee se jedn\u00e1 o \u201ehardcore antisemitismus\u201c. V\u00fdsledek se dostavil okam\u017eit\u011b. Spolupracuj\u00edc\u00ed nakladatelstv\u00ed mu p\u0159estalo vyd\u00e1vat knihy, a\u010d se velmi dob\u0159e prod\u00e1valy, p\u0159estal m\u00edt p\u0159\u00edstup do medi\u00ed.<strong>\u00a0Antisemitsk\u00fdmi komisemi byl obvin\u011bn z nen\u00e1visti a dokonce na n\u011bj bylo pod\u00e1no \u00fa\u010delov\u00e9 trestn\u00ed obvin\u011bn\u00ed.<\/strong> Star\u00e9 zn\u00e1m\u00e9 triky nejstar\u0161\u00ed mafie sv\u011bta jen v nov\u00e9m kab\u00e1t\u011b.<\/p>\n<p><strong>Jen\u017ee u soudu to dopadlo\u00a0<a href=\"https:\/\/www.br.de\/nachrichten\/deutschland-welt\/vorwurf-der-volksverhetzung-mediziner-bhakdi-freigesprochen,Tf6AJLp\">p\u0159ekvapiv\u011b jinak<\/a>. St\u00e1tn\u00ed z\u00e1stupkyn\u011b Silke F\u00fcssinger sice obvinila prof. Bhakdiho z antisemitismu a \u201ezleh\u010dov\u00e1n\u00ed holocaustu\u201c a nen\u00e1visti, ale soud hned od za\u010d\u00e1tku obvin\u011bn\u00ed odm\u00edtl s t\u00edm, \u017ee se o \u017e\u00e1dnou nen\u00e1vist ani antisemitismus nejednalo a zcela se p\u0159iklonil k argument\u016fm obhajoby<\/strong>. Soudce Malte Grundmann\u00a0<strong>hned v prvn\u00edm st\u00e1n\u00ed a hned prvn\u00ed den \u017ealobu zam\u00edtl. To vyvolalo nevoli prore\u017eimn\u00edch medi\u00ed a nespokojenost je citit i v \u017eidovsk\u00fdch kruz\u00edch.<\/strong>\u00a0<strong>V\u017edy\u0165 do dne\u0161ka p\u0159ece v\u0161echna obvin\u011bn\u00ed z antisemitismu byla rovnou odsouzena a vina se nezkoumala<\/strong>.<\/p>\n<p><strong>Profesor Bhakdi je holt jin\u00fd kalibr. Stoj\u00ed za n\u00edm siln\u00e9 ve\u0159ejn\u00e9 m\u00edn\u011bn\u00ed p\u0159edev\u0161\u00edm z \u0159ad lid\u00ed odm\u00edtaj\u00edc\u00ed experiment\u00e1ln\u00ed korona vakc\u00edny, co\u017e je jen v N\u011bmecku n\u011bkolik des\u00edtek milion\u016f lid\u00ed a mezi nimi \u0159ada p\u0159edn\u00edch l\u00e9ka\u0159\u016f, v\u011bdc\u016f a podnikatel\u016f. Tak\u00e9 se jedn\u00e1 o \u010dlov\u011bka velmi inteligentn\u00edho a vzd\u011blan\u00e9ho se siln\u00fdmi soci\u00e1ln\u00edmi kontakty.<\/strong><\/p>\n<p>V\u0161e prozat\u00edm skon\u010dilo jen temn\u00fdm bruml\u00e1n\u00edm medi\u00ed a aktivist\u016f o \u201eneonacistech a antikoronavirov\u00fdch dezinform\u00e1torech\u201c.\u00a0<strong>Media, kter\u00e1 reprezentuj\u00ed lid\u00e9 na intelektu\u00e1ln\u00ed \u00farovni Mol\u00e1\u010dk\u016f a Honzejk\u016f, ho naz\u00fdvaj\u00ed Coronaleugner \u2013 korona lh\u00e1\u0159, a\u010dkoliv v\u0161echny jeho hypot\u00e9zy a z\u00e1v\u011bry se potvrdily a nikdo si je ve\u0159ejn\u011b ji\u017e nedovol\u00ed zpochyb\u0148ovat.<\/strong><\/p>\n<p>S<strong>t\u00e1tn\u00ed z\u00e1stupnyn\u011b se pr\u00fd odvol\u00e1. tak\u017ee je\u0161t\u011b nen\u00ed v\u0161emu konec. Kruhy, kter\u00e9 za obvin\u011bn\u00edm stoj\u00ed jsou v N\u011bmecku (stejn\u011b jako u n\u00e1s doma) velmi mocn\u00e9.\u00a0<\/strong>Jen\u017ee to bude m\u00edt<strong>\u00a0odvolac\u00ed soud t\u011b\u017ek\u00e9, argumenty ob\u017ealoby jsou velmi slab\u00e9 a jednalo by se pak prokazateln\u011b o politick\u00fd proces a ten by mohl vyvolat siln\u00e9 spole\u010densk\u00e9 ot\u0159esy.<\/strong>\u00a0By\u0165 s n\u011bjak\u00fdmi d\u016fkazy si soudy \u010dasto v boji proti politick\u00fdm a n\u00e1zorov\u00fdm oponent\u016fm hlavu nel\u00e1mou.<\/p>\n<p>Bhandiho p\u0159ijelo k soudu podpo\u0159it 300 jeho podporovatel\u016f z cel\u00e9ho N\u011bmecka, v\u010detn\u011b n\u011bkolika jeho b\u00fdval\u00fdch student\u016f l\u00e9ka\u0159\u016f. Rozsudek proto n\u00e1le\u017eit\u011b hlasit\u011b oslavili.<\/p>\n<figure class=\"wp-block-image size-full\"><img decoding=\"async\" loading=\"lazy\" class=\"wp-image-15353 aligncenter\" src=\"https:\/\/ceskavec.com\/wp-content\/uploads\/2023\/05\/image-15.png\" sizes=\"(max-width: 624px) 100vw, 624px\" srcset=\"https:\/\/ceskavec.com\/wp-content\/uploads\/2023\/05\/image-15.png 624w, https:\/\/ceskavec.com\/wp-content\/uploads\/2023\/05\/image-15-300x150.png 300w\" alt=\"\" width=\"624\" height=\"312\" \/><\/figure>\n<p style=\"text-align: center;\"><em>Prof. Bhandi po vynesen\u00ed rozsudku o zam\u00edtnut\u00ed ob\u017ealoby<\/em><\/p>\n<p><a href=\"https:\/\/ceskavec.com\/2023\/06\/ani-s-antisemitismem-to-nevyslo-prominentni-kritik-korona-hystrie-a-experimentalniho-korona-ockovani-byl-nemeckym-soudem-osvobozen\">\u010cesk\u00e1 v\u011bc<\/a><\/p>\n<p>&nbsp;<\/p>\n<p>&nbsp;<\/p>\n<p><img decoding=\"async\" loading=\"lazy\" class=\"wp-image-19187 aligncenter\" src=\"http:\/\/www.infokuryr.cz\/n\/wp-content\/uploads\/2022\/12\/1-PRO-300x36.jpg\" alt=\"\" width=\"1317\" height=\"158\" srcset=\"https:\/\/www.infokuryr.cz\/n\/wp-content\/uploads\/2022\/12\/1-PRO-300x36.jpg 300w, https:\/\/www.infokuryr.cz\/n\/wp-content\/uploads\/2022\/12\/1-PRO.jpg 699w\" sizes=\"(max-width: 1317px) 100vw, 1317px\" \/><\/p>\n<p>&nbsp;<\/p>\n<p>&nbsp;<\/p>\n<p>&nbsp;<\/p>\n","protected":false},"excerpt":{"rendered":"<p>Ani s antisemitismem to nevy\u0161lo. Prominentn\u00ed kritik korona hysterie a experiment\u00e1ln\u00edho korona o\u010dkov\u00e1n\u00ed byl n\u011bmeck\u00fdm&#8230;<\/p>\n","protected":false},"author":2,"featured_media":29216,"comment_status":"closed","ping_status":"closed","sticky":false,"template":"","format":"standard","meta":[],"categories":[7],"tags":[5103,23,3076,84,324],"_links":{"self":[{"href":"https:\/\/www.infokuryr.cz\/n\/wp-json\/wp\/v2\/posts\/29215"}],"collection":[{"href":"https:\/\/www.infokuryr.cz\/n\/wp-json\/wp\/v2\/posts"}],"about":[{"href":"https:\/\/www.infokuryr.cz\/n\/wp-json\/wp\/v2\/types\/post"}],"author":[{"embeddable":true,"href":"https:\/\/www.infokuryr.cz\/n\/wp-json\/wp\/v2\/users\/2"}],"replies":[{"embeddable":true,"href":"https:\/\/www.infokuryr.cz\/n\/wp-json\/wp\/v2\/comments?post=29215"}],"version-history":[{"count":0,"href":"https:\/\/www.infokuryr.cz\/n\/wp-json\/wp\/v2\/posts\/29215\/revisions"}],"wp:featuredmedia":[{"embeddable":true,"href":"https:\/\/www.infokuryr.cz\/n\/wp-json\/wp\/v2\/media\/29216"}],"wp:attachment":[{"href":"https:\/\/www.infokuryr.cz\/n\/wp-json\/wp\/v2\/media?parent=29215"}],"wp:term":[{"taxonomy":"category","embeddable":true,"href":"https:\/\/www.infokuryr.cz\/n\/wp-json\/wp\/v2\/categories?post=29215"},{"taxonomy":"post_tag","embeddable":true,"href":"https:\/\/www.infokuryr.cz\/n\/wp-json\/wp\/v2\/tags?post=29215"}],"curies":[{"name":"wp","href":"https:\/\/api.w.org\/{rel}","templated":true}]}}