{"id":29208,"date":"2023-06-01T01:24:38","date_gmt":"2023-05-31T23:24:38","guid":{"rendered":"http:\/\/www.infokuryr.cz\/n\/?p=29208"},"modified":"2023-05-31T20:36:42","modified_gmt":"2023-05-31T18:36:42","slug":"usa-povoluji-kyjevu-ostrelovat-moskvu-zapadnimi-zbranemi","status":"publish","type":"post","link":"https:\/\/www.infokuryr.cz\/n\/2023\/06\/01\/usa-povoluji-kyjevu-ostrelovat-moskvu-zapadnimi-zbranemi\/","title":{"rendered":"USA povoluj\u00ed Kyjevu ost\u0159elovat Moskvu z\u00e1padn\u00edmi zbran\u011bmi"},"content":{"rendered":"<div id=\"fb-root\"><\/div>\n<div><strong><span>USA povoluj\u00ed Kyjevu pou\u017e\u00edvat z\u00e1padn\u00ed zbran\u011b k \u00fatok\u016fm na rusk\u00e9 \u00fazem\u00ed.\u00a0To bylo d\u0159\u00edve tabu, kter\u00e9 bylo nyn\u00ed zru\u0161eno ve vedlej\u0161\u00ed v\u011bt\u011b.<\/span><\/strong><\/div>\n<div class=\"article__content\">\n<p><span>Z\u00e1padn\u00ed politici v\u017edy zd\u016fraz\u0148ovali, \u017ee jsou proti tomu, aby Kyjev pou\u017eil k \u00fatoku na rusk\u00e9 \u00fazem\u00ed zbran\u011b dodan\u00e9 Z\u00e1padem, proto\u017ee by to vt\u00e1hlo NATO do v\u00e1lky.\u00a0Nyn\u00ed John Kirby, mluv\u010d\u00ed Rady n\u00e1rodn\u00ed bezpe\u010dnosti v B\u00edl\u00e9m dom\u011b, zm\u011bnil kurz a ofici\u00e1ln\u011b dal Ukrajin\u011b zelenou k \u00fatoku na rusk\u00e9 \u00fazem\u00ed zbran\u011bmi dodan\u00fdmi ze Z\u00e1padu.\u00a0<\/span><a href=\"https:\/\/edition.cnn.com\/europe\/live-news\/russia-ukraine-war-news-05-31-23\/index.html\" target=\"_blank\" rel=\"noreferrer noopener\"><span>CNN jej citovala takto<\/span><\/a><span>\u00a0:<\/span><\/p>\n<p><em>\u201eJakmile Ukrajinc\u016fm zp\u0159\u00edstupn\u00edme syst\u00e9my, a to je d\u016fle\u017eit\u00fd bod, mohou se sami rozhodnout, co s nimi cht\u011bj\u00ed d\u011blat.\u00a0Ujistili n\u00e1s, \u017ee nepou\u017eij\u00ed na\u0161e vybaven\u00ed k \u00fatok\u016fm uvnit\u0159 Ruska.\u00a0Ale kdy\u017e jsou jim p\u0159ed\u00e1ny, jsou jejich.\u201c<\/em><\/p>\n<p><span>Kirby t\u00edm fakticky prohl\u00e1sil, \u017ee Ukrajina si se zbran\u011bmi dodan\u00fdmi ze Z\u00e1padu m\u016f\u017ee d\u011blat, co chce.\u00a0Tedy tak\u00e9 ost\u0159elov\u00e1n\u00ed obytn\u00fdch \u010dtvrt\u00ed v Moskv\u011b.\u00a0P\u0159esn\u011b o tom byla ot\u00e1zka, na kterou Kirby odpov\u011bd\u011bl t\u00edmto prohl\u00e1\u0161en\u00edm.<\/span><\/p>\n<p><span>Americk\u00e1 vl\u00e1da zauj\u00edm\u00e1 stanovisko, \u017ee sice je vlastn\u011b proti \u00fatok\u016fm na rusk\u00e9 \u00fazem\u00ed, ale pokud k tomu Kyjev stejn\u011b pou\u017eije zbran\u011b dodan\u00e9 ze Z\u00e1padu \u2013 no, budi\u017e!<\/span><\/p>\n<p><span>Tento postoj, kter\u00fd zku\u0161enost uk\u00e1zala, \u017ee Evropan\u00e9 pravd\u011bpodobn\u011b brzy zaujmou, proto\u017ee v\u017edy sleduj\u00ed kurz USA, \u010din\u00ed p\u0159\u00edmou v\u00e1lku mezi NATO a Ruskem mnohem pravd\u011bpodobn\u011bj\u0161\u00ed, proto\u017ee a\u017e dosud Z\u00e1pad \u0159\u00edkal, \u017ee Kyjev by nem\u011bl pou\u017e\u00edvat Z\u00e1padn\u00ed zbran\u011b k \u00fatok\u016fm na Rusko, proto\u017ee to znamen\u00e1 riziko, \u017ee NATO p\u016fjde p\u0159\u00edmo do v\u00e1lky s Ruskem.<\/span><\/p>\n<p><strong>Washington u\u017e se toho podle v\u0161eho neboj\u00ed.<\/strong><\/p>\n<p><span>Rakety Storm Shadow dod\u00e1van\u00e9 Brit\u00e1ni\u00ed mohou p\u00e1lit od ukrajinsk\u00fdch hranic 250 kilometr\u016f hluboko do vnitrozem\u00ed Ruska.\u00a0Pokud n\u011bmeck\u00e1 feder\u00e1ln\u00ed vl\u00e1da dod\u00e1 na Ukrajinu rakety Taurus, co\u017e nyn\u00ed Kyjev po\u017eaduje, mohly by tyto n\u011bmeck\u00e9 \u0159\u00edzen\u00e9 st\u0159ely z Ukrajiny dorazit i do Moskvy.<\/span><\/p>\n<p><a href=\"https:\/\/www.anti-spiegel.ru\/2023\/usa-erlauben-kiew-den-beschuss-moskaus-mit-westlichen-waffen\/\">Thomas R\u00f6per<\/a><\/p>\n<p><img decoding=\"async\" loading=\"lazy\" class=\"alignnone  wp-image-22016\" src=\"http:\/\/www.infokuryr.cz\/n\/wp-content\/uploads\/2023\/01\/Thomas-Roper-298x300.jpg\" alt=\"\" width=\"177\" height=\"178\" srcset=\"https:\/\/www.infokuryr.cz\/n\/wp-content\/uploads\/2023\/01\/Thomas-Roper-298x300.jpg 298w, https:\/\/www.infokuryr.cz\/n\/wp-content\/uploads\/2023\/01\/Thomas-Roper-150x150.jpg 150w, https:\/\/www.infokuryr.cz\/n\/wp-content\/uploads\/2023\/01\/Thomas-Roper.jpg 596w\" sizes=\"(max-width: 177px) 100vw, 177px\" \/><\/p>\n<p>__________________<\/p>\n<\/div>\n<p>&nbsp;<\/p>\n<p>&nbsp;<\/p>\n<p><img decoding=\"async\" loading=\"lazy\" class=\"wp-image-19187 aligncenter\" src=\"http:\/\/www.infokuryr.cz\/n\/wp-content\/uploads\/2022\/12\/1-PRO-300x36.jpg\" alt=\"\" width=\"1283\" height=\"154\" srcset=\"https:\/\/www.infokuryr.cz\/n\/wp-content\/uploads\/2022\/12\/1-PRO-300x36.jpg 300w, https:\/\/www.infokuryr.cz\/n\/wp-content\/uploads\/2022\/12\/1-PRO.jpg 699w\" sizes=\"(max-width: 1283px) 100vw, 1283px\" \/><\/p>\n<p>&nbsp;<\/p>\n<div class=\"article__content\">\n<p>&nbsp;<\/p>\n<\/div>\n","protected":false},"excerpt":{"rendered":"<p>USA povoluj\u00ed Kyjevu pou\u017e\u00edvat z\u00e1padn\u00ed zbran\u011b k \u00fatok\u016fm na rusk\u00e9 \u00fazem\u00ed.\u00a0To bylo d\u0159\u00edve tabu, kter\u00e9&#8230;<\/p>\n","protected":false},"author":2,"featured_media":29209,"comment_status":"closed","ping_status":"closed","sticky":false,"template":"","format":"standard","meta":[],"categories":[7],"tags":[29,22,26,37,73],"_links":{"self":[{"href":"https:\/\/www.infokuryr.cz\/n\/wp-json\/wp\/v2\/posts\/29208"}],"collection":[{"href":"https:\/\/www.infokuryr.cz\/n\/wp-json\/wp\/v2\/posts"}],"about":[{"href":"https:\/\/www.infokuryr.cz\/n\/wp-json\/wp\/v2\/types\/post"}],"author":[{"embeddable":true,"href":"https:\/\/www.infokuryr.cz\/n\/wp-json\/wp\/v2\/users\/2"}],"replies":[{"embeddable":true,"href":"https:\/\/www.infokuryr.cz\/n\/wp-json\/wp\/v2\/comments?post=29208"}],"version-history":[{"count":1,"href":"https:\/\/www.infokuryr.cz\/n\/wp-json\/wp\/v2\/posts\/29208\/revisions"}],"predecessor-version":[{"id":29210,"href":"https:\/\/www.infokuryr.cz\/n\/wp-json\/wp\/v2\/posts\/29208\/revisions\/29210"}],"wp:featuredmedia":[{"embeddable":true,"href":"https:\/\/www.infokuryr.cz\/n\/wp-json\/wp\/v2\/media\/29209"}],"wp:attachment":[{"href":"https:\/\/www.infokuryr.cz\/n\/wp-json\/wp\/v2\/media?parent=29208"}],"wp:term":[{"taxonomy":"category","embeddable":true,"href":"https:\/\/www.infokuryr.cz\/n\/wp-json\/wp\/v2\/categories?post=29208"},{"taxonomy":"post_tag","embeddable":true,"href":"https:\/\/www.infokuryr.cz\/n\/wp-json\/wp\/v2\/tags?post=29208"}],"curies":[{"name":"wp","href":"https:\/\/api.w.org\/{rel}","templated":true}]}}