{"id":29163,"date":"2023-06-01T01:03:38","date_gmt":"2023-05-31T23:03:38","guid":{"rendered":"http:\/\/www.infokuryr.cz\/n\/?p=29163"},"modified":"2023-05-31T16:57:31","modified_gmt":"2023-05-31T14:57:31","slug":"napeti-stoupa-globalni-problemova-mista-hrozi-eskalaci","status":"publish","type":"post","link":"https:\/\/www.infokuryr.cz\/n\/2023\/06\/01\/napeti-stoupa-globalni-problemova-mista-hrozi-eskalaci\/","title":{"rendered":"Nap\u011bt\u00ed stoup\u00e1: glob\u00e1ln\u00ed probl\u00e9mov\u00e1 m\u00edsta hroz\u00ed eskalac\u00ed"},"content":{"rendered":"<div id=\"fb-root\"><\/div>\n<p><strong><span>Tchaj-wan, Korea, Bl\u00edzk\u00fd v\u00fdchod a Balk\u00e1n: Na r\u016fzn\u00fdch probl\u00e9mov\u00fdch m\u00edstech v\u0161ude roste nap\u011bt\u00ed.\u00a0S\u00e9rie sud\u016f s prachem, kter\u00e9 hroz\u00ed v\u00fdbuchem a mohly by vyvolat glob\u00e1ln\u00ed \u0159et\u011bzovou reakci.\u00a0Zd\u00e1 se, \u017ee hlavn\u00ed s\u00edly za n\u00edm nemaj\u00ed z\u00e1jem o m\u00edrov\u00e1 \u0159e\u0161en\u00ed.\u00a0T\u00e9m\u011b\u0159 v\u017edy a v\u0161ude jsou zapojeny: Spojen\u00e9 st\u00e1ty.<\/span><\/strong><\/p>\n<p><span>Ve st\u00ednu ukrajinsk\u00e9 v\u00e1lky (v n\u00ed\u017e se st\u00e1le nezd\u00e1, \u017ee by do\u0161lo k \u017e\u00e1dn\u00e9 deeskalaci) jsou v glob\u00e1ln\u00edm r\u00e1mci na r\u016fzn\u00fdch m\u00edstech trhliny.\u00a0<\/span><a href=\"https:\/\/www.firstpost.com\/world\/taiwan-wants-us-nuclear-umbrella-similar-to-japan-south-korea-to-deter-chinese-invasion-12649852.html\"><span>Nap\u0159\u00edklad v konfliktu o Tchaj-wan chce Washington um\u00edstit ostrov pod \u201e jadern\u00fd ochrann\u00fd de\u0161tn\u00edk<\/span><\/a><span>\u00a0\u201c Spojen\u00fdch st\u00e1t\u016f\u00a0.\u00a0To by dramaticky zv\u00fd\u0161ilo pravd\u011bpodobnost v\u00e1lky mezi \u010c\u00ednskou lidovou republikou a Spojen\u00fdmi st\u00e1ty.\u00a0Mezit\u00edm se \u010c\u00ed\u0148an\u00e9 vy\u017e\u00edvaj\u00ed ve v\u00e1le\u010dn\u00fdch simulac\u00edch a mohou tak sv\u00fdmi hypersonick\u00fdmi st\u0159elami\u00a0<\/span><a href=\"https:\/\/report24.news\/kriegssimulation-chinas-hyperschallraketen-versenken-problemlos-us-flugzeugtraegergruppe\/\"><span>potopit cel\u00e9 skupiny americk\u00fdch letadlov\u00fdch lod\u00ed<\/span><\/a><span> , co\u017e v\u00fdrazn\u011b zvy\u0161uje sebev\u011bdom\u00ed Pekingu.<\/span><\/p>\n<p><span>Probl\u00e9m\u016f je ale ve v\u00fdchodn\u00ed Asii v\u00edce.\u00a0Jihokorejsk\u00e1 a americk\u00e1 arm\u00e1da ve \u010dtvrtek uspo\u0159\u00e1dala u hranic se Severn\u00ed Koreou\u00a0<\/span><a href=\"https:\/\/abcnews.go.com\/International\/wireStory\/south-korea-us-troops-hold-massive-live-fire-99589989\" target=\"_blank\" rel=\"noreferrer noopener\"><span>velk\u00e1 cvi\u010dn\u00e1 cvi\u010den\u00ed se zbran\u011bmi<\/span><\/a><span>\u00a0, a to navzdory varov\u00e1n\u00ed Severu, \u017ee\u00a0<\/span><a href=\"https:\/\/report24.news\/naechste-front-nordkorea-deklariert-us-uebungen-avancieren-zu-kriegserklaerung\/\"><span>nedovol\u00ed<\/span><\/a><span>\u00a0cvi\u010den\u00ed invaze na sv\u00e9m prahu .\u00a0D\u00e1 se p\u0159edpokl\u00e1dat, \u017ee Pchjongjang odpov\u00ed dal\u0161\u00edmi raketov\u00fdmi testy.\u00a0Nakonec i ty by mohly eskalovat a v\u00e9st k nov\u00e9 korejsk\u00e9 v\u00e1lce.\u00a0Proto\u017ee v\u0161echny strany jsou ne\u00fastupn\u00e9.<\/span><\/p>\n<p><strong><span>Pak se zd\u00e1, \u017ee konflikt mezi Afgh\u00e1nist\u00e1nem, ovl\u00e1dan\u00fdm sunnitsk\u00fdm Talibanem, a \u0161\u00editskou teokraci\u00ed \u00cdr\u00e1nu se roz\u0161i\u0159uje.\u00a0<\/span><\/strong><span>Nejen, \u017ee se ned\u00e1vno\u00a0<\/span><a href=\"https:\/\/report24.news\/eskalationsgefahr-gefechte-an-iranisch-afghanischer-grenze\/\"><span>na hranici<\/span><\/a><span>\u00a0mezi dv\u011bma radik\u00e1ln\u00edmi isl\u00e1msk\u00fdmi st\u00e1ty bojovalo, ale vysok\u00fd velitel Talibanu tak\u00e9 pohrozil, \u017ee\u00a0bude cht\u00edt\u00a0<\/span><a href=\"https:\/\/www.jpost.com\/international\/article-744486\"><span>\u201ebrzy\u201c dob\u00fdt \u00cdr\u00e1n .\u00a0<\/span><\/a><span>Takov\u00e1 v\u00e1lka by byla zni\u010duj\u00edc\u00ed pro cel\u00fd region.<\/span><\/p>\n<p><span>Na St\u0159edn\u00edm v\u00fdchod\u011b to nen\u00ed o nic lep\u0161\u00ed.\u00a0<\/span><a href=\"https:\/\/www.jpost.com\/breaking-news\/article-743868\"><span>Izrael nap\u0159\u00edklad v posledn\u00edch m\u011bs\u00edc\u00edch v\u00fdrazn\u011b eskaloval<\/span><\/a><span>\u00a0\u00fatoky na \u00edr\u00e1nsk\u00e9 pozice v S\u00fdrii\u00a0.\u00a0Radik\u00e1ln\u00ed \u0161\u00editsk\u00e9 milice Hizball\u00e1h p\u0159itom jen p\u00e1r kilometr\u016f od izraelsk\u00fdch hranic prov\u00e1d\u011bly\u00a0<\/span><a href=\"https:\/\/www.axios.com\/2023\/05\/24\/inside-hezbollah-wargames-military-drill-israel-border\"><span>vojensk\u00e9 cvi\u010den\u00ed<\/span><\/a><span>\u00a0.\u00a0<\/span><strong><span>Izraelsko-\u00edr\u00e1nsk\u00e9 nap\u011bt\u00ed se v p\u0159\u00ed\u0161t\u00edch m\u011bs\u00edc\u00edch pravd\u011bpodobn\u011b d\u00e1le zintenzivn\u00ed.\u00a0<\/span><\/strong><a href=\"https:\/\/www.newarab.com\/news\/global-anti-coalition-building-new-base-northern-syria\"><span>Dal\u0161\u00ed vojenskou z\u00e1kladnu<\/span><\/a><span>\u00a0cht\u011bj\u00ed Ameri\u010dan\u00e9 vybudovat tak\u00e9 na severu S\u00fdrie\u00a0(existuje jich tam ji\u017e 24).<\/span><\/p>\n<p><span>Na Balk\u00e1n\u011b nav\u00edc roste nap\u011bt\u00ed.\u00a0<strong>Vzr\u016fstaj\u00ed\u00a0<\/strong><\/span><strong><span>jak ty mezi\u00a0<\/span><a href=\"https:\/\/www.foxnews.com\/world\/kosovo-police-nato-peacekeepers-clash-serb-protesters-tensions-region-escalate\"><span>Srbskem a Kosovem, tak ty mezi etnick\u00fdmi skupinami v Bosn\u011b a Hercegovin\u011b.\u00a0<\/span><\/a><\/strong><span>Mezit\u00edm Ameri\u010dan\u00e9 p\u0159elet\u011bli\u00a0<\/span><a href=\"https:\/\/sarajevotimes.com\/us-air-force-b-1b-lancer-bombers-will-perform-flight-over-sarajevo-today\/\"><span>dva bombard\u00e9ry B-1B Lancer<\/span><\/a><span>\u00a0nad bosenskou metropol\u00ed Sarajevo.\u00a0Ofici\u00e1ln\u011b na podporu \u201esuverenity, \u00fazemn\u00ed celistvosti a multietnick\u00e9 povahy zem\u011b\u201c.\u00a0Ve skute\u010dnosti v\u0161ak mohlo j\u00edt p\u0159edev\u0161\u00edm o v\u00fdhru\u017en\u00e9 gesto v\u016f\u010di Srb\u016fm a p\u0159ipom\u00ednku, \u017ee Washington nem\u00e1 probl\u00e9m s obnoven\u00edm bombardov\u00e1n\u00ed srbsk\u00fdch m\u011bst a vesnic.<\/span><\/p>\n<p><span>Zd\u00e1 se, \u017ee v\u0161echny tyto konflikty (plus ty v Africe, jako je S\u00fad\u00e1n nebo Etiopie) postupn\u011b nab\u00fdvaj\u00ed na intenzit\u011b.\u00a0Ale pokud jedno z t\u011bchto domino padne, dal\u0161\u00ed by mohly n\u00e1sledovat.\u00a0Nap\u0159\u00edklad eskalace tchajwansk\u00e9ho konfliktu by mohla Severn\u00ed Koreu povzbudit k akci.\u00a0<\/span><strong><span>Proto\u017ee americk\u00e1 arm\u00e1da by ji\u017e byla natolik zanepr\u00e1zdn\u011bna Ukrajinou a Tchaj-wanem, \u017ee dal\u0161\u00ed konflikt by zcela p\u0159et\u00ed\u017eil americk\u00e9 s\u00edly.\u00a0<\/span><\/strong><span>To by zase mohlo motivovat \u00cdr\u00e1n a jeho z\u00e1stupce k vojensk\u00e9 akci proti Izraeli.\u00a0Podpora \u017eidovsk\u00e9ho st\u00e1tu ze strany Spojen\u00fdch st\u00e1t\u016f by pak byla mo\u017en\u00e1 jen ve velmi omezen\u00e9 m\u00ed\u0159e, \u010deho\u017e si je Teher\u00e1n jist\u011b v\u011bdom.<\/span><\/p>\n<p><img decoding=\"async\" loading=\"lazy\" class=\"alignnone size-full wp-image-1185\" src=\"http:\/\/www.infokuryr.cz\/n\/wp-content\/uploads\/2021\/04\/kuryr-podpis.png\" alt=\"\" width=\"84\" height=\"24\" \/><\/p>\n<p>&nbsp;<\/p>\n<p>&nbsp;<\/p>\n<p><img decoding=\"async\" loading=\"lazy\" class=\"wp-image-19187 aligncenter\" src=\"http:\/\/www.infokuryr.cz\/n\/wp-content\/uploads\/2022\/12\/1-PRO-300x36.jpg\" alt=\"\" width=\"1300\" height=\"156\" srcset=\"https:\/\/www.infokuryr.cz\/n\/wp-content\/uploads\/2022\/12\/1-PRO-300x36.jpg 300w, https:\/\/www.infokuryr.cz\/n\/wp-content\/uploads\/2022\/12\/1-PRO.jpg 699w\" sizes=\"(max-width: 1300px) 100vw, 1300px\" \/><\/p>\n<p>&nbsp;<\/p>\n<p>&nbsp;<\/p>\n<p>&nbsp;<\/p>\n","protected":false},"excerpt":{"rendered":"<p>Tchaj-wan, Korea, Bl\u00edzk\u00fd v\u00fdchod a Balk\u00e1n: Na r\u016fzn\u00fdch probl\u00e9mov\u00fdch m\u00edstech v\u0161ude roste nap\u011bt\u00ed.\u00a0S\u00e9rie sud\u016f s&#8230;<\/p>\n","protected":false},"author":2,"featured_media":23831,"comment_status":"closed","ping_status":"closed","sticky":false,"template":"","format":"standard","meta":[],"categories":[7],"tags":[4418,122,276,40],"_links":{"self":[{"href":"https:\/\/www.infokuryr.cz\/n\/wp-json\/wp\/v2\/posts\/29163"}],"collection":[{"href":"https:\/\/www.infokuryr.cz\/n\/wp-json\/wp\/v2\/posts"}],"about":[{"href":"https:\/\/www.infokuryr.cz\/n\/wp-json\/wp\/v2\/types\/post"}],"author":[{"embeddable":true,"href":"https:\/\/www.infokuryr.cz\/n\/wp-json\/wp\/v2\/users\/2"}],"replies":[{"embeddable":true,"href":"https:\/\/www.infokuryr.cz\/n\/wp-json\/wp\/v2\/comments?post=29163"}],"version-history":[{"count":1,"href":"https:\/\/www.infokuryr.cz\/n\/wp-json\/wp\/v2\/posts\/29163\/revisions"}],"predecessor-version":[{"id":29164,"href":"https:\/\/www.infokuryr.cz\/n\/wp-json\/wp\/v2\/posts\/29163\/revisions\/29164"}],"wp:featuredmedia":[{"embeddable":true,"href":"https:\/\/www.infokuryr.cz\/n\/wp-json\/wp\/v2\/media\/23831"}],"wp:attachment":[{"href":"https:\/\/www.infokuryr.cz\/n\/wp-json\/wp\/v2\/media?parent=29163"}],"wp:term":[{"taxonomy":"category","embeddable":true,"href":"https:\/\/www.infokuryr.cz\/n\/wp-json\/wp\/v2\/categories?post=29163"},{"taxonomy":"post_tag","embeddable":true,"href":"https:\/\/www.infokuryr.cz\/n\/wp-json\/wp\/v2\/tags?post=29163"}],"curies":[{"name":"wp","href":"https:\/\/api.w.org\/{rel}","templated":true}]}}