{"id":29139,"date":"2023-05-31T06:33:48","date_gmt":"2023-05-31T04:33:48","guid":{"rendered":"http:\/\/www.infokuryr.cz\/n\/?p=29139"},"modified":"2023-05-31T06:33:48","modified_gmt":"2023-05-31T04:33:48","slug":"prezident-ugandy-podepsal-zakon-o-novych-represaliich-proti-lgbt-az-po-trest-smrti","status":"publish","type":"post","link":"https:\/\/www.infokuryr.cz\/n\/2023\/05\/31\/prezident-ugandy-podepsal-zakon-o-novych-represaliich-proti-lgbt-az-po-trest-smrti\/","title":{"rendered":"Prezident Ugandy podepsal z\u00e1kon o nov\u00fdch repres\u00e1li\u00edch proti LGBT \u2013 a\u017e po trest smrti"},"content":{"rendered":"<div id=\"fb-root\"><\/div>\n<p><strong>Prezident Ugandy Yoweri Museveni podepsal n\u00e1vrh z\u00e1kona pod ofici\u00e1ln\u00edm titulkem Antihomosexul\u00e1n\u00ed akt, kter\u00fd zp\u0159\u00eds\u0148uje d\u0159\u00edve zaveden\u00ed v zemi tresty za jednopohlavn\u00ed vztahy a\u017e na trest smrti. Ve srovn\u00e1n\u00ed s prvn\u00ed verz\u00ed byl z n\u011bho vylou\u010den trest za vlastn\u00ed identifikaci p\u0159edstavitel\u016f LGBT.<\/strong><\/p>\n<p>Ve srovn\u00e1n\u00ed s prvn\u00ed verz\u00ed, kterou schv\u00e1lil ugandsk\u00fd parlament v b\u0159eznu, byla ze z\u00e1kona vy\u0161krtnuta odpov\u011bdnost za genderovou identitu odli\u0161nou od heterosexu\u00e1ln\u00ed, co\u017e nebylo ani v jedn\u00e9 zemi sv\u011bta, ani v t\u011bch, kde se tvrd\u011b pron\u00e1sleduj\u00ed homosexu\u00e1lov\u00e9.<\/p>\n<p>Poslanci trochu opravili z\u00e1kon na \u017e\u00e1dost prezidenta, v\u011bt\u0161ina represivn\u00edch opat\u0159en\u00ed v n\u011bm ale z\u016fstala.<\/p>\n<p>Svou ne\u00fastupnost od\u016fvodnili poslanci nutnost\u00ed nepodl\u00e9hat tlaku ze Z\u00e1padu. USA, kter\u00e9 jsou jedn\u00edm z nejv\u011bt\u0161\u00edch obchodn\u00edch partner\u016f Ugandy, opravdu vyhro\u017eovaly Kampale \u201eekonomick\u00fdmi n\u00e1sledky\u201c v p\u0159\u00edpad\u011b, kdy\u017e bude z\u00e1kon schv\u00e1len.<\/p>\n<p><img decoding=\"async\" loading=\"lazy\" class=\"alignnone size-full wp-image-1185\" src=\"http:\/\/www.infokuryr.cz\/n\/wp-content\/uploads\/2021\/04\/kuryr-podpis.png\" alt=\"\" width=\"84\" height=\"24\" \/><\/p>\n<p>&nbsp;<\/p>\n<p>&nbsp;<\/p>\n<p><img decoding=\"async\" loading=\"lazy\" class=\"wp-image-19187 aligncenter\" src=\"http:\/\/www.infokuryr.cz\/n\/wp-content\/uploads\/2022\/12\/1-PRO-300x36.jpg\" alt=\"\" width=\"1258\" height=\"151\" srcset=\"https:\/\/www.infokuryr.cz\/n\/wp-content\/uploads\/2022\/12\/1-PRO-300x36.jpg 300w, https:\/\/www.infokuryr.cz\/n\/wp-content\/uploads\/2022\/12\/1-PRO.jpg 699w\" sizes=\"(max-width: 1258px) 100vw, 1258px\" \/><\/p>\n<p>&nbsp;<\/p>\n<p>&nbsp;<\/p>\n","protected":false},"excerpt":{"rendered":"<p>Prezident Ugandy Yoweri Museveni podepsal n\u00e1vrh z\u00e1kona pod ofici\u00e1ln\u00edm titulkem Antihomosexul\u00e1n\u00ed akt, kter\u00fd zp\u0159\u00eds\u0148uje d\u0159\u00edve&#8230;<\/p>\n","protected":false},"author":2,"featured_media":2314,"comment_status":"closed","ping_status":"closed","sticky":false,"template":"","format":"standard","meta":[],"categories":[7],"tags":[241,2061,4618,609],"_links":{"self":[{"href":"https:\/\/www.infokuryr.cz\/n\/wp-json\/wp\/v2\/posts\/29139"}],"collection":[{"href":"https:\/\/www.infokuryr.cz\/n\/wp-json\/wp\/v2\/posts"}],"about":[{"href":"https:\/\/www.infokuryr.cz\/n\/wp-json\/wp\/v2\/types\/post"}],"author":[{"embeddable":true,"href":"https:\/\/www.infokuryr.cz\/n\/wp-json\/wp\/v2\/users\/2"}],"replies":[{"embeddable":true,"href":"https:\/\/www.infokuryr.cz\/n\/wp-json\/wp\/v2\/comments?post=29139"}],"version-history":[{"count":0,"href":"https:\/\/www.infokuryr.cz\/n\/wp-json\/wp\/v2\/posts\/29139\/revisions"}],"wp:featuredmedia":[{"embeddable":true,"href":"https:\/\/www.infokuryr.cz\/n\/wp-json\/wp\/v2\/media\/2314"}],"wp:attachment":[{"href":"https:\/\/www.infokuryr.cz\/n\/wp-json\/wp\/v2\/media?parent=29139"}],"wp:term":[{"taxonomy":"category","embeddable":true,"href":"https:\/\/www.infokuryr.cz\/n\/wp-json\/wp\/v2\/categories?post=29139"},{"taxonomy":"post_tag","embeddable":true,"href":"https:\/\/www.infokuryr.cz\/n\/wp-json\/wp\/v2\/tags?post=29139"}],"curies":[{"name":"wp","href":"https:\/\/api.w.org\/{rel}","templated":true}]}}