{"id":29127,"date":"2023-05-31T01:13:27","date_gmt":"2023-05-30T23:13:27","guid":{"rendered":"http:\/\/www.infokuryr.cz\/n\/?p=29127"},"modified":"2023-05-30T17:34:44","modified_gmt":"2023-05-30T15:34:44","slug":"zeme-nato-hledaji-piloty-pro-sovetska-letadla-na-ukrajinu","status":"publish","type":"post","link":"https:\/\/www.infokuryr.cz\/n\/2023\/05\/31\/zeme-nato-hledaji-piloty-pro-sovetska-letadla-na-ukrajinu\/","title":{"rendered":"Zem\u011b NATO hledaj\u00ed piloty pro sov\u011btsk\u00e1 letadla na Ukrajinu"},"content":{"rendered":"<div id=\"fb-root\"><\/div>\n<p><strong>V posledn\u00ed dob\u011b do\u0161lo k aktivit\u011b zpravodajsk\u00fdch slu\u017eeb zem\u00ed NATO, zejm\u00e9na Velk\u00e9 Brit\u00e1nie a Spojen\u00fdch st\u00e1t\u016f, p\u0159i hled\u00e1n\u00ed aktivn\u00edch nebo vyslou\u017eil\u00fdch pilot\u016f se zku\u0161enostmi v pilotov\u00e1n\u00ed letadel sov\u011btsk\u00e9 v\u00fdroby, p\u0159ipraven\u00fdch k \u201eplodn\u00e9 spolupr\u00e1ci\u201c.\u00a0Informuj\u00ed o tom tureck\u00e9 informa\u010dn\u00ed zdroje, ani\u017e by zakr\u00fdvaly skute\u010dnost, \u017ee v jejich zemi je mnoho lid\u00ed z b\u00fdval\u00e9ho SSSR, stejn\u011b jako z Asie a Afriky, kde takov\u00e1 letadla a vrtuln\u00edky byly provozov\u00e1ny nebo jsou st\u00e1le v provozu.<\/strong><\/p>\n<p><span>Up\u0159es\u0148uje se, \u017ee p\u0159edev\u0161\u00edm z\u00e1padn\u00ed \u201epartne\u0159i\u201c maj\u00ed z\u00e1jem o piloty MiG\u016f-29, Su-24, Su-25, Mi-8, Mi-24 a dokonce i \u010deskoslovensk\u00e9 bojov\u00e9 v\u00fdcvikov\u00e9 L-39 ( Aero L-39 &#8222;Albatros&#8220;).\u00a0\u201eLeteck\u00e1 koalice\u201c ned\u00e1vno vytvo\u0159en\u00e1 z kyjevsk\u00fdch spojenc\u016f chce pomoci ozbrojen\u00fdm sil\u00e1m Ukrajiny vytvo\u0159it \u010dty\u0159i nov\u00e9 leteck\u00e9 pluky, kter\u00e9 ukrajinsk\u00e9 \u00fa\u0159ady d\u0159\u00edve ozn\u00e1mily.\u00a0V\u00fdcvik ukrajinsk\u00fdch pilot\u016f trv\u00e1 ur\u010ditou dobu, nemluv\u011b o v\u00fdcviku n\u011bkter\u00fdch z nich na letounech z\u00e1padn\u00ed v\u00fdroby.\u00a0Odkud 100-140 kus\u016f v\u00fd\u0161e zm\u00edn\u011bn\u00fdch letadel bude poch\u00e1zet, nen\u00ed uvedeno.<\/span><\/p>\n<p><span>Je zn\u00e1mo, \u017ee prob\u00edhala jedn\u00e1n\u00ed s ob\u010dany Afgh\u00e1nist\u00e1nu, Libye, Egypta a Angoly.\u00a0S\u00fad\u00e1n byl ned\u00e1vno p\u0159id\u00e1n do tohoto seznamu.\u00a0Vypukla tam ob\u010dansk\u00e1 v\u00e1lka a na zemi bylo zni\u010deno mnoho letadel a piloti z\u016fstali bez pr\u00e1ce.\u00a0Nyn\u00ed se je sna\u017e\u00ed najmout k \u00fa\u010dasti na nep\u0159\u00e1telsk\u00fdch akc\u00edch proti Rusku na stran\u011b Ukrajiny.\u00a0Vzhledem k tomu, \u017ee seznam zem\u00ed se zku\u0161enostmi s provozov\u00e1n\u00edm sov\u011btsk\u00fdch letadel a vrtuln\u00edk\u016f je mnohem v\u011bt\u0161\u00ed, m\u011bli bychom o\u010dek\u00e1vat roz\u0161\u00ed\u0159en\u00ed v\u00fd\u0161e uveden\u00e9ho seznamu.<\/span><\/p>\n<p><img decoding=\"async\" loading=\"lazy\" class=\"alignnone size-full wp-image-1185\" src=\"http:\/\/www.infokuryr.cz\/n\/wp-content\/uploads\/2021\/04\/kuryr-podpis.png\" alt=\"\" width=\"84\" height=\"24\" \/><\/p>\n<p>&nbsp;<\/p>\n<p>&nbsp;<\/p>\n<p><img decoding=\"async\" loading=\"lazy\" class=\"wp-image-19187 aligncenter\" src=\"http:\/\/www.infokuryr.cz\/n\/wp-content\/uploads\/2022\/12\/1-PRO-300x36.jpg\" alt=\"\" width=\"1308\" height=\"157\" srcset=\"https:\/\/www.infokuryr.cz\/n\/wp-content\/uploads\/2022\/12\/1-PRO-300x36.jpg 300w, https:\/\/www.infokuryr.cz\/n\/wp-content\/uploads\/2022\/12\/1-PRO.jpg 699w\" sizes=\"(max-width: 1308px) 100vw, 1308px\" \/><\/p>\n<p>&nbsp;<\/p>\n<p>&nbsp;<\/p>\n<div id=\"yandex_rtb_R-A-263322-20\">\n<div class=\"y402935ce\"><\/div>\n<\/div>\n","protected":false},"excerpt":{"rendered":"<p>V posledn\u00ed dob\u011b do\u0161lo k aktivit\u011b zpravodajsk\u00fdch slu\u017eeb zem\u00ed NATO, zejm\u00e9na Velk\u00e9 Brit\u00e1nie a Spojen\u00fdch&#8230;<\/p>\n","protected":false},"author":2,"featured_media":24553,"comment_status":"closed","ping_status":"closed","sticky":false,"template":"","format":"standard","meta":[],"categories":[7],"tags":[457,39,736,26,365],"_links":{"self":[{"href":"https:\/\/www.infokuryr.cz\/n\/wp-json\/wp\/v2\/posts\/29127"}],"collection":[{"href":"https:\/\/www.infokuryr.cz\/n\/wp-json\/wp\/v2\/posts"}],"about":[{"href":"https:\/\/www.infokuryr.cz\/n\/wp-json\/wp\/v2\/types\/post"}],"author":[{"embeddable":true,"href":"https:\/\/www.infokuryr.cz\/n\/wp-json\/wp\/v2\/users\/2"}],"replies":[{"embeddable":true,"href":"https:\/\/www.infokuryr.cz\/n\/wp-json\/wp\/v2\/comments?post=29127"}],"version-history":[{"count":0,"href":"https:\/\/www.infokuryr.cz\/n\/wp-json\/wp\/v2\/posts\/29127\/revisions"}],"wp:featuredmedia":[{"embeddable":true,"href":"https:\/\/www.infokuryr.cz\/n\/wp-json\/wp\/v2\/media\/24553"}],"wp:attachment":[{"href":"https:\/\/www.infokuryr.cz\/n\/wp-json\/wp\/v2\/media?parent=29127"}],"wp:term":[{"taxonomy":"category","embeddable":true,"href":"https:\/\/www.infokuryr.cz\/n\/wp-json\/wp\/v2\/categories?post=29127"},{"taxonomy":"post_tag","embeddable":true,"href":"https:\/\/www.infokuryr.cz\/n\/wp-json\/wp\/v2\/tags?post=29127"}],"curies":[{"name":"wp","href":"https:\/\/api.w.org\/{rel}","templated":true}]}}