{"id":29124,"date":"2023-05-31T01:10:27","date_gmt":"2023-05-30T23:10:27","guid":{"rendered":"http:\/\/www.infokuryr.cz\/n\/?p=29124"},"modified":"2023-05-30T17:07:56","modified_gmt":"2023-05-30T15:07:56","slug":"putin-potvrdil-rusky-utok-na-stab-vojenske-rozvedky-ukrajiny","status":"publish","type":"post","link":"https:\/\/www.infokuryr.cz\/n\/2023\/05\/31\/putin-potvrdil-rusky-utok-na-stab-vojenske-rozvedky-ukrajiny\/","title":{"rendered":"Putin potvrdil rusk\u00fd \u00fatok na \u0161t\u00e1b vojensk\u00e9 rozv\u011bdky Ukrajiny"},"content":{"rendered":"<div id=\"fb-root\"><\/div>\n<p><strong>Rusk\u00fd prezident Vladimir Putin ve sv\u00e9m projevu potvrdil, \u017ee rusk\u00e9 s\u00edly provedly \u00fatok na \u0161t\u00e1b ukrajinsk\u00e9 vojensk\u00e9 rozv\u011bdky v Kyjev\u011b. Krom\u011b toho Putin ozna\u010dil \u00fatern\u00ed \u00fatok ukrajinsk\u00fdch dron\u016f na Moskvu za teroristickou \u010dinnost.<\/strong><\/p>\n<p>Podle slov prezidenta Rusk\u00e9 federace Vladimira Putina p\u0159ed p\u00e1r dny rusk\u00fdmi jednotkami byl proveden \u00fatok na \u0161t\u00e1b vojensk\u00e9 rozv\u011bdky Ukrajiny. V reakci na tento \u00fatok se ukrajinsk\u00e1 strana rozhodla vydat cestou zastra\u0161ov\u00e1n\u00ed rusk\u00fdch ob\u010dan\u016f, a sice provedla \u00fatok bezpilotn\u00edmi letouny na obytn\u00e9 domy v Moskv\u011b.<\/p>\n<p>\u201eKyjevsk\u00fd re\u017eim vybral jinou cestu, cestu pokus\u016f zastra\u0161ov\u00e1n\u00ed Ruska, zastra\u0161ov\u00e1n\u00ed rusk\u00fdch ob\u010dan\u016f a \u00fatoky na obytn\u00e9 domy. To je zjevn\u00fd p\u0159\u00edznak teroristick\u00e9 \u010dinnosti. Chci \u0159\u00edct, \u017ee syst\u00e9m protivzdu\u0161n\u00e9 obrany Moskvy zareagoval norm\u00e1ln\u011b, dostate\u010dn\u011b, i kdy\u017e je\u0161t\u011b m\u00e1me nad \u010d\u00edm pracovat,\u201d uvedl Putin.<\/p>\n<p>Rusk\u00fd prezident z\u00e1rove\u0148 poznamenal, \u017ee na rozd\u00edl od Ozbrojen\u00fdch sil Ukrajiny ru\u0161t\u00ed voj\u00e1ci prov\u00e1d\u00ed vysoce p\u0159esn\u00e9 \u00fatoky na objekty vojensk\u00e9 infrastruktury.<\/p>\n<p>\u201eNebyli jsme to my, kdo rozpoutal tuto v\u00e1lku v roce 2014. Kyjevsk\u00fd re\u017eim rozpoutal v\u00e1lku na Donbasu. Nepou\u017e\u00edv\u00e1me n\u00e1stroje, kter\u00e9 pou\u017e\u00edvaj\u00ed ukrajin\u0161t\u00ed hlavouni. N\u00e1zorn\u00fdm p\u0159\u00edkladem je \u00fatok na civiln\u00ed objekty v Moskv\u011b,\u201d uzav\u0159el Putin.<\/p>\n<p><img decoding=\"async\" loading=\"lazy\" class=\"alignnone size-full wp-image-1185\" src=\"http:\/\/www.infokuryr.cz\/n\/wp-content\/uploads\/2021\/04\/kuryr-podpis.png\" alt=\"\" width=\"84\" height=\"24\" \/><\/p>\n<p>&nbsp;<\/p>\n<p>&nbsp;<\/p>\n<p><img decoding=\"async\" loading=\"lazy\" class=\"wp-image-19187 aligncenter\" src=\"http:\/\/www.infokuryr.cz\/n\/wp-content\/uploads\/2022\/12\/1-PRO-300x36.jpg\" alt=\"\" width=\"1300\" height=\"156\" srcset=\"https:\/\/www.infokuryr.cz\/n\/wp-content\/uploads\/2022\/12\/1-PRO-300x36.jpg 300w, https:\/\/www.infokuryr.cz\/n\/wp-content\/uploads\/2022\/12\/1-PRO.jpg 699w\" sizes=\"(max-width: 1300px) 100vw, 1300px\" \/><\/p>\n<p>&nbsp;<\/p>\n<p>&nbsp;<\/p>\n<p>&nbsp;<\/p>\n","protected":false},"excerpt":{"rendered":"<p>Rusk\u00fd prezident Vladimir Putin ve sv\u00e9m projevu potvrdil, \u017ee rusk\u00e9 s\u00edly provedly \u00fatok na \u0161t\u00e1b&#8230;<\/p>\n","protected":false},"author":2,"featured_media":23339,"comment_status":"closed","ping_status":"closed","sticky":false,"template":"","format":"standard","meta":[],"categories":[7],"tags":[2856,102,2924,2703],"_links":{"self":[{"href":"https:\/\/www.infokuryr.cz\/n\/wp-json\/wp\/v2\/posts\/29124"}],"collection":[{"href":"https:\/\/www.infokuryr.cz\/n\/wp-json\/wp\/v2\/posts"}],"about":[{"href":"https:\/\/www.infokuryr.cz\/n\/wp-json\/wp\/v2\/types\/post"}],"author":[{"embeddable":true,"href":"https:\/\/www.infokuryr.cz\/n\/wp-json\/wp\/v2\/users\/2"}],"replies":[{"embeddable":true,"href":"https:\/\/www.infokuryr.cz\/n\/wp-json\/wp\/v2\/comments?post=29124"}],"version-history":[{"count":0,"href":"https:\/\/www.infokuryr.cz\/n\/wp-json\/wp\/v2\/posts\/29124\/revisions"}],"wp:featuredmedia":[{"embeddable":true,"href":"https:\/\/www.infokuryr.cz\/n\/wp-json\/wp\/v2\/media\/23339"}],"wp:attachment":[{"href":"https:\/\/www.infokuryr.cz\/n\/wp-json\/wp\/v2\/media?parent=29124"}],"wp:term":[{"taxonomy":"category","embeddable":true,"href":"https:\/\/www.infokuryr.cz\/n\/wp-json\/wp\/v2\/categories?post=29124"},{"taxonomy":"post_tag","embeddable":true,"href":"https:\/\/www.infokuryr.cz\/n\/wp-json\/wp\/v2\/tags?post=29124"}],"curies":[{"name":"wp","href":"https:\/\/api.w.org\/{rel}","templated":true}]}}