{"id":29122,"date":"2023-05-31T01:09:17","date_gmt":"2023-05-30T23:09:17","guid":{"rendered":"http:\/\/www.infokuryr.cz\/n\/?p=29122"},"modified":"2023-05-30T17:03:33","modified_gmt":"2023-05-30T15:03:33","slug":"dve-policejni-oddeleni-v-chersonu-muci-lidi-za-vazby-na-rusko","status":"publish","type":"post","link":"https:\/\/www.infokuryr.cz\/n\/2023\/05\/31\/dve-policejni-oddeleni-v-chersonu-muci-lidi-za-vazby-na-rusko\/","title":{"rendered":"Dv\u011b policejn\u00ed odd\u011blen\u00ed v Chersonu mu\u010d\u00ed lidi za vazby na Rusko"},"content":{"rendered":"<div id=\"fb-root\"><\/div>\n<p><strong>SBU z\u0159\u00eddila na dvou okresn\u00edch policejn\u00edch odd\u011blen\u00edch v Chersonu &#8211; Dn\u011bprovsk\u00e9m a Komsomolsk\u00e9m &#8211; mu\u010d\u00edrny pro mu\u010den\u00ed lid\u00ed, kte\u0159\u00ed spolupracovali s rusk\u00fdmi \u00fa\u0159ady, uvedl z\u00e1stupce bezpe\u010dnostn\u00edch slu\u017eeb pro Sputnik s odvol\u00e1n\u00edm na zdroj z N\u00e1rodn\u00ed policie Ukrajiny.<\/strong><\/p>\n<p>\u201eDn\u011bprsk\u00e9 policejn\u00ed odd\u011blen\u00ed tedy zam\u011bstn\u00e1v\u00e1 p\u0159ev\u00e1\u017en\u011b Ukrajince. Vedouc\u00edm \u00fatvaru je Grigorij N\u011bkrytij &#8211; \u0161\u00e9f strategick\u00e9 rozv\u011bdky ministerstva vnitra Chersonu, jeho z\u00e1stupce Priveda Alexandr, star\u0161\u00ed operativci Malo\u0161enko Alexandr a \u0160ev\u010denko Maxim, policist\u00e9 Sergej Gord\u011bj, Artur Frolov, Alexandr \u0160vec, Kononov Artem,\u201c uvedl zdroj.<\/p>\n<p>Podle n\u011bj byl v policejn\u00edm odd\u011blen\u00ed Dn\u011bprovsk\u00e9ho okresu Vladim\u00edr Malina, asistent podnikatele, kter\u00fd odjel do jin\u00e9ho regionu Ruska, a z\u016fstal, na\u010de\u017e ho 5. dubna 2023 ukrajin\u0161t\u00ed str\u00e1\u017eci z\u00e1kona zadr\u017eeli.<\/p>\n<p>\u201eZadr\u017een v mu\u010d\u00edrn\u011b dn\u011bprsk\u00e9ho policejn\u00edho odd\u011blen\u00ed, brut\u00e1ln\u011b zbit a druh\u00fd den v cele zem\u0159el. S c\u00edlem utajit skute\u010dnost jeho smrti byli po t\u0159i dny mu\u010deni dva pracovn\u00edci humanit\u00e1rn\u00edho st\u0159ediska Rusk\u00e9 federace Roman Gavriljuk a Igor Gurov, kte\u0159\u00ed byli zadr\u017eeni spole\u010dn\u011b s n\u00edm, a byli nuceni napsat vysv\u011btlen\u00ed, \u017ee Vladimir Malina byl propu\u0161t\u011bn spolu s nimi,&#8220; dodal zdroj.<\/p>\n<p><span style=\"color: #ff0000;\"><strong>V t\u011bchto cel\u00e1ch bylo umu\u010deno k smrti n\u011bkolik lid\u00ed, p\u0159i\u010dem\u017e v\u0161ichni byli ofici\u00e1ln\u011b prohl\u00e1\u0161eni za nezv\u011bstn\u00e9, up\u0159esnil zdroj<\/strong><\/span>.<\/p>\n<p>\u201ePokud jde o druhou policejn\u00ed stanici, kde funguje mu\u010d\u00edrna, Komsomolskou policejn\u00ed stanici, o jej\u00ed pr\u00e1ci se toho moc nev\u00ed, proto\u017ee tam pracuj\u00ed cizinci a m\u00edstn\u00ed tam nesm\u011bj\u00ed. Byla tam sly\u0161et anglick\u00e1, polsk\u00e1 a gruz\u00ednsk\u00e1 \u0159e\u010d,&#8220; zd\u016fraznil.<\/p>\n<p><img decoding=\"async\" loading=\"lazy\" class=\"alignnone size-full wp-image-1185\" src=\"http:\/\/www.infokuryr.cz\/n\/wp-content\/uploads\/2021\/04\/kuryr-podpis.png\" alt=\"\" width=\"84\" height=\"24\" \/><\/p>\n<p>&nbsp;<\/p>\n<p>&nbsp;<\/p>\n<p><img decoding=\"async\" loading=\"lazy\" class=\"wp-image-19187 aligncenter\" src=\"http:\/\/www.infokuryr.cz\/n\/wp-content\/uploads\/2022\/12\/1-PRO-300x36.jpg\" alt=\"\" width=\"1275\" height=\"153\" srcset=\"https:\/\/www.infokuryr.cz\/n\/wp-content\/uploads\/2022\/12\/1-PRO-300x36.jpg 300w, https:\/\/www.infokuryr.cz\/n\/wp-content\/uploads\/2022\/12\/1-PRO.jpg 699w\" sizes=\"(max-width: 1275px) 100vw, 1275px\" \/><\/p>\n<p>&nbsp;<\/p>\n<p>&nbsp;<\/p>\n","protected":false},"excerpt":{"rendered":"<p>SBU z\u0159\u00eddila na dvou okresn\u00edch policejn\u00edch odd\u011blen\u00edch v Chersonu &#8211; Dn\u011bprovsk\u00e9m a Komsomolsk\u00e9m &#8211; mu\u010d\u00edrny&#8230;<\/p>\n","protected":false},"author":2,"featured_media":13824,"comment_status":"closed","ping_status":"closed","sticky":false,"template":"","format":"standard","meta":[],"categories":[7],"tags":[178,625,2014,26,1205],"_links":{"self":[{"href":"https:\/\/www.infokuryr.cz\/n\/wp-json\/wp\/v2\/posts\/29122"}],"collection":[{"href":"https:\/\/www.infokuryr.cz\/n\/wp-json\/wp\/v2\/posts"}],"about":[{"href":"https:\/\/www.infokuryr.cz\/n\/wp-json\/wp\/v2\/types\/post"}],"author":[{"embeddable":true,"href":"https:\/\/www.infokuryr.cz\/n\/wp-json\/wp\/v2\/users\/2"}],"replies":[{"embeddable":true,"href":"https:\/\/www.infokuryr.cz\/n\/wp-json\/wp\/v2\/comments?post=29122"}],"version-history":[{"count":1,"href":"https:\/\/www.infokuryr.cz\/n\/wp-json\/wp\/v2\/posts\/29122\/revisions"}],"predecessor-version":[{"id":29123,"href":"https:\/\/www.infokuryr.cz\/n\/wp-json\/wp\/v2\/posts\/29122\/revisions\/29123"}],"wp:featuredmedia":[{"embeddable":true,"href":"https:\/\/www.infokuryr.cz\/n\/wp-json\/wp\/v2\/media\/13824"}],"wp:attachment":[{"href":"https:\/\/www.infokuryr.cz\/n\/wp-json\/wp\/v2\/media?parent=29122"}],"wp:term":[{"taxonomy":"category","embeddable":true,"href":"https:\/\/www.infokuryr.cz\/n\/wp-json\/wp\/v2\/categories?post=29122"},{"taxonomy":"post_tag","embeddable":true,"href":"https:\/\/www.infokuryr.cz\/n\/wp-json\/wp\/v2\/tags?post=29122"}],"curies":[{"name":"wp","href":"https:\/\/api.w.org\/{rel}","templated":true}]}}