{"id":29113,"date":"2023-05-31T00:58:30","date_gmt":"2023-05-30T22:58:30","guid":{"rendered":"http:\/\/www.infokuryr.cz\/n\/?p=29113"},"modified":"2023-05-30T16:43:36","modified_gmt":"2023-05-30T14:43:36","slug":"zdenek-jemelik-poctenicko-pro-senatory","status":"publish","type":"post","link":"https:\/\/www.infokuryr.cz\/n\/2023\/05\/31\/zdenek-jemelik-poctenicko-pro-senatory\/","title":{"rendered":"Zden\u011bk Jemel\u00edk: Po\u010dten\u00ed\u010dko pro sen\u00e1tory"},"content":{"rendered":"<div id=\"fb-root\"><\/div>\n<p><strong>Sd\u00edl\u00edm \u00fadiv prezidenta republiky nad ne\u00fasp\u011bchem jeho n\u00e1vrhu na jmenov\u00e1n\u00ed soudce Josefa Baxy \u00fastavn\u00edm soudcem. Vzpom\u00edn\u00e1m p\u0159i tom na trapn\u00e9 zach\u00e1zen\u00ed sen\u00e1tor\u016f s n\u00e1vrhem na jmenov\u00e1n\u00ed soudce Jana Sv\u00e1\u010dka \u00fastavn\u00edm soudcem. Podlehli tehdy \u0161pinav\u00e9 \u0161tvanici proti uchaze\u010di a p\u0159ipravili tak \u00dastavn\u00ed soud o b\u00e1je\u010dn\u00e9ho soudce. Nabyl jsem tehdy dojem, \u017ee projedn\u00e1v\u00e1n\u00ed n\u00e1vrhu v sen\u00e1tu m\u016f\u017ee b\u00fdt hra, kter\u00e1 umo\u017e\u0148uje sen\u00e1tor\u016fm nebo jejich \u201eloutkovodi\u010d\u016fm\u201c vypo\u0159\u00e1dat si \u00fa\u010dty s prezidentem nebo s navrhovan\u00fdm kv\u016fli n\u011bjak\u00fdm spor\u016fm, kter\u00e9 nemaj\u00ed vliv na zp\u016fsobilost navrhovan\u00e9ho k v\u00fdkonu funkce. Uchaze\u010d tak mo\u017en\u00e1 je kopac\u00edm m\u00ed\u010dem v z\u00e1pase dvou mocensk\u00fdch lobby, v nich\u017e z\u00e1jem o kvalitn\u00ed obsazen\u00ed \u00dastavn\u00edho soudu je jen z\u00e1stupnou z\u00e1minkou.<\/strong><\/p>\n<p>V\u00fdsledek jedn\u00e1n\u00ed \u00dastavn\u011b pr\u00e1vn\u00edho v\u00fdboru Sen\u00e1tu je pro mne o to p\u0159ekvapiv\u011bj\u0161\u00ed, \u017ee Josef Baxa je v\u00fdrazn\u00e1 osobnost, ve\u0159ejnosti dob\u0159e zn\u00e1m\u00e1, jej\u00ed\u017e zp\u016fsobilost k v\u00fdkonu funkce \u00fastavn\u00edho soudce nebo dokonce p\u0159edsedy \u00dastavn\u00edho soudu se zd\u00e1 b\u00fdt nezpochybniteln\u00e1. Pat\u0159\u00ed k nejv\u00fdznamn\u011bj\u0161\u00edm p\u0159edstavitel\u016fm polistopadov\u00e9ho soudnictv\u00ed. Kam p\u0159i\u0161el, tam za sebou poctivou prac\u00ed zanechal nesmazatelnou stopu. Za\u010dal jsem jej vn\u00edmat, kdy\u017e jako soudce vykon\u00e1val funkci n\u00e1m\u011bstka ministra spravedlnosti. P\u0159ivedl jej tam legend\u00e1rn\u00ed Otakar Motejl. Projevoval se jako brilantn\u00ed pr\u00e1vn\u00edk a byl vst\u0159\u00edcn\u00fd v\u016f\u010di ob\u010dan\u016fm, kte\u0159\u00ed se na n\u011bj obraceli. Nasadil vysokou la\u0165ku \u00farovn\u011b pro sv\u00e9 n\u00e1sledovn\u00edky a mo\u017en\u00e1 t\u00edm otev\u0159el cestu pro skv\u011bl\u00e9ho Vladim\u00edra Kr\u00e1le. Nezapomenutelnou \u00falohu sehr\u00e1l p\u0159i zalo\u017een\u00ed pr\u00e1vnick\u00e9 fakulty v Plzni (s nepravostmi, ke kter\u00fdm tam pozd\u011bji do\u0161lo, nem\u011bl nic spole\u010dn\u00e9ho). A\u010d trestn\u00ed pr\u00e1vn\u00edk, stal se prvn\u00edm p\u0159edsedou Nejvy\u0161\u0161\u00edho spr\u00e1vn\u00edho soudu. Kombinace vynikaj\u00edc\u00ed \u00farovn\u011b pr\u00e1vn\u00edka, obs\u00e1hl\u00e9 mana\u017eersk\u00e9 zku\u0161enosti, n\u00e1zorov\u00e9 vyzr\u00e1losti a osobn\u00ed \u010destnosti jej \u010din\u00ed mimo\u0159\u00e1dn\u011b zp\u016fsobil\u00fdm pro jakoukoli vysokou funkci v resortu spravedlnosti, \u00dastavn\u00ed soud nevyj\u00edmaje. Pokud se stane p\u0159edsedou \u00dastavn\u00edho soudu, ur\u010dit\u011b nepodlehne poku\u0161en\u00ed politick\u00e9ho aktivismu a sou\u010dasn\u011b bude naprosto vzdorn\u00fd proti ovliv\u0148ov\u00e1n\u00ed \u201ez nejvy\u0161\u0161\u00edch m\u00edst\u201c. B\u00fdt prezidentem a cht\u011bje m\u00edt v \u010dele \u00dastavn\u00edho soudu povoln\u00e9ho vykonavatele p\u0159\u00e1n\u00ed, Josefa Baxu bych nejmenoval. Ov\u0161em o jeho soudcovsk\u00e9 spolehlivosti bych nepochyboval.<\/p>\n<p>Sen\u00e1tor\u016fm v\u0159ele doporu\u010duji, aby si p\u0159e\u010detli knihu Hled\u00e1n\u00ed rovnov\u00e1hy aneb \u017divot soudce, kterou Josef Baxa sepsal s Tom\u00e1\u0161em N\u011bme\u010dkem. Jej\u00ed obsah v podstat\u011b podporuje dojmy, kter\u00e9 m\u00e1m z dlouholet\u00e9ho p\u0159\u00edle\u017eitostn\u00e9ho sledov\u00e1n\u00ed jeho kari\u00e9ry i z osobn\u00edho jedn\u00e1n\u00ed a z n\u00e1zor\u016f spole\u010dn\u00fdch p\u0159\u00e1tel, kte\u0159\u00ed mi jsou autoritou.<\/p>\n<p>Jsem zdr\u017eenliv\u011bj\u0161\u00ed v n\u00e1zoru na odm\u00edtnut\u00ed Daniely Zemanov\u00e9. T\u00e9zi barona de Montesquieu o rovnocennosti t\u0159\u00ed sloup\u016f st\u00e1tn\u00ed moci pova\u017euji za st\u0159edov\u011bk\u00fd blud a odm\u00edt\u00e1m n\u00e1rok politizuj\u00edc\u00edch soudc\u016f na nad\u0159azenost jejich kasty nad ostatn\u00ed ob\u010dany. Nez\u00e1visle na tom ale pova\u017euji zaji\u0161t\u011bn\u00ed rozhodovac\u00ed nez\u00e1vislosti soudc\u016f za nezbytn\u00fd atribut pr\u00e1vn\u00edho st\u00e1tu. Daniela Zemanov\u00e1 se jako p\u0159edsedkyn\u011b Soudcovsk\u00e9 unie se mi jevila jako zast\u00e1nkyn\u011b nad\u0159azenosti soudcovsk\u00e9 kasty. Nav\u00edc s n\u00ed m\u00e1m osobn\u00ed zku\u0161enost. Vedl jsem s n\u00ed spor kv\u016fli zp\u016fsobu, jak\u00fdm nalo\u017eila s mou \u017e\u00e1dost\u00ed podle z\u00e1kona o svobodn\u00e9m p\u0159\u00edstupu k informac\u00edm. Ministerstvo spravedlnosti mi jako st\u00ed\u017enostn\u00ed org\u00e1n dalo za pravdu a p\u0159ik\u00e1zalo soudu, aby mou \u017e\u00e1dost projednal znova. M\u011blo to pouze malou vadu kr\u00e1sy: ne\u017e ministerstvo po n\u011bkolika m\u011bs\u00edc\u00edch od pod\u00e1n\u00ed o m\u00e9 st\u00ed\u017enosti rozhodlo, proces, kv\u016fli n\u011bmu\u017e jsem se do\u017eadoval vysv\u011btlen\u00ed, skon\u010dil pravomocn\u00fdm zpro\u0161\u0165uj\u00edc\u00edm rozsudkem, tak\u017ee u\u017e nebylo o \u010dem jednat. T\u00edm nezpochyb\u0148uji jej\u00ed pr\u00e1vnick\u00e9 kvality a nevylu\u010duji, \u017ee by jako vyklada\u010dka souladu rozhodnut\u00ed obecn\u00fdch soud\u016f s \u00fastavn\u00edm pr\u00e1vem mohla pod\u00e1vat perfektn\u00ed v\u00fdkony.<\/p>\n<p>P\u0159\u00edpadn\u00e9 \u010dten\u00e1\u0159e upozor\u0148uji, \u017ee jsem laik a podle n\u00e1zoru jednoho v\u00fdznamn\u00e9ho p\u0159edstavitele st\u00e1tn\u00ed moci m\u00e1 stanoviska jsou \u201ejakob\u00ednsk\u00e1\u201c.<\/p>\n<p><strong>Zden\u011bk Jemel\u00edk<\/strong><\/p>\n<p><img decoding=\"async\" loading=\"lazy\" class=\"alignnone size-medium wp-image-357\" src=\"http:\/\/www.infokuryr.cz\/n\/wp-content\/uploads\/2021\/04\/Jemelik-u-soudu-300x145.jpeg\" alt=\"\" width=\"300\" height=\"145\" srcset=\"https:\/\/www.infokuryr.cz\/n\/wp-content\/uploads\/2021\/04\/Jemelik-u-soudu-300x145.jpeg 300w, https:\/\/www.infokuryr.cz\/n\/wp-content\/uploads\/2021\/04\/Jemelik-u-soudu.jpeg 320w\" sizes=\"(max-width: 300px) 100vw, 300px\" \/><\/p>\n<p>______________________________<\/p>\n<p>&nbsp;<\/p>\n<p>&nbsp;<\/p>\n<p><img decoding=\"async\" loading=\"lazy\" class=\"wp-image-19187 aligncenter\" src=\"http:\/\/www.infokuryr.cz\/n\/wp-content\/uploads\/2022\/12\/1-PRO-300x36.jpg\" alt=\"\" width=\"1283\" height=\"154\" srcset=\"https:\/\/www.infokuryr.cz\/n\/wp-content\/uploads\/2022\/12\/1-PRO-300x36.jpg 300w, https:\/\/www.infokuryr.cz\/n\/wp-content\/uploads\/2022\/12\/1-PRO.jpg 699w\" sizes=\"(max-width: 1283px) 100vw, 1283px\" \/><\/p>\n<p>&nbsp;<\/p>\n<p>&nbsp;<\/p>\n","protected":false},"excerpt":{"rendered":"<p>Sd\u00edl\u00edm \u00fadiv prezidenta republiky nad ne\u00fasp\u011bchem jeho n\u00e1vrhu na jmenov\u00e1n\u00ed soudce Josefa Baxy \u00fastavn\u00edm soudcem&#8230;.<\/p>\n","protected":false},"author":2,"featured_media":1627,"comment_status":"closed","ping_status":"closed","sticky":false,"template":"","format":"standard","meta":[],"categories":[6],"tags":[29,2237,164,2017,5091],"_links":{"self":[{"href":"https:\/\/www.infokuryr.cz\/n\/wp-json\/wp\/v2\/posts\/29113"}],"collection":[{"href":"https:\/\/www.infokuryr.cz\/n\/wp-json\/wp\/v2\/posts"}],"about":[{"href":"https:\/\/www.infokuryr.cz\/n\/wp-json\/wp\/v2\/types\/post"}],"author":[{"embeddable":true,"href":"https:\/\/www.infokuryr.cz\/n\/wp-json\/wp\/v2\/users\/2"}],"replies":[{"embeddable":true,"href":"https:\/\/www.infokuryr.cz\/n\/wp-json\/wp\/v2\/comments?post=29113"}],"version-history":[{"count":0,"href":"https:\/\/www.infokuryr.cz\/n\/wp-json\/wp\/v2\/posts\/29113\/revisions"}],"wp:featuredmedia":[{"embeddable":true,"href":"https:\/\/www.infokuryr.cz\/n\/wp-json\/wp\/v2\/media\/1627"}],"wp:attachment":[{"href":"https:\/\/www.infokuryr.cz\/n\/wp-json\/wp\/v2\/media?parent=29113"}],"wp:term":[{"taxonomy":"category","embeddable":true,"href":"https:\/\/www.infokuryr.cz\/n\/wp-json\/wp\/v2\/categories?post=29113"},{"taxonomy":"post_tag","embeddable":true,"href":"https:\/\/www.infokuryr.cz\/n\/wp-json\/wp\/v2\/tags?post=29113"}],"curies":[{"name":"wp","href":"https:\/\/api.w.org\/{rel}","templated":true}]}}