{"id":29112,"date":"2023-05-31T01:03:55","date_gmt":"2023-05-30T23:03:55","guid":{"rendered":"http:\/\/www.infokuryr.cz\/n\/?p=29112"},"modified":"2023-05-30T16:39:13","modified_gmt":"2023-05-30T14:39:13","slug":"jiri-paroubek-zavlecou-cesko-do-valky","status":"publish","type":"post","link":"https:\/\/www.infokuryr.cz\/n\/2023\/05\/31\/jiri-paroubek-zavlecou-cesko-do-valky\/","title":{"rendered":"Ji\u0159\u00ed Paroubek: Zavle\u010dou \u010cesko do v\u00e1lky?"},"content":{"rendered":"<div id=\"fb-root\"><\/div>\n<p><strong>Ned\u00e1vn\u00e9 zasa\u017een\u00ed skladu munice s n\u00e1pln\u00ed s ochuzen\u00e9ho uranu v Chmelnick\u00e9m na Ukrajin\u011b, o kter\u00e9m jsem informoval ve sv\u00e9m \u010dl\u00e1nku, vzbudilo velkou pozornost.<\/strong><\/p>\n<p>Dod\u00e1v\u00e1m, \u017ee munice dodan\u00e1 Brit\u00e1ni\u00ed pro tanky Leopard a Marder s ochuzen\u00fdm uranem je \u00fa\u010dinn\u011bj\u0161\u00ed pro pror\u00e1\u017een\u00ed panc\u00ed\u0159\u016f tank\u016f a jin\u00fdch obrn\u011bn\u00fdch vozidel, byla u\u017e d\u0159\u00edve pou\u017eita v Jugosl\u00e1vii a pozd\u011bji v Ir\u00e1ku, i kdy\u017e to podle m\u00e9ho n\u00e1zoru zakazuje \u017denevsk\u00e1 konvence.<\/p>\n<p>P\u0159i vzn\u00edcen\u00ed uranu a explozi n\u00e1boj\u016f s uranem ve v\u011bt\u0161\u00edm mno\u017estv\u00ed, ke kter\u00e9mu z\u0159ejm\u011b do\u0161lo v Chmelnick\u00e9m m\u00e1 za n\u00e1sledek \u00fanik radioaktivn\u00edch jedovat\u00fdch mikro\u010d\u00e1stic, kter\u00e9 se rozptyluj\u00ed a ve form\u011b jemn\u00e9ho prachu se p\u0159en\u00e1\u0161ej\u00ed ovzdu\u0161\u00edm.<\/p>\n<p>Zasa\u017een\u00ed tohoto vojensk\u00e9ho skladu sv\u011bd\u010d\u00ed o tom, \u017ee rusk\u00e1 arm\u00e1da m\u00e1 p\u0159esn\u00fd p\u0159ehled o p\u0159eprav\u011b zbran\u00ed a munice ze zem\u00ed NATO na ukrajinsk\u00e9 \u00fazem\u00ed a po n\u011bm. Ukazuje to d\u00e1le, \u017ee Rusko je schopno zasahovat c\u00edle velmi p\u0159esn\u011b a nelze se zbavit dojmu i ur\u010dit\u00e9 komplexity p\u0159\u00edstupu rusk\u00fdch pl\u00e1nova\u010d\u016f \u00fatok\u016f, kte\u0159\u00ed k \u00fatoku dali pokyn a\u017e v okam\u017eiku, kdy v\u00edtr v\u00e1l z\u00e1padn\u00edm sm\u011brem. Tedy, kdy bylo jasn\u00e9, \u017ee radioaktivn\u00ed jedovat\u00fd prach bude un\u00e1\u0161en k polsk\u00fdm a ne k rusk\u00fdm hranic\u00edm.<\/p>\n<p>V minul\u00e9m t\u00fddnu Kyjev z\u0159ejm\u011b definitivn\u011b ztratil Bachmut a\u00a0 chybn\u00fdm strategick\u00fdm rozhodnut\u00edm p\u0159\u00edmo prezidenta Zelensk\u00e9ho se dostal do situace, \u017ee nejkvalitn\u011bj\u0161\u00ed ukrajin\u0161t\u00ed voj\u00e1ci byli pr\u00e1v\u011b p\u0159i obran\u011b tohoto ne zvl\u00e1\u0161t\u011b strategick\u00e9ho m\u011bsta hromadn\u011b vy\u0159azov\u00e1ni z boje Rusy.<\/p>\n<p>V minul\u00e9m t\u00fddnu b\u00fdval\u00fd velitel sil NATO v Evrop\u011b gener\u00e1l Skirreff varoval, \u017ee pokud Z\u00e1pad nezv\u00fd\u0161\u00ed svou podporu Ukrajiny, bude se muset st\u0159etnout s Ruskem s\u00e1m. Na to logicky v\u010dera nav\u00e1zal ve sn\u011bmovn\u011b n\u00e1\u010deln\u00edk gener\u00e1ln\u00edho \u0161t\u00e1bu \u010desk\u00e9 arm\u00e1dy \u0158ehka, kdy\u017e prohl\u00e1sil na semin\u00e1\u0159i, \u017ee v\u00e1le\u010dn\u00fd st\u0159et mezi Ruskem a NATO je mo\u017en\u00fd. Je z\u0159ejm\u00e9, \u017ee generalita NATO,\u00a0 v\u010detn\u011b generality \u010desk\u00e9 pova\u017euje za jedin\u011b mo\u017en\u00fd v\u00fdsledek konfliktu v\u00edt\u011bzstv\u00ed Ukrajiny a por\u00e1\u017eku Ruska. Do jak\u00e9 m\u00edry je to re\u00e1ln\u00e9 a realistick\u00e9, nev\u00edm.<\/p>\n<p>Pokud jde o dod\u00e1vku st\u00edhac\u00edch bombard\u00e9r\u016f F-16 Ukrajin\u011b, tak tu ji\u017e p\u0159isl\u00edbily jak USA, tak n\u011bkter\u00e9 evropsk\u00e9 zem\u011b. A to v\u010detn\u011b v\u00fdcviku pilot\u016f.<\/p>\n<p>P\u0159in\u00e1\u0161\u00ed to zcela z\u00e1sadn\u00ed rizika i pro \u010ceskou republiku. V r\u00e1mci logistiky a technick\u00e9 p\u0159ipravenosti leti\u0161\u0165, v\u010detn\u011b jejich person\u00e1lu bude nutn\u00e9 p\u0159ipravit pro tato letadla co nejv\u00edc leti\u0161\u0165 s n\u00e1hradn\u00edmi d\u00edly. V podm\u00ednk\u00e1ch v\u00e1le\u010dn\u00e9ho konfliktu je to nevyhnuteln\u00e9.<\/p>\n<p>Z toho ov\u0161em plyne, \u017ee letouny budou muset b\u00fdt opravov\u00e1ny a p\u0159ipravov\u00e1ny na bojov\u00e9 mise v okoln\u00edch zem\u00edch a z leti\u0161\u0165 v zahrani\u010d\u00ed se budou vypravovat na Ukrajinu a pot\u00e9 se op\u011bt vracet. Prost\u011b Ukrajina z\u0159ejm\u011b nen\u00ed schopna zajistit pro tyto st\u00edhac\u00ed bombard\u00e9ry kvalitn\u00ed vlastn\u00ed leti\u0161t\u011b. A kter\u00e1 leti\u0161t\u011b p\u0159ipadaj\u00ed v \u00favahu? Samoz\u0159ejm\u011b v Polsku, ale tak\u00e9 na Slovensku, v Pobalt\u00ed, ale rovn\u011b\u017e v \u010cesk\u00e9 republice. Mluvme na rovinu, jak to je.<\/p>\n<p>Podle smlouvy podepsan\u00e9 \u010cernochovou a zat\u00edm neschv\u00e1len\u00e9 parlamentem m\u00e1me de facto vydat do rukou arm\u00e1dy USA na\u0161e vojensk\u00e1 leti\u0161t\u011b a v\u00fdcvikov\u00e9 prostory. A na na\u0161em \u00fazem\u00ed, tam, kde budou operovat Ameri\u010dan\u00e9, d\u00e1v\u00e1me arm\u00e1d\u011b USA ve\u0161ker\u00e9 pravomoci. A to bez kontroly a bez mo\u017enosti jak\u00fdm zp\u016fsobem je bude arm\u00e1da USA vyu\u017e\u00edvat. A co k n\u00e1m bude p\u0159epravovat a v jak\u00e9m po\u010dtu. Podle smlouvy \u010dinnost americk\u00e9 arm\u00e1dy a jejich voj\u00e1k\u016f na na\u0161em \u00fazem\u00ed nepodl\u00e9h\u00e1 na\u0161im soud\u016fm a nebude se \u0159\u00eddit na\u0161\u00ed legislativou.<\/p>\n<p>Je nutn\u00e9 ch\u00e1pat, \u017ee v p\u0159\u00edpad\u011b eskalace konfliktu na Ukrajin\u011b, a tou eskalac\u00ed nepochybn\u011b bude nasazen\u00ed st\u00edhac\u00edch bombard\u00e9r\u016f F-16 na Ukrajin\u011b, m\u016f\u017ee Rusko odvetou rozhodnout o nasazen\u00ed taktick\u00fdch jadern\u00fdch raket. A pokud budou zapojena i \u010desk\u00e1 leti\u0161t\u011b, m\u016f\u017ee to b\u00fdt i v\u016f\u010di nim. Tedy v\u016f\u010di leti\u0161t\u00edm, pokud tam budou americk\u00e9 vojensk\u00e9 z\u00e1kladny s muni\u010dn\u00edmi sklady a vojensk\u00e1 leti\u0161t\u011b pro lety st\u00edha\u010dek F-16.<\/p>\n<p>Z\u0159ejm\u011b nikdy od kub\u00e1nsk\u00e9 krize nebylo riziko st\u0159etu Z\u00e1padu s Ruskem tak velk\u00e9 jako nyn\u00ed.<\/p>\n<p>Nastal \u010das na protestn\u00ed akce proti t\u00e9to smlouv\u011b. Ve vl\u00e1dn\u00edch a zpravodajsk\u00fdch kruz\u00edch \u010ceska se u\u017e p\u0159edem vytv\u00e1\u0159\u00ed hysterick\u00e1 atmosf\u00e9ra proti v\u0161em ob\u010dan\u016fm, kte\u0159\u00ed jsou proti t\u00e9to vojensk\u00e9 smlouv\u011b. Doch\u00e1z\u00ed k dehonestaci a otev\u0159en\u00e9mu zastra\u0161ov\u00e1n\u00ed ob\u010dan\u016f s t\u00edmto n\u00e1zorem.<\/p>\n<p>\u0160\u00e9f BIS, Koudelka, mluv\u00ed otev\u0159en\u011b v souvislosti s odp\u016frci smlouvy o rusk\u00e9 P\u00e1t\u00e9 kolon\u011b a jin\u00fdch hloupostech. Nev\u00edm, pro\u010d by m\u011bl pokojn\u00fd ob\u010dan, kter\u00fd zde nechce vojska ciz\u00edho st\u00e1tu natrvalo um\u00edst\u011bna, b\u00fdt charakterizov\u00e1n jako rusk\u00fd troll. To a\u0165 si pan gener\u00e1l nech\u00e1 pro n\u011bkoho jin\u00e9ho. A v\u016fbec je divn\u00e9, \u017ee \u0161\u00e9f kontrarozv\u011bdky, nejv\u00fdznamn\u011bj\u0161\u00ed zpravodajsk\u00e9 slu\u017eby v \u010cesku, nen\u00ed schopen b\u00fdt n\u011bkde diskr\u00e9tn\u011b v z\u00e1v\u011bt\u0159\u00ed. Jeho osobu by ani lid\u00e9 nem\u011bli zn\u00e1t a on by se m\u011bl dr\u017eet zp\u00e1tky a nesna\u017eit se d\u011blat ze sebe medi\u00e1ln\u00ed celebritu a neust\u00e1le znepokojovat \u010desk\u00e9 obyvatelstvo p\u0159in\u00e1\u0161en\u00edm dal\u0161\u00edch a dal\u0161\u00edch d\u011bsiv\u00fdch zpr\u00e1v, kter\u00e9 se vesm\u011bs nenapl\u0148uj\u00ed.<\/p>\n<p><a href=\"https:\/\/vasevec.info\/komentare\/zavlecou-cesko-do-valky\">Ji\u0159\u00ed Paroubek<\/a><\/p>\n<p><img decoding=\"async\" loading=\"lazy\" class=\"alignnone size-medium wp-image-2342\" src=\"http:\/\/www.infokuryr.cz\/n\/wp-content\/uploads\/2021\/06\/paroubek-300x208.jpg\" alt=\"\" width=\"300\" height=\"208\" srcset=\"https:\/\/www.infokuryr.cz\/n\/wp-content\/uploads\/2021\/06\/paroubek-300x208.jpg 300w, https:\/\/www.infokuryr.cz\/n\/wp-content\/uploads\/2021\/06\/paroubek.jpg 318w\" sizes=\"(max-width: 300px) 100vw, 300px\" \/><\/p>\n<p>_____________________________<\/p>\n<p>&nbsp;<\/p>\n<p>&nbsp;<\/p>\n<p><img decoding=\"async\" loading=\"lazy\" class=\"wp-image-19187 aligncenter\" src=\"http:\/\/www.infokuryr.cz\/n\/wp-content\/uploads\/2022\/12\/1-PRO-300x36.jpg\" alt=\"\" width=\"1308\" height=\"157\" srcset=\"https:\/\/www.infokuryr.cz\/n\/wp-content\/uploads\/2022\/12\/1-PRO-300x36.jpg 300w, https:\/\/www.infokuryr.cz\/n\/wp-content\/uploads\/2022\/12\/1-PRO.jpg 699w\" sizes=\"(max-width: 1308px) 100vw, 1308px\" \/><\/p>\n<p>&nbsp;<\/p>\n<p>&nbsp;<\/p>\n","protected":false},"excerpt":{"rendered":"<p>Ned\u00e1vn\u00e9 zasa\u017een\u00ed skladu munice s n\u00e1pln\u00ed s ochuzen\u00e9ho uranu v Chmelnick\u00e9m na Ukrajin\u011b, o kter\u00e9m&#8230;<\/p>\n","protected":false},"author":2,"featured_media":23876,"comment_status":"closed","ping_status":"closed","sticky":false,"template":"","format":"standard","meta":[],"categories":[6],"tags":[146,506,29,187,4632,122,40],"_links":{"self":[{"href":"https:\/\/www.infokuryr.cz\/n\/wp-json\/wp\/v2\/posts\/29112"}],"collection":[{"href":"https:\/\/www.infokuryr.cz\/n\/wp-json\/wp\/v2\/posts"}],"about":[{"href":"https:\/\/www.infokuryr.cz\/n\/wp-json\/wp\/v2\/types\/post"}],"author":[{"embeddable":true,"href":"https:\/\/www.infokuryr.cz\/n\/wp-json\/wp\/v2\/users\/2"}],"replies":[{"embeddable":true,"href":"https:\/\/www.infokuryr.cz\/n\/wp-json\/wp\/v2\/comments?post=29112"}],"version-history":[{"count":0,"href":"https:\/\/www.infokuryr.cz\/n\/wp-json\/wp\/v2\/posts\/29112\/revisions"}],"wp:featuredmedia":[{"embeddable":true,"href":"https:\/\/www.infokuryr.cz\/n\/wp-json\/wp\/v2\/media\/23876"}],"wp:attachment":[{"href":"https:\/\/www.infokuryr.cz\/n\/wp-json\/wp\/v2\/media?parent=29112"}],"wp:term":[{"taxonomy":"category","embeddable":true,"href":"https:\/\/www.infokuryr.cz\/n\/wp-json\/wp\/v2\/categories?post=29112"},{"taxonomy":"post_tag","embeddable":true,"href":"https:\/\/www.infokuryr.cz\/n\/wp-json\/wp\/v2\/tags?post=29112"}],"curies":[{"name":"wp","href":"https:\/\/api.w.org\/{rel}","templated":true}]}}