{"id":29108,"date":"2023-05-31T01:01:10","date_gmt":"2023-05-30T23:01:10","guid":{"rendered":"http:\/\/www.infokuryr.cz\/n\/?p=29108"},"modified":"2023-05-30T16:15:59","modified_gmt":"2023-05-30T14:15:59","slug":"nedelnik-adama-b-bartose-135-nad-hrobem-karla-kramare","status":"publish","type":"post","link":"https:\/\/www.infokuryr.cz\/n\/2023\/05\/31\/nedelnik-adama-b-bartose-135-nad-hrobem-karla-kramare\/","title":{"rendered":"NED\u011aLN\u00cdK ADAMA B. BARTO\u0160E (135) NAD HROBEM KARLA KRAM\u00c1\u0158E"},"content":{"rendered":"<div id=\"fb-root\"><\/div>\n<p><strong>V\u00e1\u017een\u00e9 kolegyn\u011b, v\u00e1\u017een\u00ed kolegov\u00e9,<\/strong><\/p>\n<p>Karel Kram\u00e1\u0159 se ve sv\u00e9 politice op\u00edral o siln\u00e9 Rusko. Pozd\u011bji, kdy\u017e Z\u00e1pad zapo\u010dal rozklad Ruska skrze importovanou bol\u0161evickou revoluci, se op\u00edral alespo\u0148 o p\u0159edstavu siln\u00e9ho Ruska, jak\u00e9 by bylo, kdyby se ho poda\u0159ilo od bol\u0161evick\u00e9ho jha zachr\u00e1nit. Dokonce o tom sp\u0159\u00e1dal politick\u00e9 pl\u00e1ny, jak by se to mohlo, i s pomoc\u00ed na\u0161ich zem\u00ed, poda\u0159it. Ostatn\u00ed politick\u00e9 strany se op\u00edraly o Z\u00e1pad, a to v\u0161echny (samoz\u0159ejm\u011b vyjma KS\u010c, kter\u00e1 naopak bol\u0161evickou revoluci v Rusku v\u00edtala). Postaven\u00ed N\u00e1rodn\u00ed demokracie bylo tedy unik\u00e1tn\u00ed \u2013 jak p\u0159ed prvn\u00ed sv\u011btovou v\u00e1lkou (samoz\u0159ejm\u011b pod jin\u00fdm n\u00e1zvem), tak b\u011bhem n\u00ed i po n\u00ed byla tato strana p\u0159\u00e1telsk\u00e1 v\u016f\u010di Rusku, vid\u011bla v n\u011bm siln\u00e9ho slovansk\u00e9ho spojence. Kram\u00e1\u0159 se netajil t\u00edm, \u017ee by se cht\u011bl p\u0159imknout \u2013 \u0159e\u010deno s J\u00e1nem Koll\u00e1rem \u2013 k \u201esiln\u00e9mu rusk\u00e9mu dubisku\u201c. Z toho d\u016fvodu ho n\u011bkte\u0159\u00ed historici ozna\u010duj\u00ed za sn\u00edlka, idealistu. P\u0159itom to byl pragmatik.<\/p>\n<p>Kram\u00e1\u0159 podv\u011bdom\u011b tu\u0161il, \u017ee n\u00e1s Z\u00e1pad zrad\u00ed, co\u017e se tak\u00e9 stalo. Na\u0161t\u011bst\u00ed se toho nedo\u017eil. Jeho koncepce (orientovat vznikaj\u00edc\u00ed \u010ceskoslovensko na Rusko) nebyla v\u016fbec \u0161patn\u00e1 a myln\u00e1 \u2013 byla naopak a\u017e p\u0159\u00edli\u0161 dobr\u00e1, tak\u017ee musela b\u00fdt \u2013 za pomoci z\u00e1padn\u00edch zpravodajsk\u00fdch slu\u017eeb \u2013 korigov\u00e1na, respektive byla aktivov\u00e1na alternativn\u00ed koncepce orientace na Velkou Brit\u00e1nii, jej\u00edm\u017e p\u0159edstavitelem, a to ne p\u0159irozen\u00fdm, ale britskou rozv\u011bdkou naverbovan\u00fdm, se stal Tom\u00e1\u0161 G. Masaryk. Dob\u0159e o tom p\u00ed\u0161e Josef Kalvoda ve sv\u00e9 v\u00fdborn\u00e9 knize Genese \u010ceskoslovenska. Tato koncepce nakonec z\u00edskala podporu Z\u00e1padu, a proto \u0161el v\u00fdvoj v \u010ceskoslovensku sm\u011brem, jak\u00fdm \u0161el \u2013 z\u00edskali jsme sice form\u00e1ln\u011b samostatnost, ale byli jsme pod\u0159\u00edzeni, ekonomicky a politicky, Z\u00e1padu.<\/p>\n<p>Kram\u00e1\u0159 tedy nebyl sn\u00edlek, naopak byl realista (ale ne realista v Masarykov\u011b pojet\u00ed), a to, \u017ee zv\u00edt\u011bzila proz\u00e1padn\u00ed orientace \u010cSR, ovlivnit nemohl. Cel\u00e1 v\u011bc je o to paradoxn\u011bj\u0161\u00ed, \u017ee jeho politick\u00fd soupe\u0159 \u2013 Edvard Bene\u0161 \u2013 kter\u00fd Z\u00e1pad v\u017edy glorifikoval, byl po trpk\u00e9 zku\u0161enosti s Mnichovskou zradou ochoten obr\u00e1tit se na pomoc k Rusku. L\u00e9pe \u0159e\u010deno, tehdy u\u017e Sov\u011btsk\u00e9mu svazu. Bylo to sice bol\u0161evick\u00e9 Rusko (co Kram\u00e1\u0159ovi vadilo a co Bene\u0161ovi vy\u010d\u00edtal \u2013 \u017ee bol\u0161evismu nijak neodporoval), ale v t\u00e9 dob\u011b u\u017e veden\u00e9 Stalinem, tedy Rusko \u00fasp\u011b\u0161n\u011b vzdoruj\u00edc\u00ed agresi Z\u00e1padu, rozum\u011bj nacistick\u00e9mu Drang nach Osten. Tedy \u2013 m\u016f\u017eeme s jistou m\u00edrou zjednodu\u0161en\u00ed \u0159\u00edci \u2013 \u017ee Bene\u0161 posl\u00e9ze dal Kram\u00e1\u0159ovi, by\u0165 samoz\u0159ejm\u011b nep\u0159iznan\u011b, za pravdu, kdy\u017e orientoval pov\u00e1le\u010dn\u00e9 \u010ceskoslovensko na siln\u00e9ho slovansk\u00e9ho spojence. D\u00edky Sov\u011btsk\u00e9mu svazu bylo \u010ceskoslovensko osvobozeno (z\u00e1padn\u00ed spojenci se zmohli jen na bombardov\u00e1n\u00ed na\u0161ich m\u011bst) a byl to tak\u00e9 Sov\u011btsk\u00fd svaz, kter\u00fd \u2013 a tento stav trv\u00e1 dodnes \u2013 garantuje na\u0161e pov\u00e1le\u010dn\u00e9 hranice a v\u016fbec existenci na\u0161eho st\u00e1tu. Proto m\u016f\u017eeme \u0159\u00edci, \u017ee i cel\u00fd pov\u00e1le\u010dn\u00fd v\u00fdvoj dal Kram\u00e1\u0159ovi za pravdu.<\/p>\n<p>V Bene\u0161ov\u011b pov\u00e1le\u010dn\u00e9 etap\u011b se tedy sv\u00fdm zp\u016fsobem naplnilo Kram\u00e1\u0159ovo p\u0159\u00e1n\u00ed st\u00e1t se sou\u010d\u00e1st\u00ed slovansk\u00e9ho t\u00e1bora. Kdyby tehdy \u017eil, musel by Kram\u00e1\u0159 spolknout ho\u0159kou pilulku toho, \u017ee to nebylo ji\u017e b\u00edl\u00e9 Rusko, ale Rusko rud\u00e9, a \u017ee tedy touto rudou byl onen slovansk\u00fd t\u00e1bor ovl\u00e1d\u00e1n. Ale podstata z\u016fstala zachov\u00e1na \u2013 byli jsme sou\u010d\u00e1st\u00ed rodiny slovansk\u00fdch n\u00e1rod\u016f. Nav\u00edc mus\u00edme rozli\u0161ovat mezi Trock\u00e9ho sionistick\u00fdm internacionalismem a jeho nekone\u010dnou revoluc\u00ed a Stalinovou ideou budov\u00e1n\u00ed Ruska. Jin\u00fdmi slovy, i v Rusku mezit\u00edm zv\u00edt\u011bzil sm\u011br, kter\u00fd byl \u2013 na rozd\u00edl od bol\u0161evismu sv\u00fdch zakladatel\u016f \u2013 nez\u00e1visl\u00fd na Z\u00e1pad\u011b.<\/p>\n<p>Proto je tak bl\u00e1hov\u00e1 a sebevra\u017eedn\u00e1 politika nyn\u011bj\u0161\u00ed vl\u00e1dy, kter\u00e1 n\u00e1s zatahuje do v\u00e1lky s Ruskem a kter\u00e1 zp\u016fsobila, \u017ee se \u010cR stala, vedle USA, Rusku nep\u0159\u00e1telsk\u00fdm st\u00e1tem \u010d. 2. Je to smutn\u00e9 a Kram\u00e1\u0159 by to pova\u017eoval za velkou trag\u00e9dii.<\/p>\n<p>Paradoxn\u011b a\u017e v roce 1989, kdy jsme byli v r\u00e1mci hanebn\u00fdch politick\u00fdch handl\u016f p\u0159edhozeni Z\u00e1padu jako ko\u0159ist k ohlod\u00e1n\u00ed, do\u0161lo k nav\u00e1z\u00e1n\u00ed na prvorepulikovou tradici pod\u0159\u00edzen\u00ed se Z\u00e1padu. Proto\u017ee Sov\u011btsk\u00fd svaz prohr\u00e1l studenou \u2013 tedy informa\u010dn\u00ed v\u00e1lku \u2013 se Z\u00e1padem, bylo to pro n\u00e1s tehdy l\u00e1kav\u00e9 a myln\u011b jsme si mysleli, \u017ee je to v\u00edt\u011bzstv\u00ed svobody. Ve skute\u010dnosti jsme se nestali ani protektor\u00e1tem Z\u00e1padu, ale n\u011b\u010d\u00edm je\u0161t\u011b hor\u0161\u00edm: pouhou koloni\u00ed protektor\u00e1tu (N\u011bmecko je protektor\u00e1t USA a my jsme koloni\u00ed N\u011bmecka, toho N\u011bmecka, kter\u00e9 n\u00e1s cht\u011blo vymazat z historie. O to je na\u0161e postaven\u00ed hanebn\u011bj\u0161\u00ed a nuzn\u011bj\u0161\u00ed). A dnes dokonce spolu s t\u00edmto N\u011bmeckem a jeho okupantem, Spojen\u00fdmi st\u00e1ty, vedeme v\u00e1lku proti Rusku, kter\u00e9 n\u00e1s kdysi osvobodilo.<\/p>\n<p>V\u00e1lka na Ukrajin\u011b toto pod\u0159\u00edzen\u00ed se na\u0161\u00ed zem\u011b Z\u00e1padu podtrhla, odhalila v pln\u00e9m rozsahu, v pln\u00e9 nahot\u011b. V na\u0161em n\u00e1rodn\u00edm z\u00e1jmu v\u016fbec nen\u00ed v\u00e9st v\u00e1lku s Ruskem, ale p\u0159esto tak \u010din\u00edme. Nebo je\u0161t\u011b p\u0159esn\u011bji \u2013 je to Z\u00e1pad, kter\u00fd tu v\u00e1lku s Ruskem vede za na\u0161e pen\u00edze, na\u0161imi zbran\u011bmi, na\u0161ima rukama. Z na\u0161ich kapes a z na\u0161ich dan\u00ed se financuje americk\u00e9 v\u00e1le\u010dn\u00e9 dobrodru\u017estv\u00ed, kter\u00e9 je nav\u00edc nam\u00ed\u0159en\u00e9 proti na\u0161emu b\u00fdval\u00e9mu spojenci a osvoboditeli. Mohli bychom vymyslet v\u011bt\u0161\u00ed paradox? V\u011bt\u0161\u00ed politick\u00fd nesmysl?<\/p>\n<p>Co by na to Kram\u00e1\u0159, kter\u00fd, jak jsme si uk\u00e1zali, byl velk\u00fdm vizion\u00e1\u0159em, \u0159ekl? Byl by z toho jist\u011b ne\u0161\u0165asten, tak jako byl ne\u0161\u0165asten, kdy\u017e vid\u011bl, jak\u00fdm sm\u011brem se ub\u00edr\u00e1 prvorepublikov\u00e9 \u010ceskoslovensko. A tak jako provrepublikov\u00e9 \u010ceskoslovensko si muselo proj\u00edt trpkou zku\u0161enost\u00ed z\u00e1padn\u00ed zrady, bude si muset i \u010cesk\u00e1 republika proj\u00edt n\u011b\u010d\u00edm podobn\u00fdm, aby zjistila, \u017ee anglosask\u00fd sv\u011bt, jeho\u017e se stala slu\u017eebn\u00ed\u010dkem a poskokem, j\u00ed \u0161\u0165astnou budoucnost nezajist\u00ed. Ob\u00e1v\u00e1m se, \u017ee v takto vyost\u0159en\u00e9 situaci, v jak\u00e9 se dnes nach\u00e1z\u00edme, nejsme od tohoto proz\u0159en\u00ed daleko.<\/p>\n<p>Nen\u00ed tedy v\u0161em dn\u016fm konec a net\u0159eba nad budoucnost\u00ed na\u0161\u00ed zem\u011b l\u00e1mat h\u016fl. Prost\u011b jsme jen v situaci, kdy se bl\u00ed\u017e\u00edme n\u00e1rodn\u00edmu pon\u00ed\u017een\u00ed a tragick\u00e9mu vyst\u0159\u00edzliv\u011bn\u00ed, kter\u00e9 bude bolet, nebude vesel\u00e9, ale po kter\u00e9m op\u011bt p\u0159ijde na \u0159adu rozum a srdce. Karel Kram\u00e1\u0159 byl politikem rozumu i politikem srdce, byl to skute\u010dn\u00fd n\u00e1rodovec, kter\u00fd svoji zemi miloval a cel\u00fd \u017eivot j\u00ed zasv\u011btil. Proto si ho p\u0159ipom\u00edn\u00e1me a v\u00e1\u017e\u00edme si toho, \u017ee m\u016f\u017eeme na jeho pr\u00e1ci a my\u0161lenky navazovat.<\/p>\n<p>Karle Kram\u00e1\u0159i, kter\u00fd jste \u0161el proti proudu, skl\u00e1n\u00edme se p\u0159ed Va\u0161\u00ed skv\u011blou pam\u00e1tkou. A Boha pros\u00edme, aby n\u00e1m dal s\u00edlu, b\u00fdt stejn\u011b odv\u00e1\u017en\u00fdmi a stejn\u011b z\u00e1sadov\u00fdmi.<\/p>\n<p>Amen.<\/p>\n<p><em>projev Adama B. Barto\u0161e v krypt\u011b Pravoslavn\u00e9ho chr\u00e1mu Zesnut\u00ed p\u0159esvat\u00e9 Bohorodice, Praha, Ol\u0161any, ned\u011ble 28. kv\u011btna 2023.<\/em><\/p>\n<p><img decoding=\"async\" loading=\"lazy\" class=\"alignnone size-full wp-image-678\" src=\"http:\/\/www.infokuryr.cz\/n\/wp-content\/uploads\/2021\/04\/narodni_demokracie_logo.jpg\" alt=\"\" width=\"300\" height=\"85\" \/><\/p>\n<p>_____________________________<\/p>\n<p>&nbsp;<\/p>\n<p>&nbsp;<\/p>\n<p>&nbsp;<\/p>\n<p><img decoding=\"async\" loading=\"lazy\" class=\"wp-image-19187 aligncenter\" src=\"http:\/\/www.infokuryr.cz\/n\/wp-content\/uploads\/2022\/12\/1-PRO-300x36.jpg\" alt=\"\" width=\"1300\" height=\"156\" srcset=\"https:\/\/www.infokuryr.cz\/n\/wp-content\/uploads\/2022\/12\/1-PRO-300x36.jpg 300w, https:\/\/www.infokuryr.cz\/n\/wp-content\/uploads\/2022\/12\/1-PRO.jpg 699w\" sizes=\"(max-width: 1300px) 100vw, 1300px\" \/><\/p>\n<p>&nbsp;<\/p>\n<p>&nbsp;<\/p>\n<p>&nbsp;<\/p>\n","protected":false},"excerpt":{"rendered":"<p>V\u00e1\u017een\u00e9 kolegyn\u011b, v\u00e1\u017een\u00ed kolegov\u00e9, Karel Kram\u00e1\u0159 se ve sv\u00e9 politice op\u00edral o siln\u00e9 Rusko. Pozd\u011bji,&#8230;<\/p>\n","protected":false},"author":2,"featured_media":10518,"comment_status":"closed","ping_status":"closed","sticky":false,"template":"","format":"standard","meta":[],"categories":[6],"tags":[367,2391,85,710],"_links":{"self":[{"href":"https:\/\/www.infokuryr.cz\/n\/wp-json\/wp\/v2\/posts\/29108"}],"collection":[{"href":"https:\/\/www.infokuryr.cz\/n\/wp-json\/wp\/v2\/posts"}],"about":[{"href":"https:\/\/www.infokuryr.cz\/n\/wp-json\/wp\/v2\/types\/post"}],"author":[{"embeddable":true,"href":"https:\/\/www.infokuryr.cz\/n\/wp-json\/wp\/v2\/users\/2"}],"replies":[{"embeddable":true,"href":"https:\/\/www.infokuryr.cz\/n\/wp-json\/wp\/v2\/comments?post=29108"}],"version-history":[{"count":1,"href":"https:\/\/www.infokuryr.cz\/n\/wp-json\/wp\/v2\/posts\/29108\/revisions"}],"predecessor-version":[{"id":29109,"href":"https:\/\/www.infokuryr.cz\/n\/wp-json\/wp\/v2\/posts\/29108\/revisions\/29109"}],"wp:featuredmedia":[{"embeddable":true,"href":"https:\/\/www.infokuryr.cz\/n\/wp-json\/wp\/v2\/media\/10518"}],"wp:attachment":[{"href":"https:\/\/www.infokuryr.cz\/n\/wp-json\/wp\/v2\/media?parent=29108"}],"wp:term":[{"taxonomy":"category","embeddable":true,"href":"https:\/\/www.infokuryr.cz\/n\/wp-json\/wp\/v2\/categories?post=29108"},{"taxonomy":"post_tag","embeddable":true,"href":"https:\/\/www.infokuryr.cz\/n\/wp-json\/wp\/v2\/tags?post=29108"}],"curies":[{"name":"wp","href":"https:\/\/api.w.org\/{rel}","templated":true}]}}