{"id":29054,"date":"2023-05-30T01:13:02","date_gmt":"2023-05-29T23:13:02","guid":{"rendered":"http:\/\/www.infokuryr.cz\/n\/?p=29054"},"modified":"2023-05-29T17:13:59","modified_gmt":"2023-05-29T15:13:59","slug":"bez-hluku-a-prachu-usa-posilaji-vojaky-do-peru-mir-je-tichy","status":"publish","type":"post","link":"https:\/\/www.infokuryr.cz\/n\/2023\/05\/30\/bez-hluku-a-prachu-usa-posilaji-vojaky-do-peru-mir-je-tichy\/","title":{"rendered":"Bez hluku a prachu: USA pos\u00edlaj\u00ed voj\u00e1ky do Peru, &#8222;m\u00edr&#8220; je tich\u00fd"},"content":{"rendered":"<div id=\"fb-root\"><\/div>\n<p class=\"lead\"><strong>Od 1. \u010dervna Spojen\u00e9 st\u00e1ty nasad\u00ed do Peru sv\u00e9 pravideln\u00e9 vojensk\u00e9 jednotky. Ji\u017en\u00ed velitelstv\u00ed Pentagonu (SOUTHCOM) po\u0161le stovky sv\u00fdch mari\u0148\u00e1k\u016f.\u00a0Americk\u00fd Kongres z\u00e1sah schv\u00e1lil.\u00a0<a href=\"https:\/\/www.pravda.ru\/world\/1839497-peru_intervention\/\" target=\"_blank\" rel=\"noopener\">P\u00ed\u0161e<\/a> o tom 29. kv\u011btna Lyubov Stepushova, fejetonistka Pravda.Ru .<\/strong><\/p>\n<p><span>Peru\u00e1n\u0161t\u00ed z\u00e1konod\u00e1rci na n\u00e1vrh americk\u00e9ho chr\u00e1n\u011bnce prezidenta\u00a0<\/span><strong><span>Diny Boluarteov\u00e9<\/span><\/strong><span>\u00a0povolili p\u0159\u00edjezd 700 americk\u00fdch voj\u00e1k\u016f.\u00a0Podle ofici\u00e1ln\u00edch \u00fadaj\u016f z Washingtonu bude \u201eamerick\u00fd person\u00e1l\u201c prov\u00e1d\u011bt \u201espolupr\u00e1ci a v\u00fdcvikov\u00e9 aktivity s ozbrojen\u00fdmi silami a n\u00e1rodn\u00ed polici\u00ed Peru\u201c a \u201enezasahovat do suverenity\u201c zem\u011b.<\/span><\/p>\n<p><span>Peru v\u0161ak takov\u00e1 v\u00fdcvikov\u00e1 st\u0159ediska s neust\u00e1lou rotac\u00ed ji\u017e dlouho m\u00e1, tak\u017ee stanoven\u00fdm c\u00edlem je z\u00e1st\u011brka pro um\u00edst\u011bn\u00ed voj\u00e1k\u016f v oblastech nejv\u011bt\u0161\u00edho odporu v\u016f\u010di americk\u00fdm loutk\u00e1m, kter\u00e9 provedly st\u00e1tn\u00ed p\u0159evrat.\u00a0Obyvatel\u00e9 Peru je odm\u00edtaj\u00ed.\u00a0Nejvy\u0161\u0161\u00ed hodnocen\u00ed souhlasu politiky Boluarteov\u00e9 v ned\u00e1vn\u00fdch pr\u016fzkumech je 16 %, Parlament m\u00e1 d\u016fv\u011bru je\u0161t\u011b ni\u017e\u0161\u00ed.<\/span><\/p>\n<h2><span>Historie st\u00e1tn\u00edho p\u0159evratu v Peru<\/span><\/h2>\n<p><span>Boluarterov\u00e9 re\u017eim se dostal k moci za p\u0159\u00edm\u00e9 spolu\u00fa\u010dasti Washingtonu prost\u0159ednictv\u00edm st\u00e1tn\u00edho p\u0159evratu. Levicov\u00fd prezident Peru\u00a0<\/span><strong><span>Pedro Castillo,<\/span><\/strong><span>\u00a0kter\u00fd byl popul\u00e1rn\u011b zvolen v roce 2021, byl o rok a p\u016fl pozd\u011bji svr\u017een parlamentem s podporou arm\u00e1dy prost\u0159ednictv\u00edm neobjektivn\u00edho impeachmentu \u201ekv\u016fli mor\u00e1ln\u00ed ned\u016fslednosti\u201c.\u00a0Pokusil se prov\u00e9st antioligarchick\u00e9 reformy, ale podle o\u010dek\u00e1v\u00e1n\u00ed mu nebylo d\u00e1no.\u00a0Boluarteov\u00e1, jako viceprezidentka, p\u0159evzala jeho pozici.<\/span><\/p>\n<p><span>Americk\u00e1 velvyslankyn\u011b v Peru\u00a0<\/span><strong><span>Lisa Kenna<\/span><\/strong><span>\u00a0, kter\u00e1 koordinovala arm\u00e1du, rychle podpo\u0159ila rozhodnut\u00ed parlamentu sesadit Castilla a potvrdila, \u017ee <strong>\u201ejej\u00ed zem\u011b pln\u011b podporuje demokratick\u00e9 instituce v Peru\u201c<\/strong>.<\/span><\/p>\n<p><span>Obyvatelstvo ale novou vl\u00e1du nep\u0159ijalo.\u00a0Protesty za\u010daly okam\u017eit\u011b. V d\u016fsledku jejich potla\u010den\u00ed \u010dinil po\u010det ob\u011bt\u00ed ofici\u00e1ln\u011b asi 70 lid\u00ed.\u00a0Stovky dal\u0161\u00edch byly t\u011b\u017ece zran\u011bny.\u00a0Meziamerick\u00e1 komise pro lidsk\u00e1 pr\u00e1va (IACHR) shledala peru\u00e1nskou policii a arm\u00e1du vinn\u00fdmi z \u201enadm\u011brn\u00e9ho, \u200b\u200bnevyb\u00edrav\u00e9ho a smrt\u00edc\u00edho pou\u017eit\u00ed s\u00edly\u201c.\u00a0Odsoudila tak\u00e9 re\u017eim Boluarteov\u00e9 za \u201estigmatizaci\u201c roln\u00edk\u016f a domorod\u00fdch obyvatel fale\u0161n\u00fdm obvin\u011bn\u00edm z toho, \u017ee jsou \u201eterorist\u00e9\u201c, \u010d\u00edm\u017e ospravedl\u0148uje masakry.<\/span><\/p>\n<h2><span>My\u0161lenkou v\u0161ech americk\u00fdch intervenc\u00ed je kontrola zdroj\u016f<\/span><\/h2>\n<p><span>Mexick\u00fd prezident\u00a0<\/span><strong><span>Andreas Manuel L\u00f3pez Obrador<\/span><\/strong><span>\u00a0v koment\u00e1\u0159i ke vstupu americk\u00fdch jednotek do Peru upozornil americkou vl\u00e1du, \u017ee \u201ezachov\u00e1n\u00ed interven\u010dn\u00ed politiky v \u017e\u00e1dn\u00e9m p\u0159\u00edpad\u011b nep\u0159isp\u00edv\u00e1 k nastolen\u00ed bratrstv\u00ed na kontinentu\u201c.<\/span><\/p>\n<p><strong><em>&#8222;Peru\u00e1nci jsou na\u0161i brat\u0159i.&#8220;\u00a0Pova\u017eujeme za nespravedliv\u00e9, co peru\u00e1n\u0161t\u00ed kongresmani ud\u011blali, aby sesadili legitimn\u00edho prezidenta Pedra Castilla, zvolen\u00e9ho Peru\u00e1nci.<span class=\"after-quote\">\u00a0\u0159ekl Obrador.<\/span><\/em><\/strong><\/p>\n<p><span>Obrador pouk\u00e1zal na to, \u017ee za t\u011bmito a dal\u0161\u00edmi rozhodnut\u00edmi jsou z\u00e1jmy peru\u00e1nsk\u00e9 oligarchie, \u201eale t\u00edm z\u00e1konod\u00e1rci poru\u0161ili cel\u00fd pr\u00e1vn\u00ed a \u00fastavn\u00ed r\u00e1mec Peru\u201c.<\/span><\/p>\n<p><strong><span>Pr\u00e1vn\u00edk Raul Noblecilla<\/span><\/strong><span>\u00a0ze sv\u00e9 strany\u00a0potvrdil, \u017ee ameri\u010dt\u00ed voj\u00e1ci p\u0159ijedou do Peru kontrolovat peru\u00e1nsk\u00e9 nerosty a \u201etakto funguj\u00ed serviln\u00ed a submisivn\u00ed vl\u00e1dy\u201c.<\/span><\/p>\n<p><em><strong>&#8222;Imperialismus ovl\u00e1d\u00e1 sv\u016fj dvorek&#8220;<span class=\"after-quote\">\u00a0varoval.<\/span><\/strong><\/em><\/p>\n<p><span>Vl\u00e1du, kterou v Lim\u011b zasadily Spojen\u00e9 st\u00e1ty americk\u00e9, neuzn\u00e1vaj\u00ed ostatn\u00ed zem\u011b kontinentu \u2013 Argentina, Bol\u00edvie, Venezuela.<\/span><\/p>\n<p><span>Peru\u00e1nsk\u00e9 ministerstvo obrany pop\u0159elo zpr\u00e1vy, \u017ee v Peru je 10 vojensk\u00fdch z\u00e1kladen Spojen\u00fdch st\u00e1t\u016f.\u00a0Ale novin\u00e1\u0159sk\u00e9 studie \u0159\u00edkaj\u00ed, \u017ee jsou p\u0159\u00edtomni na z\u00e1kladn\u00e1ch vojensk\u00fdch jednotek Peru.\u00a0V knize Chr\u00e1n\u011bn\u00e1 \u00fazem\u00ed.\u00a0Jak funguje s\u00ed\u0165 americk\u00fdch vojensk\u00fdch z\u00e1kladen v Ji\u017en\u00ed Americe\u201c, zmi\u0148uje argentinsk\u00e1 novin\u00e1\u0159ka\u00a0<\/span><strong><span>Telma Luzzani<\/span><\/strong><span> , \u017ee \u201eneust\u00e1l\u00e1 p\u0159\u00edtomnost americk\u00e9 arm\u00e1dy v Peru pod z\u00e1minkou spole\u010dn\u00fdch cvi\u010den\u00ed, v\u00fdcviku, n\u00e1v\u0161t\u011bv a dal\u0161\u00edch v\u011bc\u00ed d\u00e1v\u00e1 jasn\u011b najevo, \u017ee americk\u00e1 arm\u00e1da, a\u010dkoli nemus\u00ed m\u00edt vlastn\u00ed nebo v\u00fdhradn\u00ed z\u00e1kladny, jako nap\u0159\u00edklad na Guant\u00e1namu, ale p\u016fsob\u00ed v hranic\u00edch peru\u00e1nsk\u00fdch vojensk\u00fdch z\u00e1kladen.<\/span><\/p>\n<p><span>Tak\u00e9 v Peru byla otev\u0159ena s\u00ed\u0165 americk\u00fdch laborato\u0159\u00ed, kter\u00e9 pod z\u00e1\u0161titou v\u011bdeck\u00e9 pr\u00e1ce a studia tropick\u00fdch nemoc\u00ed pracuj\u00ed v zemi <strong>\u201ebez pat\u0159i\u010dn\u00e9 transparentnosti\u201c<\/strong>.\u00a0Tato beztrestnost byla jen umocn\u011bna ned\u00e1vn\u00fdm rozhodnut\u00edm Nejvy\u0161\u0161\u00edho soudu Peru, \u017ee podle \u00fastavy zem\u011b de facto neexistuje pr\u00e1vo je protestovat.<\/span><\/p>\n<p><strong>Situace v t\u00e9to jihoamerick\u00e9 zemi se podob\u00e1 situaci na Ukrajin\u011b, od pu\u010de podporovan\u00e9ho oligarchi\u00ed, uz\u00e1kon\u011bn\u00e9ho parlamentem, po vojensk\u00e9 z\u00e1kladny, l\u00e9ka\u0159sk\u00e9 laborato\u0159e a americkou kontrolu p\u0159\u00edrodn\u00edch zdroj\u016f.<\/strong><\/p>\n<p><span>Spojen\u00e9 st\u00e1ty jednaj\u00ed podle vzoru, a proto budou brzy vysl\u00e1ny pravideln\u00e9 americk\u00e9 jednotky, kter\u00e9 budou chr\u00e1nit jejich majetek a vliv na Ukrajinu.\u00a0Mo\u017en\u00e1 to budou nejprve vojska Polska a Rumunska, proto\u017ee na rozd\u00edl od Peru vede Rusk\u00e1 federace na Ukrajin\u011b speci\u00e1ln\u00ed operaci.<\/span><\/p>\n<p><img decoding=\"async\" loading=\"lazy\" class=\"alignnone size-full wp-image-1185\" src=\"http:\/\/www.infokuryr.cz\/n\/wp-content\/uploads\/2021\/04\/kuryr-podpis.png\" alt=\"\" width=\"84\" height=\"24\" \/><\/p>\n<p>&nbsp;<\/p>\n<p>&nbsp;<\/p>\n<p><img decoding=\"async\" loading=\"lazy\" class=\"wp-image-19187 aligncenter\" src=\"http:\/\/www.infokuryr.cz\/n\/wp-content\/uploads\/2022\/12\/1-PRO-300x36.jpg\" alt=\"\" width=\"1292\" height=\"155\" srcset=\"https:\/\/www.infokuryr.cz\/n\/wp-content\/uploads\/2022\/12\/1-PRO-300x36.jpg 300w, https:\/\/www.infokuryr.cz\/n\/wp-content\/uploads\/2022\/12\/1-PRO.jpg 699w\" sizes=\"(max-width: 1292px) 100vw, 1292px\" \/><\/p>\n<p>&nbsp;<\/p>\n<p>&nbsp;<\/p>\n<p>&nbsp;<\/p>\n","protected":false},"excerpt":{"rendered":"<p>Od 1. \u010dervna Spojen\u00e9 st\u00e1ty nasad\u00ed do Peru sv\u00e9 pravideln\u00e9 vojensk\u00e9 jednotky. Ji\u017en\u00ed velitelstv\u00ed Pentagonu&#8230;<\/p>\n","protected":false},"author":2,"featured_media":29055,"comment_status":"closed","ping_status":"closed","sticky":false,"template":"","format":"standard","meta":[],"categories":[7],"tags":[738,80,111,3995,37],"_links":{"self":[{"href":"https:\/\/www.infokuryr.cz\/n\/wp-json\/wp\/v2\/posts\/29054"}],"collection":[{"href":"https:\/\/www.infokuryr.cz\/n\/wp-json\/wp\/v2\/posts"}],"about":[{"href":"https:\/\/www.infokuryr.cz\/n\/wp-json\/wp\/v2\/types\/post"}],"author":[{"embeddable":true,"href":"https:\/\/www.infokuryr.cz\/n\/wp-json\/wp\/v2\/users\/2"}],"replies":[{"embeddable":true,"href":"https:\/\/www.infokuryr.cz\/n\/wp-json\/wp\/v2\/comments?post=29054"}],"version-history":[{"count":1,"href":"https:\/\/www.infokuryr.cz\/n\/wp-json\/wp\/v2\/posts\/29054\/revisions"}],"predecessor-version":[{"id":29056,"href":"https:\/\/www.infokuryr.cz\/n\/wp-json\/wp\/v2\/posts\/29054\/revisions\/29056"}],"wp:featuredmedia":[{"embeddable":true,"href":"https:\/\/www.infokuryr.cz\/n\/wp-json\/wp\/v2\/media\/29055"}],"wp:attachment":[{"href":"https:\/\/www.infokuryr.cz\/n\/wp-json\/wp\/v2\/media?parent=29054"}],"wp:term":[{"taxonomy":"category","embeddable":true,"href":"https:\/\/www.infokuryr.cz\/n\/wp-json\/wp\/v2\/categories?post=29054"},{"taxonomy":"post_tag","embeddable":true,"href":"https:\/\/www.infokuryr.cz\/n\/wp-json\/wp\/v2\/tags?post=29054"}],"curies":[{"name":"wp","href":"https:\/\/api.w.org\/{rel}","templated":true}]}}