{"id":29026,"date":"2023-05-30T01:00:03","date_gmt":"2023-05-29T23:00:03","guid":{"rendered":"http:\/\/www.infokuryr.cz\/n\/?p=29026"},"modified":"2023-05-29T15:43:24","modified_gmt":"2023-05-29T13:43:24","slug":"eu-chce-aby-vsichni-obcane-meli-do-roku-2030-digitalni-id","status":"publish","type":"post","link":"https:\/\/www.infokuryr.cz\/n\/2023\/05\/30\/eu-chce-aby-vsichni-obcane-meli-do-roku-2030-digitalni-id\/","title":{"rendered":"EU chce, aby v\u0161ichni ob\u010dan\u00e9 m\u011bli do roku 2030 digit\u00e1ln\u00ed ID"},"content":{"rendered":"<div id=\"fb-root\"><\/div>\n<div class=\"elementor-element elementor-element-1fb4c2c elementor-widget elementor-widget-theme-post-content\" data-id=\"1fb4c2c\" data-element_type=\"widget\" data-widget_type=\"theme-post-content.default\">\n<div class=\"elementor-widget-container\">\n<p><strong>Zav\u00e1d\u011bn\u00ed digit\u00e1ln\u00edho pr\u016fkazu toto\u017enosti se prosazuje st\u00e1le rychleji \u2013 s malou pozornost\u00ed a p\u0159\u00edli\u0161 mal\u00fdm odporem.\u00a0Evropsk\u00e1 komise poskytla 46 milion\u016f eur na kontroverzn\u00ed evropskou burzu digit\u00e1ln\u00ed identity.\u00a0Jedn\u00e1 se o budouc\u00ed aplikaci pro chytr\u00e9 telefony, kter\u00e1 umo\u017en\u00ed ob\u010dan\u016fm v\u0161ech 27 \u010dlensk\u00fdch st\u00e1t\u016f EU ukl\u00e1dat a sd\u00edlet digit\u00e1ln\u00ed pr\u016fkaz toto\u017enosti.\u00a0Pen\u00edze budou investov\u00e1ny do pilotn\u00edch program\u016f.<\/strong><\/p>\n<p><span>Pen\u011b\u017eenku lze pou\u017e\u00edt pro p\u0159edlo\u017een\u00ed cestovn\u00edch doklad\u016f, registraci SIM karty, otev\u0159en\u00ed bankovn\u00edho \u00fa\u010dtu a p\u0159\u00edstup ke slu\u017eb\u00e1m, jako jsou soci\u00e1ln\u00ed d\u00e1vky.<\/span><\/p>\n<p><span>Pilotn\u00ed projekty se z\u00fa\u010dastn\u00ed 250 ve\u0159ejn\u00fdch a soukrom\u00fdch organizac\u00ed v t\u00e9m\u011b\u0159 v\u0161ech \u010dlensk\u00fdch st\u00e1tech a tak\u00e9 na Islandu, v Norsku a na Ukrajin\u011b a budou prob\u00edhat nejm\u00e9n\u011b dva roky,\u00a0<\/span><a href=\"https:\/\/www.biometricupdate.com\/202305\/e46m-earmarked-for-four-eu-digital-identity-wallet-pilots\" target=\"_blank\" rel=\"noreferrer noopener\" data-type=\"URL\" data-id=\"https:\/\/www.biometricupdate.com\/202305\/e46m-earmarked-for-four-eu-digital-identity-wallet-pilots\"><span>uv\u00e1d\u00ed<\/span><\/a><span>\u00a0Biometric Update.<\/span><\/p>\n<p><span>Projekty maj\u00ed za c\u00edl pomoci \u010dlensk\u00fdm st\u00e1t\u016fm p\u0159ipravit se na evropsk\u00e9 na\u0159\u00edzen\u00ed o digit\u00e1ln\u00ed identit\u011b, kter\u00e9 je v sou\u010dasnosti projedn\u00e1v\u00e1no v parlamentu.\u00a0Projekty tak\u00e9 p\u0159ibl\u00ed\u017e\u00ed Evropskou unii k jej\u00edmu c\u00edli poskytnout v\u0161em ob\u010dan\u016fm digit\u00e1ln\u00ed identitu do roku 2030.<\/span><\/p>\n<p><span>N\u011bkte\u0159\u00ed v\u0161ak v souvislosti s projektem vyj\u00e1d\u0159ili bezpe\u010dnostn\u00ed obavy a tvrdili, \u017ee ulo\u017een\u00ed tolika dat v jednom syst\u00e9mu by p\u0159il\u00e1kalo kybernetick\u00e9 \u00fato\u010dn\u00edky.<\/span><\/p>\n<p><span>&#8222;Z\u016fst\u00e1v\u00e1 v\u00fdzvou zajistit nejvy\u0161\u0161\u00ed \u00farove\u0148 zabezpe\u010den\u00ed vzhledem k po\u010dtu pad\u011blk\u016f, kter\u00e9 by mohly b\u00fdt do syst\u00e9mu zavedeny,&#8220; \u0159ekl Jean-Karim Zinzindohoue, technick\u00fd \u0159editel France Identite, b\u011bhem semin\u00e1\u0159e o syst\u00e9mu eID pen\u011b\u017eenky v Bruselu.<\/span><\/p>\n<\/div>\n<\/div>\n<div class=\"elementor-element elementor-element-8c57238 quelle dc-has-condition dc-condition-empty elementor-widget elementor-widget-heading\" data-id=\"8c57238\" data-element_type=\"widget\" data-widget_type=\"heading.default\">\n<div class=\"elementor-widget-container\">\n<h3 class=\"elementor-heading-title elementor-size-default\"><span style=\"font-size: 8pt;\"><a href=\"https:\/\/reclaimthenet.org\/the-eu-wants-all-citizens-to-have-a-digital-id-by-2030\" target=\"_blank\" rel=\"nofollow noopener\">ZDROJ<\/a><\/span><\/h3>\n<\/div>\n<\/div>\n<p>&nbsp;<\/p>\n<p>&nbsp;<\/p>\n<p><img decoding=\"async\" loading=\"lazy\" class=\"wp-image-19187 aligncenter\" src=\"http:\/\/www.infokuryr.cz\/n\/wp-content\/uploads\/2022\/12\/1-PRO-300x36.jpg\" alt=\"\" width=\"1275\" height=\"153\" srcset=\"https:\/\/www.infokuryr.cz\/n\/wp-content\/uploads\/2022\/12\/1-PRO-300x36.jpg 300w, https:\/\/www.infokuryr.cz\/n\/wp-content\/uploads\/2022\/12\/1-PRO.jpg 699w\" sizes=\"(max-width: 1275px) 100vw, 1275px\" \/><\/p>\n<p>&nbsp;<\/p>\n<p>&nbsp;<\/p>\n","protected":false},"excerpt":{"rendered":"<p>Zav\u00e1d\u011bn\u00ed digit\u00e1ln\u00edho pr\u016fkazu toto\u017enosti se prosazuje st\u00e1le rychleji \u2013 s malou pozornost\u00ed a p\u0159\u00edli\u0161 mal\u00fdm&#8230;<\/p>\n","protected":false},"author":2,"featured_media":29027,"comment_status":"closed","ping_status":"closed","sticky":false,"template":"","format":"standard","meta":[],"categories":[7],"tags":[41,279,2195],"_links":{"self":[{"href":"https:\/\/www.infokuryr.cz\/n\/wp-json\/wp\/v2\/posts\/29026"}],"collection":[{"href":"https:\/\/www.infokuryr.cz\/n\/wp-json\/wp\/v2\/posts"}],"about":[{"href":"https:\/\/www.infokuryr.cz\/n\/wp-json\/wp\/v2\/types\/post"}],"author":[{"embeddable":true,"href":"https:\/\/www.infokuryr.cz\/n\/wp-json\/wp\/v2\/users\/2"}],"replies":[{"embeddable":true,"href":"https:\/\/www.infokuryr.cz\/n\/wp-json\/wp\/v2\/comments?post=29026"}],"version-history":[{"count":0,"href":"https:\/\/www.infokuryr.cz\/n\/wp-json\/wp\/v2\/posts\/29026\/revisions"}],"wp:featuredmedia":[{"embeddable":true,"href":"https:\/\/www.infokuryr.cz\/n\/wp-json\/wp\/v2\/media\/29027"}],"wp:attachment":[{"href":"https:\/\/www.infokuryr.cz\/n\/wp-json\/wp\/v2\/media?parent=29026"}],"wp:term":[{"taxonomy":"category","embeddable":true,"href":"https:\/\/www.infokuryr.cz\/n\/wp-json\/wp\/v2\/categories?post=29026"},{"taxonomy":"post_tag","embeddable":true,"href":"https:\/\/www.infokuryr.cz\/n\/wp-json\/wp\/v2\/tags?post=29026"}],"curies":[{"name":"wp","href":"https:\/\/api.w.org\/{rel}","templated":true}]}}