{"id":29000,"date":"2023-05-29T06:47:14","date_gmt":"2023-05-29T04:47:14","guid":{"rendered":"http:\/\/www.infokuryr.cz\/n\/?p=29000"},"modified":"2023-05-29T06:47:14","modified_gmt":"2023-05-29T04:47:14","slug":"erdogan-zvitezil-ve-druhem-kole-prezidentskych-voleb-v-turecku","status":"publish","type":"post","link":"https:\/\/www.infokuryr.cz\/n\/2023\/05\/29\/erdogan-zvitezil-ve-druhem-kole-prezidentskych-voleb-v-turecku\/","title":{"rendered":"Erdogan zv\u00edt\u011bzil ve druh\u00e9m kole prezidentsk\u00fdch voleb v Turecku"},"content":{"rendered":"<div id=\"fb-root\"><\/div>\n<p><span style=\"font-size: 18pt;\"><strong>St\u00e1vaj\u00edc\u00ed tureck\u00fd prezident Recep Tayyip Erdogan ovl\u00e1dl druh\u00e9 kolo voleb, vypl\u00fdv\u00e1 z p\u0159edb\u011b\u017en\u00fdch \u00fadaj\u016f zve\u0159ejn\u011bn\u00fdch tureck\u00fdmi m\u00e9dii.<\/strong><\/span><\/p>\n<p>Po cel\u00e9 zemi bylo rozm\u00edst\u011bno v\u00edce ne\u017e 191 tis\u00edc volebn\u00edch uren. Po\u010det voli\u010d\u016f \u010din\u00ed p\u0159es 60 milion\u016f.<\/p>\n<p>Podle v\u00fdsledk\u016f prvn\u00edho kola hlasov\u00e1n\u00ed 14. kv\u011btna nez\u00edskal \u017e\u00e1dn\u00fd kandid\u00e1t 50 % hlas\u016f, pr\u00e1vo na \u00fa\u010dast ve druh\u00e9m kole z\u00edskal kandid\u00e1t za Republik\u00e1nskou alianci Recep Tayyip Erdogan (49,52 % hlas\u016f) a kandid\u00e1t za N\u00e1rodn\u00ed alianci Kemal Kili\u00e7daroglu (44,88 %).<\/p>\n<p>Exkandid\u00e1t na prezidenta za alianci Ata Sinan Ogan, kter\u00fd v prvn\u00edm kole z\u00edskal 5,17 % hlas\u016f, vyzval sv\u00e9 stoupence, aby ve druh\u00e9m kole podpo\u0159ili Erdogana.<\/p>\n<p>Hlasov\u00e1n\u00ed tureck\u00fdch ob\u010dan\u016f v zahrani\u010d\u00ed bylo ukon\u010deno 24. kv\u011btna. V 73 zem\u00edch hlasovalo celkem 3,5 milionu voli\u010d\u016f.<\/p>\n<p><span style=\"font-size: 18pt;\"><strong>Do\u0161lo k pokusu o zp\u016fsoben\u00ed p\u00e1du tureck\u00e9 m\u011bny p\u0159ed volbami<\/strong><\/span><\/p>\n<p>Na prahu voleb 28. kv\u011btna byl vyvinut bezprecedentn\u00ed pokus s c\u00edlem zp\u016fsoben\u00ed p\u00e1du tureck\u00e9 liry.<\/p>\n<p>Analytici z\u00e1padn\u00edch bank JPMorgan Chase a HSBC Holdings za\u010dali nap\u0159\u00edklad \u0161\u00ed\u0159it informace o nevyhnuteln\u00e9m oslaben\u00ed liry na 24-25 lir za dolar (nyn\u00ed asi 20). Tuto zpr\u00e1vu zve\u0159ejnila v\u0161echna z\u00e1padn\u00ed masm\u00e9dia.<\/p>\n<p>Z\u00e1padn\u00ed finan\u010dn\u00edci si tak\u00e9 za\u010dali p\u016fj\u010dovat liry na dom\u00e1c\u00edm trhu a za tyto prost\u0159edky nakupovat ciz\u00ed m\u011bny. V\u00fd\u0161e pojistn\u00e9ho ze zeslaben\u00ed liry dos\u00e1hlo kv\u016fli tomu minul\u00fd t\u00fdden rekordn\u00edch \u010d\u00e1stek.<\/p>\n<p>Tureck\u00e1 Centr\u00e1ln\u00ed banka za\u010dala kv\u016fli tomu aktivn\u011b prod\u00e1vat m\u011bnu na dom\u00e1c\u00edm trhu, aby uh\u00e1jila tureckou liru p\u0159ed bezprecedentn\u00edm tlakem finan\u010dn\u00edch hr\u00e1\u010d\u016f. Pouze b\u011bhem t\u00fddne 5.-12. kv\u011btna klesl objem zlat\u00fdch a devizov\u00fdch rezerv o 7,6 miliardy dolar\u016f.<\/p>\n<p><img decoding=\"async\" loading=\"lazy\" class=\"alignnone size-full wp-image-1185\" src=\"http:\/\/www.infokuryr.cz\/n\/wp-content\/uploads\/2021\/04\/kuryr-podpis.png\" alt=\"\" width=\"84\" height=\"24\" \/><\/p>\n<p>&nbsp;<\/p>\n<p>&nbsp;<\/p>\n<p><img decoding=\"async\" loading=\"lazy\" class=\"wp-image-19187 aligncenter\" src=\"http:\/\/www.infokuryr.cz\/n\/wp-content\/uploads\/2022\/12\/1-PRO-300x36.jpg\" alt=\"\" width=\"1283\" height=\"154\" srcset=\"https:\/\/www.infokuryr.cz\/n\/wp-content\/uploads\/2022\/12\/1-PRO-300x36.jpg 300w, https:\/\/www.infokuryr.cz\/n\/wp-content\/uploads\/2022\/12\/1-PRO.jpg 699w\" sizes=\"(max-width: 1283px) 100vw, 1283px\" \/><\/p>\n<p>&nbsp;<\/p>\n<p>&nbsp;<\/p>\n<p>&nbsp;<\/p>\n","protected":false},"excerpt":{"rendered":"<p>St\u00e1vaj\u00edc\u00ed tureck\u00fd prezident Recep Tayyip Erdogan ovl\u00e1dl druh\u00e9 kolo voleb, vypl\u00fdv\u00e1 z p\u0159edb\u011b\u017en\u00fdch \u00fadaj\u016f zve\u0159ejn\u011bn\u00fdch&#8230;<\/p>\n","protected":false},"author":2,"featured_media":20568,"comment_status":"closed","ping_status":"closed","sticky":false,"template":"","format":"standard","meta":[],"categories":[7],"tags":[56,55,3837,27],"_links":{"self":[{"href":"https:\/\/www.infokuryr.cz\/n\/wp-json\/wp\/v2\/posts\/29000"}],"collection":[{"href":"https:\/\/www.infokuryr.cz\/n\/wp-json\/wp\/v2\/posts"}],"about":[{"href":"https:\/\/www.infokuryr.cz\/n\/wp-json\/wp\/v2\/types\/post"}],"author":[{"embeddable":true,"href":"https:\/\/www.infokuryr.cz\/n\/wp-json\/wp\/v2\/users\/2"}],"replies":[{"embeddable":true,"href":"https:\/\/www.infokuryr.cz\/n\/wp-json\/wp\/v2\/comments?post=29000"}],"version-history":[{"count":0,"href":"https:\/\/www.infokuryr.cz\/n\/wp-json\/wp\/v2\/posts\/29000\/revisions"}],"wp:featuredmedia":[{"embeddable":true,"href":"https:\/\/www.infokuryr.cz\/n\/wp-json\/wp\/v2\/media\/20568"}],"wp:attachment":[{"href":"https:\/\/www.infokuryr.cz\/n\/wp-json\/wp\/v2\/media?parent=29000"}],"wp:term":[{"taxonomy":"category","embeddable":true,"href":"https:\/\/www.infokuryr.cz\/n\/wp-json\/wp\/v2\/categories?post=29000"},{"taxonomy":"post_tag","embeddable":true,"href":"https:\/\/www.infokuryr.cz\/n\/wp-json\/wp\/v2\/tags?post=29000"}],"curies":[{"name":"wp","href":"https:\/\/api.w.org\/{rel}","templated":true}]}}