{"id":28999,"date":"2023-05-29T06:43:52","date_gmt":"2023-05-29T04:43:52","guid":{"rendered":"http:\/\/www.infokuryr.cz\/n\/?p=28999"},"modified":"2023-05-29T06:43:52","modified_gmt":"2023-05-29T04:43:52","slug":"stihacky-f-16-budou-prilis-zranitelne-vuci-ruskym-raketam","status":"publish","type":"post","link":"https:\/\/www.infokuryr.cz\/n\/2023\/05\/29\/stihacky-f-16-budou-prilis-zranitelne-vuci-ruskym-raketam\/","title":{"rendered":"St\u00edha\u010dky F-16 budou p\u0159\u00edli\u0161 zraniteln\u00e9 v\u016f\u010di rusk\u00fdm raket\u00e1m"},"content":{"rendered":"<div id=\"fb-root\"><\/div>\n<p><strong>Ukrajina bude muset zm\u00edrnit zv\u00fd\u0161en\u00e1 o\u010dek\u00e1v\u00e1n\u00ed od z\u00edsk\u00e1n\u00ed americk\u00fdch st\u00edha\u010dek F-16 kv\u016fli jejich zranitelnosti v\u016f\u010di rusk\u00e9 PVO, p\u00ed\u0161e agentura Bloomberg.<\/strong><\/p>\n<p>B\u00fdval\u00fd pilot vojensk\u00e9ho letectva USA, vedouc\u00ed v\u011bdeck\u00fd pracovn\u00edk ve sf\u00e9\u0159e obrann\u00e9 politiky washingtonsk\u00e9ho analytick\u00e9ho centra Heritage Foundation John Venable, kter\u00fd l\u00e9tal na F-16, \u0159ekl, \u017ee hlavn\u00ed probl\u00e9m letoun\u016f t\u00e9to konfigurace spo\u010d\u00edv\u00e1 v mo\u017en\u00e9m odhalen\u00ed na velk\u00e9 vzd\u00e1lenosti. Kdy\u017e se st\u00edha\u010dky F-16 pokus\u00ed o \u00fatok na rusk\u00e9 hranice, za\u010dnou syst\u00e9my fungovat p\u0159ed jejich p\u0159ibl\u00ed\u017een\u00edm se k c\u00edli.<\/p>\n<p>\u201eV\u0161echno, co se d\u00e1 ud\u011blat, je pono\u0159it se do bl\u00e1ta a doufat, \u017ee se mezi v\u00e1mi a syst\u00e9my zam\u011b\u0159ov\u00e1n\u00ed raket ocitne kopec. Bez tohoto p\u0159ikryt\u00ed nejsou \u0161ance na p\u0159e\u017eit\u00ed moc velk\u00e9,\u201d \u0159ekl Venable.<\/p>\n<p>Pilot se domn\u00edv\u00e1, \u017ee taktika ukrajinsk\u00e9ho vojensk\u00e9ho letectva, kter\u00e9 se sna\u017e\u00ed \u00fato\u010dit zpoza kopc\u016f a schov\u00e1vat se, rovn\u011b\u017e nen\u00ed p\u0159\u00edli\u0161 \u00fa\u010dinn\u00e1.<\/p>\n<p>\u201eTakov\u00fdm zp\u016fsobem se ned\u00e1 nic zas\u00e1hnout,\u201d vysv\u011btlil veter\u00e1n.<\/p>\n<p>Auto\u0159i \u010dl\u00e1nku tak\u00e9 napsali, \u017ee F-16, kter\u00e9 budou nejsp\u00ed\u0161e posl\u00e1ny na Ukrajinu, budou m\u00edt stejn\u011b ni\u017e\u0161\u00ed radar a rakety krat\u0161\u00edho doletu ne\u017e nejmodern\u011bj\u0161\u00ed rusk\u00e9 letouny a prost\u0159edky protivzdu\u0161n\u00e9 obrany.<\/p>\n<p><img decoding=\"async\" loading=\"lazy\" class=\"alignnone size-full wp-image-1185\" src=\"http:\/\/www.infokuryr.cz\/n\/wp-content\/uploads\/2021\/04\/kuryr-podpis.png\" alt=\"\" width=\"84\" height=\"24\" \/><\/p>\n<p>&nbsp;<\/p>\n<p>&nbsp;<\/p>\n<p><img decoding=\"async\" loading=\"lazy\" class=\"wp-image-19187 aligncenter\" src=\"http:\/\/www.infokuryr.cz\/n\/wp-content\/uploads\/2022\/12\/1-PRO-300x36.jpg\" alt=\"\" width=\"1275\" height=\"153\" srcset=\"https:\/\/www.infokuryr.cz\/n\/wp-content\/uploads\/2022\/12\/1-PRO-300x36.jpg 300w, https:\/\/www.infokuryr.cz\/n\/wp-content\/uploads\/2022\/12\/1-PRO.jpg 699w\" sizes=\"(max-width: 1275px) 100vw, 1275px\" \/><\/p>\n<p>&nbsp;<\/p>\n<p>&nbsp;<\/p>\n<p>&nbsp;<\/p>\n","protected":false},"excerpt":{"rendered":"<p>Ukrajina bude muset zm\u00edrnit zv\u00fd\u0161en\u00e1 o\u010dek\u00e1v\u00e1n\u00ed od z\u00edsk\u00e1n\u00ed americk\u00fdch st\u00edha\u010dek F-16 kv\u016fli jejich zranitelnosti v\u016f\u010di&#8230;<\/p>\n","protected":false},"author":2,"featured_media":28662,"comment_status":"closed","ping_status":"closed","sticky":false,"template":"","format":"standard","meta":[],"categories":[7],"tags":[4978,349,26],"_links":{"self":[{"href":"https:\/\/www.infokuryr.cz\/n\/wp-json\/wp\/v2\/posts\/28999"}],"collection":[{"href":"https:\/\/www.infokuryr.cz\/n\/wp-json\/wp\/v2\/posts"}],"about":[{"href":"https:\/\/www.infokuryr.cz\/n\/wp-json\/wp\/v2\/types\/post"}],"author":[{"embeddable":true,"href":"https:\/\/www.infokuryr.cz\/n\/wp-json\/wp\/v2\/users\/2"}],"replies":[{"embeddable":true,"href":"https:\/\/www.infokuryr.cz\/n\/wp-json\/wp\/v2\/comments?post=28999"}],"version-history":[{"count":0,"href":"https:\/\/www.infokuryr.cz\/n\/wp-json\/wp\/v2\/posts\/28999\/revisions"}],"wp:featuredmedia":[{"embeddable":true,"href":"https:\/\/www.infokuryr.cz\/n\/wp-json\/wp\/v2\/media\/28662"}],"wp:attachment":[{"href":"https:\/\/www.infokuryr.cz\/n\/wp-json\/wp\/v2\/media?parent=28999"}],"wp:term":[{"taxonomy":"category","embeddable":true,"href":"https:\/\/www.infokuryr.cz\/n\/wp-json\/wp\/v2\/categories?post=28999"},{"taxonomy":"post_tag","embeddable":true,"href":"https:\/\/www.infokuryr.cz\/n\/wp-json\/wp\/v2\/tags?post=28999"}],"curies":[{"name":"wp","href":"https:\/\/api.w.org\/{rel}","templated":true}]}}