{"id":28998,"date":"2023-05-29T06:10:53","date_gmt":"2023-05-29T04:10:53","guid":{"rendered":"http:\/\/www.infokuryr.cz\/n\/?p=28998"},"modified":"2023-05-29T06:39:53","modified_gmt":"2023-05-29T04:39:53","slug":"michael-svatos-ve-washingtonu-zavladl-vcera-smutek-skrtaly-se-vydaje-na-zbrane","status":"publish","type":"post","link":"https:\/\/www.infokuryr.cz\/n\/2023\/05\/29\/michael-svatos-ve-washingtonu-zavladl-vcera-smutek-skrtaly-se-vydaje-na-zbrane\/","title":{"rendered":"Michael Svato\u0161: Ve Washingtonu zavl\u00e1dl v\u010dera smutek, \u0161krtaly se v\u00fddaje na zbran\u011b!"},"content":{"rendered":"<div id=\"fb-root\"><\/div>\n<h2 class=\"post-title entry-title\">Ve Washingtonu zavl\u00e1dl v\u010dera smutek, \u0161krtaly se v\u00fddaje na zbran\u011b! V Moskv\u011b se slavilo! V Kyjev\u011b se t\u0159\u00e1sla zem! 28. kv\u011bten 2023 vstoup\u00ed do historie!<\/h2>\n<p>V\u010dera v ned\u011bli 28. kv\u011btna nechal Biden vytroubit z Washingtonu, \u017ee krach Ameriky se je\u0161t\u011b nekon\u00e1, a \u017ee ob\u011b politick\u00e9 partaje Republik\u00e1ni i Demokrat\u00e9 se domluvily, a zadlu\u017e\u00ed Ameri\u010dany je\u0161t\u011b v\u00edc! Aby dal Biden sv\u00fdm slov\u016fm v\u00e1hu, nechal zve\u0159ejnit cel\u00fd text nov\u00e9ho dlu\u017en\u00edho \u00fapisu Ameriky. A z Pentagonu se hned ozvali v\u00e1le\u010dn\u00ed havrani! Ameri\u010dt\u00ed jest\u0159\u00e1bi za\u010dali v\u010dera ve\u010der vztekle sk\u0159ehotat, proto\u017ee nov\u00fd z\u00e1kon o dal\u0161\u00edm zadlu\u017eov\u00e1n\u00ed USA obsahuje pas\u00e1\u017e,\u00a0<a href=\"https:\/\/thehill.com\/wp-content\/uploads\/sites\/2\/2023\/05\/BILLS-118hrPIH-fiscalresponsibility.pdf\">kter\u00e1 \u0161krt\u00e1 americk\u00e9 vojensk\u00e9 v\u00fddaje<\/a>!!!!!<\/p>\n<p>Hlavn\u00ed v\u00e1le\u010dn\u00fd havran USA Sen\u00e1tor Lindsey Graham, jinak neochv\u011bjn\u00fd stoupenec Trumpa, kter\u00fd\u00a0<a href=\"https:\/\/www.president.gov.ua\/en\/news\/volodimir-zelenskij-zustrivsya-iz-senatorom-ssha-lindsi-grem-83189\">je\u0161t\u011b 26. kv\u011btna na n\u00e1v\u0161t\u011bv\u011b u Zelensk\u00e9ho<\/a>\u00a0rozhazoval miliardami a sliboval kyjevsk\u00e9mu doup\u011bti dod\u00e1vky letadel F-16,\u00a0<a href=\"https:\/\/kyivindependent.com\/zelensky-meets-with-us-senator-graham-in-kyiv\/\">dod\u00e1vky raket s dost\u0159elem 300 km ATACMS<\/a>, dod\u00e1vky zak\u00e1zan\u00e9 kazetov\u00e9 munice, a tvrdil,\u00a0<a href=\"https:\/\/www.news.com.au\/world\/lindsey-graham-russians-are-dyingbest-money-weve-spent\/video\/c31ef6c0a2dc7b1a3d97de1e5aa25957\">\u017ee nejlep\u0161\u00edm zp\u016fsob, jak utr\u00e1cet americk\u00e9 miliardy, je zab\u00edjet Rusy<\/a>, propadl v\u010dera po zve\u0159ejn\u011bn\u00ed dlu\u017en\u00edho \u00fapisu zoufalstv\u00ed,\u00a0<a href=\"https:\/\/www.breitbart.com\/politics\/2023\/05\/28\/democrats-acknowledge-defeat-debt-negotiations-urge-members-vote-yes-anyway\/\">a vztekal se<\/a>, \u017ee zkr\u00e1cen\u00ed v\u00fddaj\u016f na n\u00e1mo\u0159nictvo povede k redukci US plavidel z 298 na 291. A to v dob\u011b, kdy \u010c\u00edna zvy\u0161uje po\u010dty sv\u00fdch v\u00e1le\u010dn\u00fdch lod\u00ed o t\u0159etinu! A \u017ee v\u00fddaje Pentagonu, se navzdory Bidenovu tvrzen\u00ed o zv\u00fd\u0161en\u00ed, vlastn\u011b sni\u017euj\u00ed, proto\u017ee rozd\u00edl mezi zv\u00fd\u0161en\u00fdmi v\u00fddaji +3.2%, a\u00a0<a href=\"https:\/\/www.bbc.com\/news\/business-65547974\">inflac\u00ed v USA +5%<\/a>\u00a0je z\u00e1porn\u00fd, a to znamen\u00e1, \u017ee USA vlastn\u011b odzbrojuj\u00ed, m\u00edsto toho aby zbrojily!! \u010c\u00ednsk\u00e9 lo\u010fstvo m\u00e1 nyn\u00ed u\u017e 417 lod\u00ed s exklusivn\u00ed pr\u016fm\u011brnou dobou st\u00e1\u0159\u00ed 13 let a ka\u017edoro\u010dn\u011b svoji flotilu\u00a0<a href=\"https:\/\/247wallst.com\/special-report\/2023\/03\/18\/the-most-common-ships-and-submarines-in-the-chinas-navy\/\">zvy\u0161uje o bojov\u00fd ekvivalent cel\u00e9 britsk\u00e9 Royal Navy<\/a>!<\/p>\n<p>Z \u010c\u00edny v\u010dera ozn\u00e1mili, \u017ee navzdory do\u010dasn\u00e9 z\u00e1chran\u011b dolaru podpisem nov\u00e9ho dlu\u017en\u00edho \u00fapisu Ameriky,\u00a0<a href=\"https:\/\/www.globaltimes.cn\/page\/202305\/1291506.shtml\">se de-dolarizace sv\u011bta op\u011bt p\u0159ibl\u00ed\u017eila<\/a>, proto\u017ee Saudsk\u00e1 Ar\u00e1bie pl\u00e1nuje vstoupit do mezist\u00e1tn\u00ed banky NDB, zn\u00e1m\u00e9 tak\u00e9 jako banka BRICS. K dosavadn\u00edm \u010dlen\u016fm Rusku, \u010c\u00edn\u011b, Indii, Braz\u00edlii, Ji\u017en\u00ed Africe, Emir\u00e1t\u016fm, Uruguayi, Banglad\u00e9\u0161i a Egyptu, tak p\u0159ibude v\u00fdznamn\u00fd a movit\u00fd \u010dlen Saudsk\u00e1 Ar\u00e1bie. Ta nejen\u017ee za\u010dala s ropou obchodovat v Juanech a v dal\u0161\u00edch m\u011bn\u00e1ch, \u010d\u00edm\u017e zru\u0161ila letit\u00fd dolarov\u00fd monopol USA na v\u0161echny sv\u011btov\u00e9 obchody s ropou,\u00a0<a href=\"https:\/\/militarywatchmagazine.com\/article\/saudi-china-j10c-drone-classes\">ale dokonce i v\u010dera ozn\u00e1mila nesl\u00fdchanou drzost \u2013 bude nakupovat st\u00edhac\u00ed letadla u\u017e ne z USA, ale z \u010c\u00edny<\/a>, stejn\u011b jako i dal\u0161\u00ed zbran\u011b z Ruska! USA tak za jedin\u00fd rok p\u0159i\u0161ly o sv\u016fj nejlukrativn\u011bj\u0161\u00ed\u00a0 zbrojn\u00ed trh, a je ot\u00e1zkou budoucnosti, kdo vlastn\u011b, krom \u010cernochov\u00e9, bude americk\u00e9 zbran\u011b nakupovat, a hlavn\u011b z \u010deho budou USA svoji vojenskou ma\u0161inerii financovat, kdy\u017e p\u0159ich\u00e1zej\u00ed o jednoho klienta za druh\u00fdm, o dolar, a z\u00e1sobovat zbran\u011bmi Kyjev, je jako krmit \u010dernou d\u00edru, a myslet si, \u017ee se jednou nasyt\u00ed, a zaplat\u00ed, co spolkla.<\/p>\n<p>Rusku se navzdory sankc\u00edm da\u0159\u00ed zvy\u0161ovat v\u00fdrobu neb\u00fdval\u00fdm tempem,\u00a0<a href=\"https:\/\/jamestown.org\/program\/russian-arms-production-for-q1-2023\/\">p\u0159iznala organizace z\u0159\u00edzen\u00e1 CIA na podvracen\u00ed Ruska<\/a>, a zve\u0159ejnila sv\u00e9 v\u00fdpo\u010dty rusk\u00e9 zbrojn\u00ed a civiln\u00ed produkce za 1. \u010dtvrtlet\u00ed leto\u0161n\u00edho roku. Podle t\u011bchto odborn\u00fdch \u0161pionsk\u00fdch v\u00fdpo\u010dt\u016f CIA se rusk\u00e1 produkce civiln\u00edho zbo\u017e\u00ed i zbran\u00ed zv\u00fd\u0161ila za 1Q2023 takto:<\/p>\n<ul>\n<li>Po\u010d\u00edta\u010de a elektronick\u00e1 a optick\u00e1 za\u0159\u00edzen\u00ed:\u00a0 \u00a0 \u00a0 \u00a0 \u00a0 \u00a0 \u00a0 \u00a0 \u00a0 \u00a0 \u00a0 \u00a0 \u00a0 \u00a0 \u00a0 \u00a0 \u00a0 \u00a0 \u00a0 \u00a0 \u00a0 \u00a0 \u00a0 \u00a0 \u00a0 \u00a0 \u00a0 \u00a0 \u00a0 171,7 procenta<\/li>\n<li>Kovov\u00e9 v\u00fdrobky, krom\u011b stroj\u016f a za\u0159\u00edzen\u00ed (nap\u0159. d\u011blost\u0159eleck\u00e9 n\u00e1boje)\u00a0 \u00a0 \u00a0 \u00a0 \u00a0147 procent<\/li>\n<\/ul>\n<p>V Bruselu, jak se od CIA dozv\u011bd\u011bli, \u017ee 10 bal\u00ed\u010dk\u016f sankc\u00ed nem\u00e1 na Rusko \u017e\u00e1dn\u00fd vliv,\u00a0<a href=\"https:\/\/www.politico.eu\/article\/new-sanctions-against-russia-stuck-limbo-greece-hungary-protest-ukraine-war\/\">vymysleli bal\u00edk sankc\u00ed \u010d\u00edslo 11<\/a>, a v n\u011bm se chystaj\u00ed, \u017ee uval\u00ed sankce na v\u0161echny st\u00e1ty cel\u00e9ho sv\u011bta, kter\u00e9 s Ruskem obchoduj\u00ed. \u017de t\u00edm riskuj\u00ed odvetn\u00e9 sankce, zjevn\u011b nepochopili. Z bal\u00ed\u010dku na\u0161t\u011bst\u00ed zat\u00edm nic nebude, proto\u017ee Ma\u010farsko a \u0158ecko si postavily hlavu, a ozn\u00e1mily VETO! Proti jsou tak\u00e9 N\u011bmecko a dal\u0161\u00ed zem\u011b, proto\u017ee si spo\u010d\u00edtaly, \u017ee odvetn\u00e9 sankce by mohly t\u011b\u017ece zas\u00e1hnout evropskou ekonomiku.\u00a0<a href=\"https:\/\/www.michalapetr.com\/mip-14-hrozi-dramaticky-propad-kvality-a-dostupnosti-lekarske-pece-v-cesku-orban-zachranil-madary\/\">Jak jsme vysv\u011btlili u\u017e v dubnu 2022<\/a>\u00a0\u2013 Rusk\u00e1 ekonomika je mimo\u0159\u00e1dn\u011b autarkn\u00ed \u2013 nez\u00e1visl\u00e1 na sv\u011bt\u011b \u2013 a ve spojen\u00ed se zem\u011bmi BRICS a dal\u0161\u00edmi dodavateli se st\u00e1v\u00e1 sankcemi tak\u0159ka \u00fapln\u011b neposti\u017eitelnou. Nejnov\u011bj\u0161\u00ed data CIA to jen potvrzuj\u00ed. Zat\u00edmco N\u011bmecko se \u0159\u00edd\u00ed do hospod\u00e1\u0159sk\u00e9 krize, a jeho pr\u016fmysl nem\u00e1 objedn\u00e1vky, Rusko nab\u00edr\u00e1 desetitis\u00edce nov\u00fdch zam\u011bstnanc\u016f. Ukazuje se, \u017ee sankce nastartovaly ruskou ekonomiku, m\u011bly tedy opa\u010dn\u00fd d\u016fsledek, jak pro Rusko \u2013 r\u016fst, tak pro EU \u2013 krize! Sankce po roce dopadly p\u0159esn\u011b,\u00a0<a href=\"https:\/\/www.parlamentnilisty.cz\/arena\/monitor\/Ekonom-Kovanda-varuje-Ruska-ekonomika-vypada-ze-to-zvladne-s-prehledem-698113\">jak p\u0159edpov\u011bd\u011bl 4. dubna 2022 ekonom Kovanda<\/a>.<\/p>\n<p>V Turecku vyhr\u00e1l volby Erdogan. Putin, Macron, i Biden\u00a0<a href=\"https:\/\/www.politico.eu\/article\/turkey-erdogan-set-for-election-victory\/\">se v\u010dera ve\u010der p\u0159edh\u00e1n\u011bli<\/a>, kdo mu pogratuluje rychleji a l\u00e9pe. Podle Putinovy gratulace bylo v\u00edt\u011bzstv\u00ed Erdogana\u00a0<em>p\u0159irozen\u00fdm v\u00fdsledkem jeho nezi\u0161tn\u00e9 pr\u00e1ce pro Turecko. A v\u00fdrazem touhy tureck\u00fdch voli\u010d\u016f po nez\u00e1visl\u00e9 mezin\u00e1rodn\u00ed politice<\/em>. Biden zase napsal, \u017ee se t\u011b\u0161\u00ed na budouc\u00ed spolupr\u00e1ci v NATO p\u0159i \u0159e\u0161en\u00ed glob\u00e1ln\u00edch v\u00fdzev. Brusel rad\u011bji ml\u010del, proto\u017ee ve volb\u00e1ch vsadil na pora\u017een\u00e9ho kon\u011b.\u00a0 A proto\u017ee Erdogan vyhr\u00e1l ke vzteku Eurokrat\u016f volby ve druh\u00e9m kole s\u00e1zkou na \u00fatoky proti bruselsk\u00fdm pravidl\u016fm LGBTQ, a navzdory z\u00e1padn\u00edm volebn\u00edm prognostik\u016fm ve\u0159ejn\u00e9ho m\u00edn\u011bn\u00ed, volby vyhr\u00e1l. Rozradovan\u00fd Erdogan po ozn\u00e1men\u00ed o sv\u00e9m v\u00edt\u011bzstv\u00ed pok\u0159ikoval na shrom\u00e1\u017ed\u011bn\u00e9 voli\u010de, \u017ee se mohou spolehnout,\u00a0<em>\u017ee tradi\u010dn\u00ed rodina bude v Turecku svat\u00e1<\/em>, a skl\u00edzel nad\u0161en\u00e9 ovace! Erdoganov\u00fdm v\u00edt\u011bzstv\u00edm bylo pos\u00edleno ji\u017en\u00ed k\u0159\u00eddlo Putinovy nov\u00e9 aliance, a lze o\u010dek\u00e1vat, \u017ee Turecko se m\u00edsto \u010dlenem EU, stane d\u0159\u00edve \u010dlenem BRICS.<\/p>\n<p><a href=\"https:\/\/www.merkur.de\/politik\/ukraine-gegenoffensive-krieg-news-aktuell-russland-bachmut-moskau-kiew-news-ticker-zr-92303863.html\">V\u010dera podve\u010der nejd\u0159\u00edve Lavrov tvrd\u011b varoval Z\u00e1pad<\/a>, a\u0165 si d\u00e1 na Rusko pozor, proto\u017ee Rusko je\u0161t\u011b neza\u010dalo na Ukrajin\u011b po\u0159\u00e1dn\u011b v\u00e1l\u010dit! Ale doba, kdy v\u00e1lku na Ukrajin\u011b vezme Rusko v\u00e1\u017en\u011b, se nezadr\u017eiteln\u011b bl\u00ed\u017e\u00ed! Jen co sv\u00e9 varov\u00e1n\u00ed dokon\u010dil,\u00a0<a href=\"https:\/\/www.unian.net\/war\/v-ryade-oblastey-ukrainy-obyavili-vozdushnuyu-trevogu-12273516.html\">dopadl na Kyjev v t\u00e9to v\u00e1lce zat\u00edm nejmasivn\u011bj\u0161\u00ed \u00fader dron\u016f a raket<\/a>. Podle rozhovoru rusk\u00e9ho velvyslance v Brit\u00e1nii s BBC z tohoto v\u00edkendu<a href=\"https:\/\/www.bbc.com\/news\/uk-politics-65720980\">\u00a0je Rusko 16 kr\u00e1t siln\u011bj\u0161\u00ed ne\u017e Ukrajina<\/a>, a a\u017e za\u010dne v\u00e1lku br\u00e1t v\u00e1\u017en\u011b, tak se budou d\u00edt v\u011bci.<\/p>\n<p>V\u00e1lka na Ukrajin\u011b se nezadr\u017eiteln\u011b ch\u00fdl\u00ed ke sv\u00e9mu rozzuzlen\u00ed. P\u0159edev\u010d\u00edrem se z Kyjeva ozval jeden z nejv\u00fdznamn\u011bj\u0161\u00edch ukrajinsk\u00fdch ekonom\u016f sou\u010dasnosti Oleksiy Kush, a\u00a0<a href=\"https:\/\/ok.ru\/video\/5444781804164\">p\u0159ekvapen\u00fdm div\u00e1k\u016fm p\u0159i rozhovoru s novin\u00e1\u0159i<\/a>\u00a0ozn\u00e1mil, \u017ee Ukrajin\u011b zb\u00fdv\u00e1 pro v\u00e1l\u010den\u00ed s Ruskem u\u017e jen jedin\u00fd rok. Proto\u017ee demografick\u00e9 a finan\u010dn\u00ed ztr\u00e1ty Ukrajiny jsou u\u017e tak obrovsk\u00e9, \u017ee nejpozd\u011bji na konci roku 2024 nastane bod, ze kter\u00e9ho u\u017e pro Ukrajinu nen\u00ed n\u00e1vratu. A ukrajinsk\u00fd n\u00e1rod i st\u00e1t definitivn\u011b v d\u016fsledku lidsk\u00fdch a ekonomick\u00fdch ztr\u00e1t zaniknou.\u00a0<em><a href=\"https:\/\/ok.ru\/video\/5444781804164\">Konec roku 2024, je pro mn\u011b konec Ukrajiny, pokud neskon\u010d\u00ed v\u00e1lka. Te\u010dka<\/a>.<\/em>\u00a0Uzav\u0159el sv\u00e9 v\u010derej\u0161\u00ed vystoupen\u00ed Oleksiy Kush, kter\u00fd\u00a0<a href=\"https:\/\/globalhappenings.com\/economy\/363197.html\">je spolupracovn\u00edkem<\/a>\u00a0<a href=\"https:\/\/www.unian.info\/editor\/aleksey-kushch\">\u0159ady v\u00fdznamn\u00fdch ukrajinsk\u00fdch<\/a>\u00a0proz\u00e1padn\u00edch m\u00e9di\u00ed,\u00a0<a href=\"https:\/\/archive.kyivpost.com\/author\/oleksiy-kushch\">t\u0159eba Kyiv Post<\/a>, a jedn\u00edm z nejv\u00fdznamn\u011bj\u0161\u00edch ukrajinsk\u00fdch ekonomick\u00fdch a finan\u010dn\u00edch analytik\u016f. Kush tak potvrdil star\u0161\u00ed vyj\u00e1d\u0159en\u00ed dal\u0161\u00edho v\u00fdznamn\u00e9ho<a href=\"https:\/\/www.kp.ru\/daily\/27508.5\/4769432\/\">\u00a0ukrajinsk\u00e9ho ekonoma Jurije Gavrile\u010dka<\/a>, kter\u00fd obvinil z\u00e1padn\u00ed spojence, \u017ee nel\u00edtostn\u011b drancuj\u00ed lidsk\u00e9 zdroje Ukrajiny. Podle Gavrile\u010dka, p\u0159ed 15 lety za\u010daly st\u00e1ty EU masivn\u011b rozkr\u00e1dat ukrajinsk\u00e9 vysoko\u0161kol\u00e1ky. P\u0159ed 10 lety st\u0159edo\u0161kol\u00e1ky. A p\u0159ed 5 lety ka\u017ed\u00e9ho, kdo ukon\u010dil aspo\u0148 z\u00e1kladn\u00ed \u0161kolu. Proto\u017ee drancov\u00e1n\u00ed lid\u00ed na Ukrajin\u011b st\u00e1le pokra\u010duje, \u0159ekl Gavrili\u010dko, nez\u016fstane na Ukrajin\u011b u\u017e nikdo, kdo by ji po zni\u010den\u00ed obnovil.<\/p>\n<p>Naopak v\u010dera za\u010dali kyjev\u0161t\u00ed propagandist\u00e9 oznamovat bl\u00ed\u017e\u00edc\u00ed se v\u00edt\u011bzstv\u00ed.\u00a0<a href=\"https:\/\/www.unian.net\/war\/kontrnastuplenie-vsu-na-nizkom-starte-na-kakih-napravleniya-vspyhnet-nazvana-data-12273501.html\">Plukovn\u00edk ukrajinsk\u00e9 rozv\u011bdky Roman Svitan sl\u00edbil Ukrajinc\u016fm<\/a>, \u017ee kone\u010dn\u00e1 ofenz\u00edva na vyhn\u00e1n\u00ed Rus\u016f za\u010dne 6. a\u017e 7. \u010dervna a to v 5 a\u017e 7 \u00fato\u010dn\u00fdch sm\u011brech, ale ur\u010dit\u011b na Bachmut.\u00a0<a href=\"https:\/\/www.michalapetr.com\/map-1517-sok-nato-se-chysta-zakrocit-na-ukrajine-bylo-vcera-oznameno\/\">Plukovn\u00edk Svitan je dob\u0159e informovan\u00fd<\/a>, proto\u017ee u\u017e v listopadu 2022 ozn\u00e1mil, \u017ee Ukrajina dostane letos na ja\u0159e rakety Patriot. Svou p\u0159edpov\u011bd\u00ed se nejen dokonale trefil, t\u00edm sp\u00ed\u0161, \u017ee v listopadu 2022, byl je\u0161t\u011b Biden proti. Ale tak\u00e9 p\u0159edpov\u011bd\u011bl, \u017ee rakety Patriot budou na Ukrajin\u011b obsluhovat p\u0159\u00edslu\u0161n\u00edci arm\u00e1d NATO.\u00a0<a href=\"https:\/\/www.michalapetr.com\/map-1682-nove-ruske-laserove-satelity-vypustene-letos-v-breznu-a-dubnu-se-staly-posly-smrti-pro-patrioty\/\">Podle presti\u017en\u00edho vojensko-analytick\u00e9ho webu MWM se Svitan nespletl ani v tomto \u00fadaji<\/a>, jen se nev\u00ed, kolik \u010dlen\u016f obsluhy Patriot\u016f ze zem\u00ed NATO padlo p\u0159i jejich zni\u010den\u00ed.<\/p>\n<p>Jestli Roman Svitan m\u00e1 aspo\u0148 ob\u010das p\u0159esn\u00e9 \u00fadaje, tak jeho kolega, velitel ukrajinsk\u00e9ho letectva skupiny St\u0159ed brig\u00e1dn\u00ed gener\u00e1l \u0421\u0435\u0440\u0433\u0435\u0439 \u0413\u043e\u043b\u0443\u0431\u0446\u043e\u0432 je evidentn\u00ed bl\u00e1zen.\u00a0<a href=\"https:\/\/www.unian.net\/weapons\/skolko-f-16-nado-ukraine-chtoby-vytesnit-rossiyan-general-12273486.html\">Golubcov v\u010dera tvrdil Ukrajinc\u016fm<\/a>, \u017ee a\u017e dostane 12 a\u017e 16 letadel F-16, tak je rozm\u00edst\u00ed na leti\u0161t\u00edch 150 km od frontov\u00e9 linie, a a\u017e p\u0159ilet\u00ed rusk\u00e1 letadla, tak F-16 vzl\u00e9tnou, oz\u00e1\u0159\u00ed Rusy radarem na 100km, a ti prchnou. Golubcov bu\u010f nev\u00ed, \u017ee Rusov\u00e9 sest\u0159eluj\u00ed nep\u0159\u00e1telsk\u00e1 letadla na 300 km, tedy mimo dosah radaru F-16, a nebo prozradil nejvy\u0161\u0161\u00ed st\u00e1tn\u00ed tajemstv\u00ed NATO \u2013 l<a href=\"https:\/\/www.michalapetr.com\/map-1684-irbis-e-rusky-lovec-ukrajinskych-f-16-vydesil-washington-sef-narodni-bezpecnosti-usa-vcera-oznamil-ze-o-dodavkach-f-16-pro-kyjev-jeste-neni-rozhodnuto-desi-pentagon-vic-hrozba-obrovske-os\/\">etadla F-16, kter\u00e1 Ukrajina dostane z Holandska jsou takov\u00e9 \u0161roty<\/a>, \u017ee mohou slou\u017eit pouze jako n\u00e1vnada k \u00fatoku rusk\u00fdch letadel na ukrajinsk\u00e1 leti\u0161t\u011b, kde budou Golubcovem rozm\u00edst\u011bna. A tato strategie p\u0159esn\u011b odpov\u00edd\u00e1 navr\u017een\u00e9 strategii na vl\u00e1k\u00e1n\u00ed rusk\u00fdch letadel do p\u0159edem p\u0159ipraven\u00e9 protiletadlov\u00e9 raketov\u00e9 pasti, jak navrhuj\u00ed jihoameri\u010dt\u00ed vojen\u0161t\u00ed specialist\u00e9, jako jedin\u00fd mo\u017en\u00fd zp\u016fsob boje s rusk\u00fdm letectvem \u2013 viz. mapa pasti na rusk\u00e9 st\u00edha\u010dky a vrtuln\u00edky, kter\u00e1 u\u017e byla \u00fasp\u011b\u0161n\u011b realizov\u00e1na: (<a href=\"https:\/\/www.pucara.org\/post\/guerra-a%C3%A9rea-de-ucrania-modo-de-asalto-parte-6\">Podrobn\u011b s dal\u0161\u00edmi mapami zde<\/a>)<\/p>\n<p><img decoding=\"async\" loading=\"lazy\" class=\"size-full wp-image-4498 aligncenter\" src=\"https:\/\/www.michalapetr.com\/wp-content\/uploads\/2023\/05\/faeb1f_8da2713cda084b378abda4343ba5c772mv2.png\" sizes=\"(max-width: 740px) 100vw, 740px\" srcset=\"https:\/\/www.michalapetr.com\/wp-content\/uploads\/2023\/05\/faeb1f_8da2713cda084b378abda4343ba5c772mv2.png 740w, https:\/\/www.michalapetr.com\/wp-content\/uploads\/2023\/05\/faeb1f_8da2713cda084b378abda4343ba5c772mv2-300x192.png 300w, https:\/\/www.michalapetr.com\/wp-content\/uploads\/2023\/05\/faeb1f_8da2713cda084b378abda4343ba5c772mv2-705x451.png 705w, https:\/\/www.michalapetr.com\/wp-content\/uploads\/2023\/05\/faeb1f_8da2713cda084b378abda4343ba5c772mv2-450x288.png 450w\" alt=\"\" width=\"740\" height=\"473\" \/><\/p>\n<p>&nbsp;<\/p>\n<p><a href=\"https:\/\/www.michalapetr.com\/map-1690-ve-washingtonu-zavladl-vcera-smutek-v-moskve-se-slavilo-v-kyjeve-se-trasla-zem-28-kveten-2023-vstoupi-do-historie\/\">Michael Svato\u0161<\/a><\/p>\n<p><img decoding=\"async\" loading=\"lazy\" class=\"alignnone size-full wp-image-27204\" src=\"http:\/\/www.infokuryr.cz\/n\/wp-content\/uploads\/2023\/05\/Michael_Svatos.png\" alt=\"\" width=\"180\" height=\"180\" srcset=\"https:\/\/www.infokuryr.cz\/n\/wp-content\/uploads\/2023\/05\/Michael_Svatos.png 180w, https:\/\/www.infokuryr.cz\/n\/wp-content\/uploads\/2023\/05\/Michael_Svatos-150x150.png 150w\" sizes=\"(max-width: 180px) 100vw, 180px\" \/><\/p>\n<p>__________________<\/p>\n<p>&nbsp;<\/p>\n<p>&nbsp;<\/p>\n<p><img decoding=\"async\" loading=\"lazy\" class=\"wp-image-19187 aligncenter\" src=\"http:\/\/www.infokuryr.cz\/n\/wp-content\/uploads\/2022\/12\/1-PRO-300x36.jpg\" alt=\"\" width=\"1300\" height=\"156\" srcset=\"https:\/\/www.infokuryr.cz\/n\/wp-content\/uploads\/2022\/12\/1-PRO-300x36.jpg 300w, https:\/\/www.infokuryr.cz\/n\/wp-content\/uploads\/2022\/12\/1-PRO.jpg 699w\" sizes=\"(max-width: 1300px) 100vw, 1300px\" \/><\/p>\n<p>&nbsp;<\/p>\n<p>&nbsp;<\/p>\n<p>&nbsp;<\/p>\n<p>&nbsp;<\/p>\n<p>&nbsp;<\/p>\n<p>&nbsp;<\/p>\n","protected":false},"excerpt":{"rendered":"<p>Ve Washingtonu zavl\u00e1dl v\u010dera smutek, \u0161krtaly se v\u00fddaje na zbran\u011b! V Moskv\u011b se slavilo! V&#8230;<\/p>\n","protected":false},"author":2,"featured_media":11817,"comment_status":"closed","ping_status":"closed","sticky":false,"template":"","format":"standard","meta":[],"categories":[6],"tags":[1042,45,246,26,37,73],"_links":{"self":[{"href":"https:\/\/www.infokuryr.cz\/n\/wp-json\/wp\/v2\/posts\/28998"}],"collection":[{"href":"https:\/\/www.infokuryr.cz\/n\/wp-json\/wp\/v2\/posts"}],"about":[{"href":"https:\/\/www.infokuryr.cz\/n\/wp-json\/wp\/v2\/types\/post"}],"author":[{"embeddable":true,"href":"https:\/\/www.infokuryr.cz\/n\/wp-json\/wp\/v2\/users\/2"}],"replies":[{"embeddable":true,"href":"https:\/\/www.infokuryr.cz\/n\/wp-json\/wp\/v2\/comments?post=28998"}],"version-history":[{"count":0,"href":"https:\/\/www.infokuryr.cz\/n\/wp-json\/wp\/v2\/posts\/28998\/revisions"}],"wp:featuredmedia":[{"embeddable":true,"href":"https:\/\/www.infokuryr.cz\/n\/wp-json\/wp\/v2\/media\/11817"}],"wp:attachment":[{"href":"https:\/\/www.infokuryr.cz\/n\/wp-json\/wp\/v2\/media?parent=28998"}],"wp:term":[{"taxonomy":"category","embeddable":true,"href":"https:\/\/www.infokuryr.cz\/n\/wp-json\/wp\/v2\/categories?post=28998"},{"taxonomy":"post_tag","embeddable":true,"href":"https:\/\/www.infokuryr.cz\/n\/wp-json\/wp\/v2\/tags?post=28998"}],"curies":[{"name":"wp","href":"https:\/\/api.w.org\/{rel}","templated":true}]}}