{"id":28996,"date":"2023-05-29T06:04:25","date_gmt":"2023-05-29T04:04:25","guid":{"rendered":"http:\/\/www.infokuryr.cz\/n\/?p=28996"},"modified":"2023-05-29T06:04:25","modified_gmt":"2023-05-29T04:04:25","slug":"jindrich-kulhavy-migrace-je-vicesmerna","status":"publish","type":"post","link":"https:\/\/www.infokuryr.cz\/n\/2023\/05\/29\/jindrich-kulhavy-migrace-je-vicesmerna\/","title":{"rendered":"Jind\u0159ich Kulhav\u00fd: Migrace je v\u00edcesm\u011brn\u00e1"},"content":{"rendered":"<div id=\"fb-root\"><\/div>\n<p><span class=\"anotation\">St\u00e1le v\u00edce op\u011bt prosakuj\u00ed informace o dal\u0161\u00edm navy\u0161ov\u00e1n\u00ed po\u010dtu migrant\u016f sm\u011b\u0159uj\u00edc\u00edch z\u00a0r\u016fzn\u00fdch \u010d\u00e1st\u00ed sv\u011bta do evropsk\u00fdch st\u00e1t\u016f. Plat\u00ed to p\u0159edev\u0161\u00edm o N\u011bmecku a Francii, st\u00e1tech Beneluxu, kam m\u00ed\u0159\u00ed mlad\u00edci z\u00a0Afriky a z Bl\u00edzk\u00e9ho V\u00fdchodu, d\u00e1le pro Ruskou federaci, Polsko, Slovensko a \u010ceskou republiku pln\u00edc\u00ed se Ukrajinci. V\u00fdm\u011bna evropsk\u00e9ho obyvatelstva je v\u00a0pln\u00e9m proudu.<\/span><\/p>\n<div id=\"pagetext\">\n<p>\u00a0 I p\u0159es rept\u00e1n\u00ed N\u011bmc\u016f si tamn\u00ed elity nad\u00e1le p\u0159iv\u00e1\u017e\u00ed mnoho migrant\u016f tmav\u00e9 pleti. Ty nejbohat\u0161\u00ed dokonce letecky. Obrovsk\u00e9 ekonomick\u00e9 zat\u00ed\u017een\u00ed soci\u00e1ln\u00edho syst\u00e9mu m\u00e1 za n\u00e1sledek dopady na p\u016fvodn\u00ed obyvatelstvo. Jeho \u010d\u00e1st hled\u00e1 v\u00fdchodisko v\u00a0t\u00e9to situaci odchodem z\u00a0N\u011bmecka. Takov\u00e9 Kan\u00e1rsk\u00e9 ostrovy jsou pln\u00e9 movit\u011bj\u0161\u00edch d\u016fchodc\u016f z\u00a0v\u00edce evropsk\u00fdch st\u00e1t\u016f v\u010detn\u011b \u010cesk\u00e9 republiky, N\u011bmce v\u0161ak potk\u00e1te i na Djerb\u011b, v\u00a0Egypt\u011b \u010di v\u00a0Tunisu. \u017divot tam je pro n\u011b toti\u017e levn\u011bj\u0161\u00ed.. V\u00a0samotn\u00e9m N\u011bmecku razantn\u011b stoup\u00e1 kriminalita, sni\u017euje se pracovn\u00ed produktivita a m\u011bn\u00ed se skladba obyvatelstva. Islamizace je v\u00a0pln\u00e9m proudu, o \u010dem\u017e sv\u011bd\u010d\u00ed po\u010det d\u011bt\u00ed s\u00a0arabsk\u00fdmi jm\u00e9ny a mno\u017e\u00edc\u00ed se obchody spravovan\u00e9 majiteli mnoha n\u00e1rodnost\u00ed. \u00darove\u0148 HDP je na b\u00fdval\u00e9 pom\u011bry v\u00a0N\u011bmecku ni\u017e\u0161\u00ed. K\u00a0opou\u0161t\u011bn\u00ed rodn\u00e9 zem\u011b v\u0161ak napom\u00e1h\u00e1 i plno jin\u00fdch faktor\u016f. Mezi n\u011b pat\u0159\u00ed politika evropsk\u00fdch liber\u00e1l\u016f, nesmyslnost Green Dealu a postupn\u00e1 likvidace \u010d\u00e1sti n\u011bmeck\u00e9ho pr\u016fmyslu. To se net\u00fdk\u00e1 jen N\u011bmecka. O exilu uva\u017euje mnoho Holan\u010fan\u016f dosud farma\u0159\u00edc\u00edch na sv\u00fdch pol\u00edch, kter\u00e9 vl\u00e1da systematicky likviduje. Nesm\u00edme zapomenout ani na sever Evropy, kde je d\u016fle\u017eit\u00fdm faktorem nejen nik\u00fdm dlouho nekontrolovan\u00fd p\u0159\u00edliv Afri\u010dan\u016f, ale t\u00e9\u017e jejich agresivita a vytv\u00e1\u0159en\u00ed rozs\u00e1hl\u00e9ho krimin\u00e1ln\u00edho prost\u0159ed\u00ed.<\/p>\n<p>Specifick\u00e1 je Francie. Kdysi sladk\u00e1 a romantick\u00e1, nyn\u00ed \u010dern\u00e1 a arabsk\u00e1. O pa\u0159\u00ed\u017esk\u00fdch p\u0159edm\u011bst\u00edch, v\u00a0nich\u017e u\u017e p\u0159eva\u017euj\u00ed Afri\u010dan\u00e9 a Arabov\u00e9, jsme u\u017e psali n\u011bkolikr\u00e1t. Na b\u00edl\u00e9ho Francouze tam t\u00e9m\u011b\u0159 nenaraz\u00edte. Podobn\u011b na tom je \u0159ada dal\u0161\u00edch m\u011bst. Nejen v\u00a0Pa\u0159\u00ed\u017ei existuj\u00ed ulice p\u0159ipom\u00ednaj\u00edc\u00ed camp se stany. Kousek od centra Lyonu zase v\u00a0bl\u00edzkosti m\u00edstn\u00edho prvoligov\u00e9ho ragbyov\u00e9ho stadionu parkuje ka\u017ed\u00fd ve\u010der v\u00edce jak stovka dod\u00e1vek, v\u00a0nich\u017e d\u011bv\u010data r\u016fzn\u00fdch n\u00e1rodnost\u00ed a p\u0159edev\u0161\u00edm tmav\u00e9 pleti poskytuj\u00ed sexu\u00e1ln\u00ed slu\u017eby. Samoz\u0159ejm\u011b pod dozorem \u0159idi\u010d\u016f ,,manager\u016f\u201c. Na hygienu se rad\u0161i neptejte. Je tedy vcelku logick\u00e9, \u017ee arabsk\u00fd a africk\u00fd kolorit Francie m\u00edstn\u00edm vad\u00ed a \u0159ada z\u00a0nich milovanou zemi opou\u0161t\u00ed. Francie nen\u00ed jen Azurov\u00e9 pob\u0159e\u017e\u00ed, filmov\u00fd festival v\u00a0Cannes \u010di kdysi malebn\u00e9 kn\u00ed\u017eectv\u00ed v\u00a0Monaku, jachty, soukrom\u00e1 letadla a luxusn\u00ed auta, ale tak\u00e9 ulice a n\u00e1m\u011bst\u00ed pln\u00e9 v\u0161eho mo\u017en\u00e9ho, jen ne Francouz\u016f, pr\u00e1zdn\u00fd venkov pln\u00fd star\u00fdch opu\u0161t\u011bn\u00fdch dom\u016f a cik\u00e1nsk\u00fdch squatt\u016f. A tak se i tam mno\u017e\u00ed odchody do jin\u00fdch zem\u00ed. Ostatn\u011b plno \u010cech\u016f, kte\u0159\u00ed si vybrali Francii za sv\u016fj nov\u00fd domov, se \u010dasto velmi rychle vrac\u00ed zp\u011bt. D\u016fvod\u016f k\u00a0tomu je mnoho v\u010detn\u011b naturelu samotn\u00fdch a nespolehliv\u00fdch Frant\u00edk\u016f, ale i m\u011bn\u00edc\u00ed se kulturn\u00ed zvyky a v\u00a0neposledn\u00ed \u0159ad\u011b st\u00e1le v\u011bt\u0161\u00ed nepo\u0159\u00e1dek.<\/p>\n<p>Ani u n\u00e1s u\u017e nen\u00ed nijak v\u00fdjime\u010dn\u00fdm, dozv\u00edte li se o odchodu n\u011bkoho zn\u00e1m\u00e9ho z\u00a0na\u0161\u00ed zem\u011b. Pr\u00e1v\u011b na Kan\u00e1rsk\u00fdch ostrovech se zabydlela \u010d\u00e1st na\u0161ich movit\u00fdch d\u016fchodc\u016f, byznys s\u00a0tamn\u00edmi realitami si vzali za vlastn\u00ed man\u017eel\u00e9 Vlasta H\u00e1jek a Zuzana Belohorcov\u00e1. \u010ce\u0161i se v\u0161ak zaj\u00edmaj\u00ed i o jin\u00e9 lokality a kupuj\u00ed nemovitosti ve \u0160pan\u011blsku, It\u00e1lii, v\u00a0Chorvatsku, \u0158ecku, n\u011bkte\u0159\u00ed dokonce a\u017e na hondurask\u00e9m ostrov\u011b Roat\u00e1n \u010di v\u00a0Thajsku. A jist\u011b se plno na\u0161ich spoluob\u010dan\u016f najde i jinde, by\u0165 z\u00a0Egypta, kde jich b\u00fdvalo dost, jich \u010d\u00e1st ode\u0161la t\u0159eba do Dominik\u00e1nsk\u00e9 republiky. Ostatn\u011b i tam lze za vcelku dobr\u00e9 pen\u00edze sehnat nemovitosti, p\u0159edev\u0161\u00edm apartm\u00e1ny v\u00a0novostavb\u00e1ch. Ji\u017en\u00ed Amerika bude brzy mnohem vyhled\u00e1van\u011bj\u0161\u00ed ne\u017e dosud, za co\u017e m\u016f\u017ee ne\u00fanosn\u00e9 evropsk\u00e9 ekoblbnut\u00ed spojen\u00e9 pr\u00e1v\u011b s\u00a0Green Dealem. A v\u00a0\u010cesk\u00e9 republice s\u00a0ukrajinizac\u00ed spole\u010dnosti a tot\u00e1ln\u00edm ekonomick\u00fdm se\u0161upem. Bl\u00edzko je doba, kdy ceny nemovitost\u00ed a jejich hodnota vezmou c\u00edlen\u011b za sv\u00e9 a pomoc\u00ed n\u011bkolika ekonomick\u00fdch n\u00e1stroj\u016f budeme o sv\u00e9 domy obr\u00e1ni, p\u0159\u00edpadn\u011b \u017eivot v\u00a0nich bude nesm\u00edrn\u011b drah\u00fd. Tedy pokud to p\u0159ipust\u00edme.<\/p>\n<p>\u0160\u00edlenost t\u00e9to doby dokresluje po\u010det migrant\u016f v\u00a0Evrop\u011b a jej\u00ed extr\u00e9mn\u011b rychl\u00fd p\u0159erod. Populace Arab\u016f a Afri\u010dan\u016f se v\u00a0Z\u00e1padn\u00ed Evrop\u011b zv\u011bt\u0161uje, u n\u00e1s u\u017e je milion Ukrajinc\u016f p\u0159eb\u00edraj\u00edc\u00edch z\u00e1sadn\u00ed pod\u00edl na pracovn\u00edm trhu. N\u00e1mi utracen\u00e9 pen\u00edze v\u00a0podob\u011b podpory kyjevsk\u00e9ho re\u017eimu se obloukem vrac\u00ed zp\u011bt do \u010cech jako investice bohat\u00fdch Ukrajinc\u016f. Skupuj\u00ed tu firmy, p\u0159\u00edpadn\u011b zakl\u00e1daj\u00ed nov\u00e9, zam\u011bstn\u00e1vaj\u00ed krajany a postupn\u011b p\u0159eb\u00edraj\u00ed iniciativu. P\u0159esto\u017ee velk\u00e1 \u010d\u00e1st m\u00e9n\u011b majetn\u00fdch na\u010derno pracuje, d\u00e1le vys\u00e1vaj\u00ed soci\u00e1ln\u00ed sf\u00e9ru a p\u0159i\u017eivuj\u00ed se na tuposti p\u011btikoali\u010dn\u00edch politik\u016f. Pro podporu se v\u0161ak nestyd\u00ed jezdit i ti jezd\u00edc\u00ed v\u00a0mercedesech a jin\u00fdch luxusn\u00edch zna\u010dk\u00e1ch. S\u00a0\u010d\u00edm\u017e se n\u011bkte\u0159\u00ed \u010ce\u0161i necht\u011bj\u00ed sm\u00ed\u0159it a hledaj\u00ed svou budoucnost jinde. Evropa se tak m\u011bn\u00ed z\u00a0vysp\u011bl\u00e9ho, ekonomicky siln\u00e9ho a \u017eivotem pulsuj\u00edc\u00edho sv\u011btad\u00edlu v\u00a0lidsk\u00e9 smeti\u0161t\u011b navezen\u00e9 z\u00a0p\u016flky sv\u011bta. Rusov\u00e9 vzali jen ty Ukrajince, kter\u00fdm je Rusko bli\u017e\u0161\u00ed ne\u017e vl\u00e1da \u0161\u00edlen\u00e9ho Zelensk\u00e9ho. K\u00a0n\u00e1m bohu\u017eel p\u0159i\u0161li jin\u00ed. P\u0159idejme uskute\u010d\u0148ovan\u00fd Green Deal i napl\u0148ovan\u00fd\u00a0\u00fakol v\u00a0podob\u011b Great Resetu a uznejme, \u017ee to tu za\u010d\u00edn\u00e1 b\u00fdt k\u00a0ne\u017eit\u00ed. Pro mnoho z n\u00e1s je tak ot\u00e1zka, kam j\u00edt, st\u00e1le \u010dast\u011bj\u00ed opakovan\u00e1. A my st\u00e1le jen ml\u010d\u00edme.<\/p>\n<p><a href=\"https:\/\/www.inadhled.live\/uvaha-dne\/migrace-je-vicesmerna\/\">Jind\u0159ich Kulhav\u00fd<\/a><\/p>\n<\/div>\n<p><img decoding=\"async\" loading=\"lazy\" class=\"alignnone size-medium wp-image-22653\" src=\"http:\/\/www.infokuryr.cz\/n\/wp-content\/uploads\/2023\/02\/jindra-kulhavy-221x300.jpg\" alt=\"\" width=\"221\" height=\"300\" srcset=\"https:\/\/www.infokuryr.cz\/n\/wp-content\/uploads\/2023\/02\/jindra-kulhavy-221x300.jpg 221w, https:\/\/www.infokuryr.cz\/n\/wp-content\/uploads\/2023\/02\/jindra-kulhavy.jpg 311w\" sizes=\"(max-width: 221px) 100vw, 221px\" \/><\/p>\n<p>______________________<\/p>\n<p>&nbsp;<\/p>\n<p>&nbsp;<\/p>\n<p><img decoding=\"async\" loading=\"lazy\" class=\"wp-image-19187 aligncenter\" src=\"http:\/\/www.infokuryr.cz\/n\/wp-content\/uploads\/2022\/12\/1-PRO-300x36.jpg\" alt=\"\" width=\"1250\" height=\"150\" srcset=\"https:\/\/www.infokuryr.cz\/n\/wp-content\/uploads\/2022\/12\/1-PRO-300x36.jpg 300w, https:\/\/www.infokuryr.cz\/n\/wp-content\/uploads\/2022\/12\/1-PRO.jpg 699w\" sizes=\"(max-width: 1250px) 100vw, 1250px\" \/><\/p>\n<p>&nbsp;<\/p>\n<p>&nbsp;<\/p>\n<p>&nbsp;<\/p>\n<p>&nbsp;<\/p>\n","protected":false},"excerpt":{"rendered":"<p>St\u00e1le v\u00edce op\u011bt prosakuj\u00ed informace o dal\u0161\u00edm navy\u0161ov\u00e1n\u00ed po\u010dtu migrant\u016f sm\u011b\u0159uj\u00edc\u00edch z\u00a0r\u016fzn\u00fdch \u010d\u00e1st\u00ed sv\u011bta do&#8230;<\/p>\n","protected":false},"author":2,"featured_media":25221,"comment_status":"closed","ping_status":"closed","sticky":false,"template":"","format":"standard","meta":[],"categories":[6],"tags":[229,29,1095],"_links":{"self":[{"href":"https:\/\/www.infokuryr.cz\/n\/wp-json\/wp\/v2\/posts\/28996"}],"collection":[{"href":"https:\/\/www.infokuryr.cz\/n\/wp-json\/wp\/v2\/posts"}],"about":[{"href":"https:\/\/www.infokuryr.cz\/n\/wp-json\/wp\/v2\/types\/post"}],"author":[{"embeddable":true,"href":"https:\/\/www.infokuryr.cz\/n\/wp-json\/wp\/v2\/users\/2"}],"replies":[{"embeddable":true,"href":"https:\/\/www.infokuryr.cz\/n\/wp-json\/wp\/v2\/comments?post=28996"}],"version-history":[{"count":0,"href":"https:\/\/www.infokuryr.cz\/n\/wp-json\/wp\/v2\/posts\/28996\/revisions"}],"wp:featuredmedia":[{"embeddable":true,"href":"https:\/\/www.infokuryr.cz\/n\/wp-json\/wp\/v2\/media\/25221"}],"wp:attachment":[{"href":"https:\/\/www.infokuryr.cz\/n\/wp-json\/wp\/v2\/media?parent=28996"}],"wp:term":[{"taxonomy":"category","embeddable":true,"href":"https:\/\/www.infokuryr.cz\/n\/wp-json\/wp\/v2\/categories?post=28996"},{"taxonomy":"post_tag","embeddable":true,"href":"https:\/\/www.infokuryr.cz\/n\/wp-json\/wp\/v2\/tags?post=28996"}],"curies":[{"name":"wp","href":"https:\/\/api.w.org\/{rel}","templated":true}]}}