{"id":28988,"date":"2023-05-29T01:14:55","date_gmt":"2023-05-28T23:14:55","guid":{"rendered":"http:\/\/www.infokuryr.cz\/n\/?p=28988"},"modified":"2023-05-29T05:31:06","modified_gmt":"2023-05-29T03:31:06","slug":"belorusko-obdrzelo-raketove-systemy-s-400","status":"publish","type":"post","link":"https:\/\/www.infokuryr.cz\/n\/2023\/05\/29\/belorusko-obdrzelo-raketove-systemy-s-400\/","title":{"rendered":"B\u011blorusko obdr\u017eelo raketov\u00e9 syst\u00e9my S-400"},"content":{"rendered":"<div id=\"fb-root\"><\/div>\n<h3 class=\"ds_ext_title-1XuEF ds_ext_title--font_weight_medium-7lN1- ds_ext_title--variant_h3_default-qY4sd ds_ext_title--color_tass-7fJdw\">Jak bylo uvedeno na Ministerstvu obrany republiky, B\u011blorusko pokra\u010duje v realizaci opat\u0159en\u00ed k vybudov\u00e1n\u00ed bojov\u00e9ho potenci\u00e1lu region\u00e1ln\u00ed skupiny vojsk<\/h3>\n<section class=\"Material_container__ETnUZ \">\n<article>\n<p class=\"Paragraph_paragraph__nYCys \"><span class=\"ds_ext_text-tov6w ds_ext_text--serif-gR6vA ds_ext_text--size_large-KlJUR ds_ext_text--font_weight_regular-sLSOt ds_ext_text--color_primary-iFZIj\">Rusko dodalo B\u011blorusku dal\u0161\u00ed sadu protiletadlov\u00fdch raketov\u00fdch syst\u00e9m\u016f S-400.\u00a0Ozn\u00e1mila to v ned\u011bli tiskov\u00e1 slu\u017eba b\u011blorusk\u00e9ho ministerstva obrany.<\/span><\/p>\n<p class=\"Paragraph_paragraph__nYCys \"><span class=\"ds_ext_text-tov6w ds_ext_text--serif-gR6vA ds_ext_text--size_large-KlJUR ds_ext_text--font_weight_regular-sLSOt ds_ext_text--color_primary-iFZIj\">&#8222;Dal\u0161\u00ed sada protiletadlov\u00e9ho raketov\u00e9ho syst\u00e9mu S-400 dorazila do B\u011blorusk\u00e9 republiky. V bl\u00edzk\u00e9 budoucnosti komplex p\u0159evezme bojovou slu\u017ebu. B\u011bloru\u0161t\u00ed protiletadlov\u00ed st\u0159elci absolvovali \u00fapln\u00fd v\u00fdcvikov\u00fd kurz pro bojov\u00e9 pou\u017eit\u00ed syst\u00e9mu na rusk\u00fdch cvi\u010di\u0161t\u00edch,\u201c p\u00ed\u0161e se ve zpr\u00e1v\u011b.<\/span><\/p>\n<p class=\"Paragraph_paragraph__nYCys \"><span class=\"ds_ext_text-tov6w ds_ext_text--serif-gR6vA ds_ext_text--size_large-KlJUR ds_ext_text--font_weight_regular-sLSOt ds_ext_text--color_primary-iFZIj\">Ministerstvo obrany poznamenalo, \u017ee B\u011blorusko pokra\u010duje v realizaci opat\u0159en\u00ed k vybudov\u00e1n\u00ed bojov\u00e9ho potenci\u00e1lu region\u00e1ln\u00ed skupiny sil, v\u010detn\u011b vybaven\u00ed formac\u00ed a vojensk\u00fdch jednotek ozbrojen\u00fdch sil nov\u00fdmi modern\u00edmi zbran\u011bmi.<\/span><\/p>\n<p><img decoding=\"async\" loading=\"lazy\" class=\"alignnone size-full wp-image-1185\" src=\"http:\/\/www.infokuryr.cz\/n\/wp-content\/uploads\/2021\/04\/kuryr-podpis.png\" alt=\"\" width=\"84\" height=\"24\" \/><\/p>\n<\/article>\n<\/section>\n<p>&nbsp;<\/p>\n<p><img decoding=\"async\" loading=\"lazy\" class=\"wp-image-19187 aligncenter\" src=\"http:\/\/www.infokuryr.cz\/n\/wp-content\/uploads\/2022\/12\/1-PRO-300x36.jpg\" alt=\"\" width=\"1283\" height=\"154\" srcset=\"https:\/\/www.infokuryr.cz\/n\/wp-content\/uploads\/2022\/12\/1-PRO-300x36.jpg 300w, https:\/\/www.infokuryr.cz\/n\/wp-content\/uploads\/2022\/12\/1-PRO.jpg 699w\" sizes=\"(max-width: 1283px) 100vw, 1283px\" \/><\/p>\n<p>&nbsp;<\/p>\n<p>&nbsp;<\/p>\n","protected":false},"excerpt":{"rendered":"<p>Jak bylo uvedeno na Ministerstvu obrany republiky, B\u011blorusko pokra\u010duje v realizaci opat\u0159en\u00ed k vybudov\u00e1n\u00ed bojov\u00e9ho&#8230;<\/p>\n","protected":false},"author":2,"featured_media":28989,"comment_status":"closed","ping_status":"closed","sticky":false,"template":"","format":"standard","meta":[],"categories":[7],"tags":[150,22,2226],"_links":{"self":[{"href":"https:\/\/www.infokuryr.cz\/n\/wp-json\/wp\/v2\/posts\/28988"}],"collection":[{"href":"https:\/\/www.infokuryr.cz\/n\/wp-json\/wp\/v2\/posts"}],"about":[{"href":"https:\/\/www.infokuryr.cz\/n\/wp-json\/wp\/v2\/types\/post"}],"author":[{"embeddable":true,"href":"https:\/\/www.infokuryr.cz\/n\/wp-json\/wp\/v2\/users\/2"}],"replies":[{"embeddable":true,"href":"https:\/\/www.infokuryr.cz\/n\/wp-json\/wp\/v2\/comments?post=28988"}],"version-history":[{"count":0,"href":"https:\/\/www.infokuryr.cz\/n\/wp-json\/wp\/v2\/posts\/28988\/revisions"}],"wp:featuredmedia":[{"embeddable":true,"href":"https:\/\/www.infokuryr.cz\/n\/wp-json\/wp\/v2\/media\/28989"}],"wp:attachment":[{"href":"https:\/\/www.infokuryr.cz\/n\/wp-json\/wp\/v2\/media?parent=28988"}],"wp:term":[{"taxonomy":"category","embeddable":true,"href":"https:\/\/www.infokuryr.cz\/n\/wp-json\/wp\/v2\/categories?post=28988"},{"taxonomy":"post_tag","embeddable":true,"href":"https:\/\/www.infokuryr.cz\/n\/wp-json\/wp\/v2\/tags?post=28988"}],"curies":[{"name":"wp","href":"https:\/\/api.w.org\/{rel}","templated":true}]}}