{"id":28983,"date":"2023-05-29T01:13:23","date_gmt":"2023-05-28T23:13:23","guid":{"rendered":"http:\/\/www.infokuryr.cz\/n\/?p=28983"},"modified":"2023-05-28T17:35:54","modified_gmt":"2023-05-28T15:35:54","slug":"v-charkovske-oblasti-bylo-zasazeno-a-zniceno-docasne-umisteni-zoldaku","status":"publish","type":"post","link":"https:\/\/www.infokuryr.cz\/n\/2023\/05\/29\/v-charkovske-oblasti-bylo-zasazeno-a-zniceno-docasne-umisteni-zoldaku\/","title":{"rendered":"V Charkovsk\u00e9 oblasti bylo zasa\u017eeno a zni\u010deno do\u010dasn\u00e9 um\u00edst\u011bn\u00ed \u017eold\u00e1k\u016f"},"content":{"rendered":"<div id=\"fb-root\"><\/div>\n<p class=\"lead\"><strong>Rusk\u00e1 arm\u00e1da zni\u010dila m\u00edsto do\u010dasn\u00e9ho rozm\u00edst\u011bn\u00ed zahrani\u010dn\u00edch \u017eold\u00e1k\u016f v Charkovsk\u00e9 oblasti, informovalo dne 28. kv\u011btna Ministerstvo obrany Rusk\u00e9 federace.<\/strong><\/p>\n<p>Jak \u0159ekl ofici\u00e1ln\u00ed z\u00e1stupce rusk\u00e9ho vojensk\u00e9ho odd\u011blen\u00ed, gener\u00e1lporu\u010d\u00edk\u00a0<strong>Igor Kona\u0161enkov<\/strong> , bod \u00faderu se nach\u00e1zel pobl\u00ed\u017e m\u011bsta Bogodukhov.<\/p>\n<p><strong><em>&#8222;V oblasti m\u011bsta Bogodukhov v Charkovsk\u00e9 oblasti bylo zasa\u017eeno m\u00edsto do\u010dasn\u00e9ho rozm\u00edst\u011bn\u00ed zahrani\u010dn\u00edch \u017eold\u00e1k\u016f,&#8220;<\/em><\/strong><\/p>\n<p><img decoding=\"async\" loading=\"lazy\" class=\"alignnone size-full wp-image-1185\" src=\"http:\/\/www.infokuryr.cz\/n\/wp-content\/uploads\/2021\/04\/kuryr-podpis.png\" alt=\"\" width=\"84\" height=\"24\" \/><\/p>\n<p>&nbsp;<\/p>\n<p>&nbsp;<\/p>\n<p><img decoding=\"async\" loading=\"lazy\" class=\"wp-image-19187 aligncenter\" src=\"http:\/\/www.infokuryr.cz\/n\/wp-content\/uploads\/2022\/12\/1-PRO-300x36.jpg\" alt=\"\" width=\"1300\" height=\"156\" srcset=\"https:\/\/www.infokuryr.cz\/n\/wp-content\/uploads\/2022\/12\/1-PRO-300x36.jpg 300w, https:\/\/www.infokuryr.cz\/n\/wp-content\/uploads\/2022\/12\/1-PRO.jpg 699w\" sizes=\"(max-width: 1300px) 100vw, 1300px\" \/><\/p>\n<p>&nbsp;<\/p>\n<p>&nbsp;<\/p>\n<p>&nbsp;<\/p>\n","protected":false},"excerpt":{"rendered":"<p>Rusk\u00e1 arm\u00e1da zni\u010dila m\u00edsto do\u010dasn\u00e9ho rozm\u00edst\u011bn\u00ed zahrani\u010dn\u00edch \u017eold\u00e1k\u016f v Charkovsk\u00e9 oblasti, informovalo dne 28. kv\u011btna&#8230;<\/p>\n","protected":false},"author":2,"featured_media":20458,"comment_status":"closed","ping_status":"closed","sticky":false,"template":"","format":"standard","meta":[],"categories":[7],"tags":[2416,26,1870],"_links":{"self":[{"href":"https:\/\/www.infokuryr.cz\/n\/wp-json\/wp\/v2\/posts\/28983"}],"collection":[{"href":"https:\/\/www.infokuryr.cz\/n\/wp-json\/wp\/v2\/posts"}],"about":[{"href":"https:\/\/www.infokuryr.cz\/n\/wp-json\/wp\/v2\/types\/post"}],"author":[{"embeddable":true,"href":"https:\/\/www.infokuryr.cz\/n\/wp-json\/wp\/v2\/users\/2"}],"replies":[{"embeddable":true,"href":"https:\/\/www.infokuryr.cz\/n\/wp-json\/wp\/v2\/comments?post=28983"}],"version-history":[{"count":1,"href":"https:\/\/www.infokuryr.cz\/n\/wp-json\/wp\/v2\/posts\/28983\/revisions"}],"predecessor-version":[{"id":28984,"href":"https:\/\/www.infokuryr.cz\/n\/wp-json\/wp\/v2\/posts\/28983\/revisions\/28984"}],"wp:featuredmedia":[{"embeddable":true,"href":"https:\/\/www.infokuryr.cz\/n\/wp-json\/wp\/v2\/media\/20458"}],"wp:attachment":[{"href":"https:\/\/www.infokuryr.cz\/n\/wp-json\/wp\/v2\/media?parent=28983"}],"wp:term":[{"taxonomy":"category","embeddable":true,"href":"https:\/\/www.infokuryr.cz\/n\/wp-json\/wp\/v2\/categories?post=28983"},{"taxonomy":"post_tag","embeddable":true,"href":"https:\/\/www.infokuryr.cz\/n\/wp-json\/wp\/v2\/tags?post=28983"}],"curies":[{"name":"wp","href":"https:\/\/api.w.org\/{rel}","templated":true}]}}