{"id":28856,"date":"2023-05-27T01:07:44","date_gmt":"2023-05-26T23:07:44","guid":{"rendered":"http:\/\/www.infokuryr.cz\/n\/?p=28856"},"modified":"2023-05-26T10:55:45","modified_gmt":"2023-05-26T08:55:45","slug":"jak-dopadl-popelka-s-ukrajinskou-vlajkou-na-muzeu-u-odvolaciho-soudu-rychlosoudce-svrcek-je-malem-oznacen-za-obecniho-lempla","status":"publish","type":"post","link":"https:\/\/www.infokuryr.cz\/n\/2023\/05\/27\/jak-dopadl-popelka-s-ukrajinskou-vlajkou-na-muzeu-u-odvolaciho-soudu-rychlosoudce-svrcek-je-malem-oznacen-za-obecniho-lempla\/","title":{"rendered":"Jak dopadl Popelka s ukrajinskou vlajkou na muzeu u odvolac\u00edho soudu? Rychlosoudce Svr\u010dek je m\u00e1lem ozna\u010den za obecn\u00edho lempla!"},"content":{"rendered":"<div id=\"fb-root\"><\/div>\n<div class=\"introtext\">\n<p><span style=\"font-size: 14pt;\"><strong>Soudce Svr\u010dek by se m\u011bl zamyslet, zda pat\u0159\u00ed do syst\u00e9mu demokratick\u00e9ho soudnictv\u00ed, \u010di zda by nem\u011bl nab\u00eddnou sv\u00e9 slu\u017eby v n\u011bjak\u00e9m totalitn\u00edm st\u00e1t\u011b, t\u0159eba v Severn\u00ed Koreji.<\/strong><\/span><\/p>\n<\/div>\n<div class=\"fulltext\">\n<p style=\"text-align: center;\"><span style=\"font-size: 18pt;\"><strong>USNESEN\u00cd<\/strong><\/span><\/p>\n<p>M\u011bstsk\u00fd soud v Praze projednal v neve\u0159ejn\u00e9m zased\u00e1n\u00ed konan\u00e9m v Praze dne 19. dubna 2023 v trestn\u00ed v\u011bci ob\u017ealovan\u00e9ho Jaroslava Popelky, narozen\u00e9ho dne 4. \u00fanora 1956, odvol\u00e1n\u00ed ob\u017ealovan\u00e9ho proti rozsudku Obvodn\u00edho soudu pro Prahu 1 ze dne 13. \u00fanora 2023, \u010d. j. 9 T 175\/2022-48, a rozhodl, takto:<\/p>\n<p>Podle \u00a7 258 odst. 1 p\u00edsm. b) tr. \u0159\u00e1du se napaden\u00fd\u00a0<strong>rozsudek v cel\u00e9m rozsahu ru\u0161\u00ed a podle \u00a7 259 odst. 1 tr. \u0159\u00e1du se v\u011bc vrac\u00ed soudu I. stupn\u011b<\/strong>, aby v n\u00ed u\u010dinil nov\u00e9 rozhodnut\u00ed.<\/p>\n<h2>Zkr\u00e1cen\u011b<\/h2>\n<table>\n<tbody>\n<tr>\n<td><strong>Pan Popelka ru\u010dn\u011b sepsal a p\u0159edal na podateln\u011b N\u00e1rodn\u00edho muzea dopis ve zn\u011bn\u00ed<\/strong><\/p>\n<p><strong><span style=\"color: #800080;\"><em>\u201eDobr\u00fd den, z\u00edskali jsme informace, \u017ee n\u011bkter\u00e9 radik\u00e1ln\u00ed skupiny se chystaj\u00ed vniknout n\u00e1sil\u00edm do budovy N\u00e1rodn\u00edho muzea a odstranit vlajku Ukrajiny, pop\u0159. pou\u017e\u00edt z\u00e1paln\u00e9 st\u0159ely. V z\u00e1jmu zabr\u00e1n\u011bn\u00ed n\u00e1sil\u00ed a p\u0159\u00edpadn\u00e9ho po\u0161kozen\u00ed budovy v\u00e1s pros\u00edme o sejmut\u00ed uveden\u00e9 vlajky alespo\u0148 na kritick\u00fd den 17. listopadu kdy v Praze budou desetitis\u00edce lid\u00ed\u201c<\/em><\/span><\/strong><\/td>\n<\/tr>\n<\/tbody>\n<\/table>\n<p><span style=\"font-size: 18pt;\"><strong>Na rozsudek podivn\u00e9ho politick\u00e9ho procesu jak\u00e9hosi rychlosoudce Svr\u010dka reaguje odvolac\u00ed soud jasn\u011b:<\/strong><\/span><\/p>\n<p>22. Odvolac\u00ed soud tedy shrnuje, \u017ee\u00a0<strong><span style=\"color: #ff0000;\">obvodn\u00ed soud se v napaden\u00e9m rozsudku v\u016fbec nevypo\u0159\u00e1dal se z\u00e1sadn\u00ed skutkovou ot\u00e1zkou nepravdivosti zpr\u00e1vy<\/span>,<\/strong>\u00a0kterou ob\u017ealovan\u00fd sd\u011bloval, a navazuj\u00edc\u00ed ot\u00e1zku jeho zavin\u011bn\u00ed ve vztahu k t\u00e9to (p\u0159\u00edpadn\u00e9) nepravdivosti.<span style=\"color: #ff0000;\"><strong>\u00a0Z uveden\u00e9ho d\u016fvodu odvolac\u00ed soud podle \u00a7 258 odst. 1 p\u00edsm. b) tr. \u0159\u00e1du napaden\u00fd rozsudek zru\u0161il a vr\u00e1til v\u011bc soudu I. stupn\u011b k nov\u00e9mu rozhodnut\u00ed.<\/strong><\/span>\u00a0Vzhledem k tomu, \u017ee zji\u0161t\u011bn\u00e9 vady rozsudku nebylo mo\u017en\u00e9 odstranit ve ve\u0159ejn\u00e9m zased\u00e1n\u00ed, rozhodl odvolac\u00ed soud v neve\u0159ejn\u00e9m zased\u00e1n\u00ed (\u00a7 263 odst. 1 tr. \u0159\u00e1du). Podle \u00a7 264 odst. 1 tr. \u0159\u00e1du<span style=\"color: #ff0000;\">\u00a0<strong>je soud I. stupn\u011b v\u00e1z\u00e1n pr\u00e1vn\u00edm n\u00e1zorem odvolac\u00edho soudu, a je povinen prov\u00e9st \u00fakony a dopln\u011bn\u00ed<\/strong><\/span>, jejich\u017e proveden\u00ed odvolac\u00ed soud na\u0159\u00eddil a je\u017e jsou uvedeny v odst. 19) tohoto od\u016fvodn\u011bn\u00ed.<\/p>\n<p><span style=\"color: #ff0000;\"><strong>Pou\u010den\u00ed:<\/strong> <\/span>Proti tomuto usnesen\u00ed nen\u00ed dal\u0161\u00ed \u0159\u00e1dn\u00fd opravn\u00fd prost\u0159edek p\u0159\u00edpustn\u00fd. Praha 19. dubna 2023 Mgr. Jan \u0160ott, v.r. p\u0159edseda sen\u00e1tu<\/p>\n<div class=\"info_box cela_sirka jpalert\">\n<div class=\"explanationContent\">Kdo \u017ee je ten &#8222;obvodn\u00ed soud&#8220;?<strong>JUDr. Luk\u00e1\u0161 Svr\u010dek v. r. samosoudce<\/strong><\/p>\n<\/div>\n<\/div>\n<p><strong>Ve vzduchu v\u0161ak vis\u00ed ot\u00e1zka:<\/strong>\u00a0zam\u011bstnanec lempl, co pracuje \u0161patn\u011b, je vyhozen z pr\u00e1ce. Na tohoto politick\u00e9ho rychlosoudce Svr\u010dka se st\u00ed\u017enosti stup\u0148uj\u00ed, zde dokonce samotnou vy\u0161\u0161\u00ed justic\u00ed. Pro\u010d tot\u00e9\u017e o vyhozen\u00ed z pr\u00e1ce nefunguje v justici, kdy\u017e u norm\u00e1ln\u00edch lid\u00ed ano?<\/p>\n<p><a href=\"https:\/\/www.skrytapravda.cz\/z-domova\/1244-jak-dopadl-popelka-s-ukrajinskou-vlajkou-na-muzeu-u-odvolaciho-soudu-rychlosoudce-svrcek-je-malem-oznacen-za-obecniho-lempla\">Petr Pokorn\u00fd<\/a><\/p>\n<\/div>\n<p>&nbsp;<\/p>\n<p>&nbsp;<\/p>\n<p><img decoding=\"async\" loading=\"lazy\" class=\"wp-image-19187 aligncenter\" src=\"http:\/\/www.infokuryr.cz\/n\/wp-content\/uploads\/2022\/12\/1-PRO-300x36.jpg\" alt=\"\" width=\"1300\" height=\"156\" srcset=\"https:\/\/www.infokuryr.cz\/n\/wp-content\/uploads\/2022\/12\/1-PRO-300x36.jpg 300w, https:\/\/www.infokuryr.cz\/n\/wp-content\/uploads\/2022\/12\/1-PRO.jpg 699w\" sizes=\"(max-width: 1300px) 100vw, 1300px\" \/><\/p>\n<p>&nbsp;<\/p>\n<p>&nbsp;<\/p>\n<p>&nbsp;<\/p>\n<p>&nbsp;<\/p>\n","protected":false},"excerpt":{"rendered":"<p>Soudce Svr\u010dek by se m\u011bl zamyslet, zda pat\u0159\u00ed do syst\u00e9mu demokratick\u00e9ho soudnictv\u00ed, \u010di zda by&#8230;<\/p>\n","protected":false},"author":2,"featured_media":28857,"comment_status":"closed","ping_status":"closed","sticky":false,"template":"","format":"standard","meta":[],"categories":[6],"tags":[5060,520,5059,324],"_links":{"self":[{"href":"https:\/\/www.infokuryr.cz\/n\/wp-json\/wp\/v2\/posts\/28856"}],"collection":[{"href":"https:\/\/www.infokuryr.cz\/n\/wp-json\/wp\/v2\/posts"}],"about":[{"href":"https:\/\/www.infokuryr.cz\/n\/wp-json\/wp\/v2\/types\/post"}],"author":[{"embeddable":true,"href":"https:\/\/www.infokuryr.cz\/n\/wp-json\/wp\/v2\/users\/2"}],"replies":[{"embeddable":true,"href":"https:\/\/www.infokuryr.cz\/n\/wp-json\/wp\/v2\/comments?post=28856"}],"version-history":[{"count":1,"href":"https:\/\/www.infokuryr.cz\/n\/wp-json\/wp\/v2\/posts\/28856\/revisions"}],"predecessor-version":[{"id":28858,"href":"https:\/\/www.infokuryr.cz\/n\/wp-json\/wp\/v2\/posts\/28856\/revisions\/28858"}],"wp:featuredmedia":[{"embeddable":true,"href":"https:\/\/www.infokuryr.cz\/n\/wp-json\/wp\/v2\/media\/28857"}],"wp:attachment":[{"href":"https:\/\/www.infokuryr.cz\/n\/wp-json\/wp\/v2\/media?parent=28856"}],"wp:term":[{"taxonomy":"category","embeddable":true,"href":"https:\/\/www.infokuryr.cz\/n\/wp-json\/wp\/v2\/categories?post=28856"},{"taxonomy":"post_tag","embeddable":true,"href":"https:\/\/www.infokuryr.cz\/n\/wp-json\/wp\/v2\/tags?post=28856"}],"curies":[{"name":"wp","href":"https:\/\/api.w.org\/{rel}","templated":true}]}}