{"id":28850,"date":"2023-05-27T01:05:09","date_gmt":"2023-05-26T23:05:09","guid":{"rendered":"http:\/\/www.infokuryr.cz\/n\/?p=28850"},"modified":"2023-05-26T10:42:59","modified_gmt":"2023-05-26T08:42:59","slug":"co-dalsiho-chteji-prumyslove-zeme-kontrolovat-umela-inteligence","status":"publish","type":"post","link":"https:\/\/www.infokuryr.cz\/n\/2023\/05\/27\/co-dalsiho-chteji-prumyslove-zeme-kontrolovat-umela-inteligence\/","title":{"rendered":"Co dal\u0161\u00edho cht\u011bj\u00ed pr\u016fmyslov\u00e9 zem\u011b kontrolovat? Um\u011bl\u00e1 inteligence"},"content":{"rendered":"<div id=\"fb-root\"><\/div>\n<div class=\"elementor-element elementor-element-1fb4c2c elementor-widget elementor-widget-theme-post-content\" data-id=\"1fb4c2c\" data-element_type=\"widget\" data-widget_type=\"theme-post-content.default\">\n<div class=\"elementor-widget-container\">\n<p><strong>Vedouc\u00ed p\u0159edstavitel\u00e9 zem\u00ed G7 (USA, Kanada, Francie, It\u00e1lie, Japonsko, Velk\u00e1 Brit\u00e1nie a N\u011bmecko) se shodli, \u017ee generativn\u00ed um\u011blou inteligenci je t\u0159eba regulovat, proto\u017ee se st\u00e1le v\u00edce ob\u00e1vaj\u00ed dopadu sofistikovan\u00fdch technologi\u00ed na lidi a uplatn\u011bn\u00ed na trhu pr\u00e1ce.<\/strong><\/p>\n<p><span>Na summitu v Hiro\u0161im\u011b se dohodli, \u017ee o t\u00e9to ot\u00e1zce uspo\u0159\u00e1daj\u00ed jedn\u00e1n\u00ed na \u00farovni kabinetu a do \u201ekonce roku\u201c podaj\u00ed zpr\u00e1vu: \u201eUv\u011bdomujeme si, \u017ee je t\u0159eba okam\u017eit\u011b zhodnotit p\u0159\u00edle\u017eitosti a v\u00fdzvy vypl\u00fdvaj\u00edc\u00ed z generativn\u00ed um\u011bl\u00e9 inteligence, kter\u00fd se st\u00e1v\u00e1 st\u00e1le d\u016fle\u017eit\u011bj\u0161\u00edm ve v\u0161ech zem\u00edch a sektorech,\u201c stoj\u00ed v prohl\u00e1\u0161en\u00ed G7.<\/span><\/p>\n<p><span>&#8222;Tyto diskuse by mohly zahrnovat ot\u00e1zky, jako je spr\u00e1va v\u011bc\u00ed ve\u0159ejn\u00fdch, ochrana pr\u00e1v du\u0161evn\u00edho vlastnictv\u00ed, v\u010detn\u011b autorsk\u00fdch pr\u00e1v, podpora transparentnosti, reakce na manipulaci s ciz\u00edmi informacemi, v\u010detn\u011b dezinformac\u00ed, a odpov\u011bdn\u00e9 pou\u017e\u00edv\u00e1n\u00ed t\u011bchto technologi\u00ed.&#8220;<\/span><\/p>\n<p><span>Sam Altman, gener\u00e1ln\u00ed \u0159editel OpenAI \u2013 start-up spole\u010dnosti stoj\u00edc\u00ed za ChatGPT \u2013 \u0159ekl v\u00fdboru americk\u00e9ho Sen\u00e1tu, \u017ee regulace um\u011bl\u00e9 inteligence je \u201ez\u00e1sadn\u00ed\u201c.\u00a0Vyzval Kongres, aby vytvo\u0159il nov\u00e1 pravidla pro velk\u00e9 technologie, navzdory hlubok\u00fdm politick\u00fdm rozpor\u016fm, kter\u00e9 po l\u00e9ta blokovaly legislativu reguluj\u00edc\u00ed internet.<\/span><\/p>\n<p><span>N\u011bkte\u0159\u00ed kritici se ob\u00e1vaj\u00ed, \u017ee technologie zhor\u0161\u00ed spole\u010densk\u00e9 \u0161kody, jako jsou p\u0159edsudky a dezinformace, zat\u00edmco jin\u00ed varuj\u00ed, \u017ee um\u011bl\u00e1 inteligence by mohla vyhladit samotn\u00e9 lidstvo a o\u010dek\u00e1v\u00e1 se, \u017ee bude m\u00edt dopad i na trh pr\u00e1ce, proto\u017ee spole\u010dnosti pl\u00e1nuj\u00ed sn\u00ed\u017eit po\u010det pracovn\u00edk\u016f nahrazen\u00fdch um\u011blou inteligenc\u00ed. u\u0161et\u0159it n\u00e1klady.<\/span><\/p>\n<p><span>Britsk\u00fd premi\u00e9r Rishi Sunak uvedl, \u017ee je zapot\u0159eb\u00ed regula\u010dn\u00ed opat\u0159en\u00ed, aby bylo zaji\u0161t\u011bno, \u017ee ambici\u00f3zn\u00ed sliby, kter\u00e9 dali zast\u00e1nci um\u011bl\u00e9 inteligence, budou moci b\u00fdt realizov\u00e1ny a z\u00e1rove\u0148 sn\u00ed\u017eena potenci\u00e1ln\u00ed rizika pro spole\u010dnost.<\/span><\/p>\n<p><span>Britsk\u00e1 telekomunika\u010dn\u00ed spole\u010dnost BT Group zru\u0161\u00ed do konce dek\u00e1dy a\u017e 55 000 pracovn\u00edch m\u00edst, aby p\u0159e\u0161la na um\u011blou inteligenci a automatizovan\u00e9 slu\u017eby.<\/span><\/p>\n<p><span>Spole\u010dnost International Business Machines, l\u00e9pe zn\u00e1m\u00e1 jako IBM, o\u010dek\u00e1v\u00e1 zmrazen\u00ed n\u00e1boru pracovn\u00edch m\u00edst, kter\u00e1 by mohla b\u00fdt v p\u0159\u00ed\u0161t\u00edch letech nahrazena um\u011blou inteligenc\u00ed.<\/span><\/p>\n<p><span>N\u011bkter\u00e1 z nejv\u011bt\u0161\u00edch jmen Silicon Valley, v\u010detn\u011b vlastn\u00edka Twitteru Elona Muska, podepsala otev\u0159en\u00fd dopis, kter\u00fd vyz\u00fdv\u00e1 k pozastaven\u00ed v\u00fdvoje um\u011bl\u00e9 inteligence kv\u016fli obav\u00e1m, \u017ee by to mohlo p\u0159edstavovat riziko pro lidstvo.<\/span><\/p>\n<\/div>\n<\/div>\n<div class=\"elementor-element elementor-element-8c57238 quelle dc-has-condition dc-condition-empty elementor-widget elementor-widget-heading\" data-id=\"8c57238\" data-element_type=\"widget\" data-widget_type=\"heading.default\">\n<div class=\"elementor-widget-container\">\n<h3 class=\"elementor-heading-title elementor-size-default\"><span style=\"font-size: 8pt;\"><a href=\"https:\/\/www.national.ro\/diverse\/ce-mai-vor-sa-controleze-tarile-industrializate-inteligenta-artificiala-795119.html\" target=\"_blank\" rel=\"nofollow noopener\">ZDROJ<\/a><\/span><\/h3>\n<\/div>\n<\/div>\n<p>&nbsp;<\/p>\n<p>&nbsp;<\/p>\n<p><img decoding=\"async\" loading=\"lazy\" class=\"wp-image-19187 aligncenter\" src=\"http:\/\/www.infokuryr.cz\/n\/wp-content\/uploads\/2022\/12\/1-PRO-300x36.jpg\" alt=\"\" width=\"1275\" height=\"153\" srcset=\"https:\/\/www.infokuryr.cz\/n\/wp-content\/uploads\/2022\/12\/1-PRO-300x36.jpg 300w, https:\/\/www.infokuryr.cz\/n\/wp-content\/uploads\/2022\/12\/1-PRO.jpg 699w\" sizes=\"(max-width: 1275px) 100vw, 1275px\" \/><\/p>\n<p>&nbsp;<\/p>\n<p>&nbsp;<\/p>\n","protected":false},"excerpt":{"rendered":"<p>Vedouc\u00ed p\u0159edstavitel\u00e9 zem\u00ed G7 (USA, Kanada, Francie, It\u00e1lie, Japonsko, Velk\u00e1 Brit\u00e1nie a N\u011bmecko) se shodli,&#8230;<\/p>\n","protected":false},"author":2,"featured_media":28851,"comment_status":"closed","ping_status":"closed","sticky":false,"template":"","format":"standard","meta":[],"categories":[7],"tags":[323,2320,276,2194],"_links":{"self":[{"href":"https:\/\/www.infokuryr.cz\/n\/wp-json\/wp\/v2\/posts\/28850"}],"collection":[{"href":"https:\/\/www.infokuryr.cz\/n\/wp-json\/wp\/v2\/posts"}],"about":[{"href":"https:\/\/www.infokuryr.cz\/n\/wp-json\/wp\/v2\/types\/post"}],"author":[{"embeddable":true,"href":"https:\/\/www.infokuryr.cz\/n\/wp-json\/wp\/v2\/users\/2"}],"replies":[{"embeddable":true,"href":"https:\/\/www.infokuryr.cz\/n\/wp-json\/wp\/v2\/comments?post=28850"}],"version-history":[{"count":1,"href":"https:\/\/www.infokuryr.cz\/n\/wp-json\/wp\/v2\/posts\/28850\/revisions"}],"predecessor-version":[{"id":28852,"href":"https:\/\/www.infokuryr.cz\/n\/wp-json\/wp\/v2\/posts\/28850\/revisions\/28852"}],"wp:featuredmedia":[{"embeddable":true,"href":"https:\/\/www.infokuryr.cz\/n\/wp-json\/wp\/v2\/media\/28851"}],"wp:attachment":[{"href":"https:\/\/www.infokuryr.cz\/n\/wp-json\/wp\/v2\/media?parent=28850"}],"wp:term":[{"taxonomy":"category","embeddable":true,"href":"https:\/\/www.infokuryr.cz\/n\/wp-json\/wp\/v2\/categories?post=28850"},{"taxonomy":"post_tag","embeddable":true,"href":"https:\/\/www.infokuryr.cz\/n\/wp-json\/wp\/v2\/tags?post=28850"}],"curies":[{"name":"wp","href":"https:\/\/api.w.org\/{rel}","templated":true}]}}