{"id":28844,"date":"2023-05-27T01:03:01","date_gmt":"2023-05-26T23:03:01","guid":{"rendered":"http:\/\/www.infokuryr.cz\/n\/?p=28844"},"modified":"2023-05-26T09:41:48","modified_gmt":"2023-05-26T07:41:48","slug":"nejhledanejsi-podezrely-z-rwandske-genocidy-zatcen","status":"publish","type":"post","link":"https:\/\/www.infokuryr.cz\/n\/2023\/05\/27\/nejhledanejsi-podezrely-z-rwandske-genocidy-zatcen\/","title":{"rendered":"Nejhledan\u011bj\u0161\u00ed podez\u0159el\u00fd z rwandsk\u00e9 genocidy zat\u010den"},"content":{"rendered":"<div id=\"fb-root\"><\/div>\n<p><span style=\"font-size: 18pt;\"><strong>Fulgence Kayishema byl na \u00fat\u011bku v\u00edce ne\u017e 20 let pod fale\u0161nou identitou, tvrd\u00ed vy\u0161et\u0159ovatel\u00e9<\/strong><\/span><\/p>\n<p><span>B\u00fdval\u00fd \u0161\u00e9f rwandsk\u00e9 policie ozna\u010den\u00fd za jednoho z nejhledan\u011bj\u0161\u00edch uprchl\u00edk\u016f z genocidy v roce 1994 ve sv\u00e9 domovsk\u00e9 zemi byl zat\u010den v Ji\u017en\u00ed Africe.<\/span><\/p>\n<p><span>Fulgence Kayishema (62), kter\u00fd byl \u00fadajn\u011b na \u00fat\u011bku v\u00edce ne\u017e dv\u011b desetilet\u00ed, byl ve st\u0159edu zadr\u017een v Paarlu p\u0159i spole\u010dn\u00e9 operaci vy\u0161et\u0159ovatel\u016f OSN a jihoafrick\u00fdch \u00fa\u0159ad\u016f.<\/span><\/p>\n<p><span>V roce 2001 byl ob\u017ealov\u00e1n Mezin\u00e1rodn\u00edm trestn\u00edm tribun\u00e1lem OSN pro Rwandu (ICTR) za to, \u017ee pom\u00e1hal zorganizovat vra\u017edu v\u00edce ne\u017e 2 000 uprchl\u00edk\u016f Tutsi \u2013 v\u010detn\u011b \u017een, d\u011bt\u00ed a star\u00fdch lid\u00ed \u2013 dne 15. dubna 1994 v katolick\u00e9m kostele Nyange v komunita Kivumu.<\/span><\/p>\n<p><span>Podle tribun\u00e1lu se Kayishema, tehdej\u0161\u00ed hutusk\u00fd policejn\u00ed inspektor, p\u0159\u00edmo pod\u00edlel na \u201e\u00a0<\/span><em><span>pl\u00e1nov\u00e1n\u00ed a proveden\u00ed tohoto masakru<\/span><\/em><span>\u00a0\u201c.\u00a0\u00dadajn\u011b nakupoval a distribuoval benz\u00edn, aby vyp\u00e1lil kostel, zat\u00edmco byli uprchl\u00edci uvnit\u0159, a tak\u00e9 pomoc\u00ed buldozeru zhroutil konstrukci, poh\u0159bil a zabil ob\u011bti uvnit\u0159.<\/span><\/p>\n<p><span>Od sv\u00e9ho obvin\u011bn\u00ed z\u016fst\u00e1val na svobod\u011b a pou\u017e\u00edval mnoho \u201e\u00a0<\/span><em><span>alias\u016f a fale\u0161n\u00fdch dokument\u016f, aby zakryl svou identitu a p\u0159\u00edtomnost<\/span><\/em><span>\u00a0\u201c, uvedli vy\u0161et\u0159ovatel\u00e9.<\/span><\/p>\n<p><span>\u201c\u00a0<\/span><em><span>Fulgence Kayishema byl na \u00fat\u011bku v\u00edce ne\u017e 20 let.\u00a0Jeho zat\u010den\u00ed zaji\u0161\u0165uje, \u017ee bude kone\u010dn\u011b \u010delit spravedlnosti za sv\u00e9 \u00fadajn\u00e9 zlo\u010diny,<\/span><\/em><span>\u00a0\u201c uvedl v prohl\u00e1\u0161en\u00ed hlavn\u00ed \u017ealobce Mezin\u00e1rodn\u00edho zbytkov\u00e9ho mechanismu pro trestn\u00ed tribun\u00e1ly (IRMCT) Serge Brammertz.<\/span><\/p>\n<p><span>Operace vedouc\u00ed k zat\u010den\u00ed podez\u0159el\u00e9ho zas\u00e1hla n\u011bkolik zem\u00ed nap\u0159\u00ed\u010d Afrikou a dal\u0161\u00edmi regiony, uvedl \u00fa\u0159ad IRMCT.\u00a0Jeho dopaden\u00ed ponech\u00e1v\u00e1 vy\u0161et\u0159ovatel\u016fm \u201et\u0159i vynikaj\u00edc\u00ed uprchl\u00edky\u201c, aby je mohli vystopovat.<\/span><\/p>\n<p><span>\u201c<\/span><em><span>Zat\u010den\u00ed Kayishemy znamen\u00e1 dal\u0161\u00ed krok vp\u0159ed ve strategii OTP [Prokuratura] zodpov\u00eddat za v\u0161echny zb\u00fdvaj\u00edc\u00ed uprchl\u00edky ob\u017ealovan\u00e9 z genocidy Mezin\u00e1rodn\u00edm trestn\u00edm tribun\u00e1lem pro Rwandu.\u00a0Od roku 2020 m\u00e1 t\u00fdm OTP Fugitive Tracking Team na sv\u011bdom\u00ed m\u00edsto pobytu p\u011bti uprchl\u00edk\u016f<\/span><\/em><span>\u00a0,\u201c uvedl IRMCT.<\/span><\/p>\n<p><span>Dne 10. kv\u011btna byl ve Francii postaven p\u0159ed soud 66let\u00fd b\u00fdval\u00fd vojensk\u00fd policista z Rwandy Philippe Hategekimana, kter\u00fd byl obvin\u011bn z \u00fa\u010dasti na vyvra\u017ed\u011bn\u00ed 300 Tutsi\u016f na kopci Nyamugari a \u00fatoku na kopci Nyabubare, kde bylo p\u0159ibli\u017en\u011b 1 000 Tutsi\u016f zabito b\u011bhem 100denn\u00ed genocidy.<\/span><\/p>\n<p><span>Brammertz sl\u00edbil, \u017ee IRMCT nepolev\u00ed ve sv\u00e9m \u00fasil\u00ed zajistit spravedlnost pro ob\u011bti a naplnit sv\u016fj mand\u00e1t p\u0159isp\u011bt k \u201e\u00a0<\/span><em><span>spravedliv\u011bj\u0161\u00ed a m\u00edrumilovn\u011bj\u0161\u00ed budoucnosti rwandsk\u00e9ho lidu\u201c.<\/span><\/em><\/p>\n<p><span>Podle OSN bylo b\u011bhem genocidy, ke kter\u00e9 do\u0161lo mezi dubnem a \u010dervencem 1994, zabito odhadem 800 000 Tutsi\u016f a um\u00edrn\u011bn\u00fdch Hutu\u016f.<\/span><\/p>\n<p><img decoding=\"async\" loading=\"lazy\" class=\"alignnone size-full wp-image-1185\" src=\"http:\/\/www.infokuryr.cz\/n\/wp-content\/uploads\/2021\/04\/kuryr-podpis.png\" alt=\"\" width=\"84\" height=\"24\" \/><\/p>\n<p>&nbsp;<\/p>\n<p>&nbsp;<\/p>\n<p><img decoding=\"async\" loading=\"lazy\" class=\"wp-image-19187 aligncenter\" src=\"http:\/\/www.infokuryr.cz\/n\/wp-content\/uploads\/2022\/12\/1-PRO-300x36.jpg\" alt=\"\" width=\"1275\" height=\"153\" srcset=\"https:\/\/www.infokuryr.cz\/n\/wp-content\/uploads\/2022\/12\/1-PRO-300x36.jpg 300w, https:\/\/www.infokuryr.cz\/n\/wp-content\/uploads\/2022\/12\/1-PRO.jpg 699w\" sizes=\"(max-width: 1275px) 100vw, 1275px\" \/><\/p>\n<p>&nbsp;<\/p>\n<p>&nbsp;<\/p>\n<p>&nbsp;<\/p>\n","protected":false},"excerpt":{"rendered":"<p>Fulgence Kayishema byl na \u00fat\u011bku v\u00edce ne\u017e 20 let pod fale\u0161nou identitou, tvrd\u00ed vy\u0161et\u0159ovatel\u00e9 B\u00fdval\u00fd&#8230;<\/p>\n","protected":false},"author":2,"featured_media":28845,"comment_status":"closed","ping_status":"closed","sticky":false,"template":"","format":"standard","meta":[],"categories":[7],"tags":[178,186,5058,2407],"_links":{"self":[{"href":"https:\/\/www.infokuryr.cz\/n\/wp-json\/wp\/v2\/posts\/28844"}],"collection":[{"href":"https:\/\/www.infokuryr.cz\/n\/wp-json\/wp\/v2\/posts"}],"about":[{"href":"https:\/\/www.infokuryr.cz\/n\/wp-json\/wp\/v2\/types\/post"}],"author":[{"embeddable":true,"href":"https:\/\/www.infokuryr.cz\/n\/wp-json\/wp\/v2\/users\/2"}],"replies":[{"embeddable":true,"href":"https:\/\/www.infokuryr.cz\/n\/wp-json\/wp\/v2\/comments?post=28844"}],"version-history":[{"count":1,"href":"https:\/\/www.infokuryr.cz\/n\/wp-json\/wp\/v2\/posts\/28844\/revisions"}],"predecessor-version":[{"id":28846,"href":"https:\/\/www.infokuryr.cz\/n\/wp-json\/wp\/v2\/posts\/28844\/revisions\/28846"}],"wp:featuredmedia":[{"embeddable":true,"href":"https:\/\/www.infokuryr.cz\/n\/wp-json\/wp\/v2\/media\/28845"}],"wp:attachment":[{"href":"https:\/\/www.infokuryr.cz\/n\/wp-json\/wp\/v2\/media?parent=28844"}],"wp:term":[{"taxonomy":"category","embeddable":true,"href":"https:\/\/www.infokuryr.cz\/n\/wp-json\/wp\/v2\/categories?post=28844"},{"taxonomy":"post_tag","embeddable":true,"href":"https:\/\/www.infokuryr.cz\/n\/wp-json\/wp\/v2\/tags?post=28844"}],"curies":[{"name":"wp","href":"https:\/\/api.w.org\/{rel}","templated":true}]}}