{"id":28835,"date":"2023-05-27T00:59:38","date_gmt":"2023-05-26T22:59:38","guid":{"rendered":"http:\/\/www.infokuryr.cz\/n\/?p=28835"},"modified":"2023-05-26T09:26:22","modified_gmt":"2023-05-26T07:26:22","slug":"nemecko-uveznilo-muze-za-podporu-ruska","status":"publish","type":"post","link":"https:\/\/www.infokuryr.cz\/n\/2023\/05\/27\/nemecko-uveznilo-muze-za-podporu-ruska\/","title":{"rendered":"N\u011bmecko uv\u011bznilo mu\u017ee za podporu Ruska"},"content":{"rendered":"<div id=\"fb-root\"><\/div>\n<p><span style=\"font-size: 18pt;\"><strong>N\u011bmeck\u00fd ob\u010dan byl odsouzen ke t\u0159em let\u016fm v\u011bzen\u00ed za online vyj\u00e1d\u0159en\u00ed podpory rusk\u00e9 stran\u011b v ukrajinsk\u00e9m konfliktu<\/strong><\/span><\/p>\n<p><span>Hambursk\u00fd soud odsoudil m\u00edstn\u00edho mu\u017ee ke t\u0159em let\u016fm za m\u0159\u00ed\u017eemi, kdy\u017e ho uznal vinn\u00fdm z ospravedl\u0148ov\u00e1n\u00ed\u00a0<\/span><em><span>\u201erusk\u00e9 agrese\u201c<\/span><\/em><span>\u00a0proti Ukrajin\u011b a dr\u017een\u00ed neleg\u00e1ln\u00ed zbran\u011b.<\/span><\/p>\n<p><span>32let\u00fd ob\u017ealovan\u00fd, identifikovan\u00fd pouze jako Marcel J., provozoval prorusk\u00fd kan\u00e1l Telegram, jeho\u017e logo a n\u00e1zev vych\u00e1zely z rusk\u00e9 neregistrovan\u00e9 ultranacionalistick\u00e9 rusk\u00e9 strany Drugaya Rossija (Jin\u00e9 Rusko), uvedl Die Welt s odkazem na ob\u017ealobu.<\/span><\/p>\n<p><span>Krom\u011b sd\u00edlen\u00ed\u00a0<\/span><em><span>\u201eprorusk\u00fdch nacion\u00e1ln\u011b-bol\u0161evick\u00fdch my\u0161lenek\u201c<\/span><\/em><span>\u00a0ob\u017ealovan\u00fd otev\u0159en\u011b ozna\u010dil Ukrajinu za\u00a0<\/span><em><span>\u201eteroristick\u00fd st\u00e1t\u201c<\/span><\/em><span>\u00a0a pou\u017eil symbol \u201eZ\u201c \u2013 b\u011b\u017en\u011b spojovan\u00fd se speci\u00e1ln\u00ed vojenskou operac\u00ed Moskvy v zemi \u2013 kter\u00fd byl v N\u011bmecku \u010d\u00e1ste\u010dn\u011b zak\u00e1z\u00e1n.\u00a0Marcel J. byl nav\u00edc nalezen u dr\u017een\u00ed neleg\u00e1ln\u011b velk\u00e9ho no\u017ee, pova\u017eovan\u00e9ho za zbra\u0148 s \u010depel\u00ed.<\/span><\/p>\n<p><span>Jeho spoluob\u017ealovan\u00fd, identifikovan\u00fd pouze jako dal\u0161\u00ed 35let\u00fd mu\u017e, byl obvin\u011bn ze spolupachatelstv\u00ed, ale dostal jen \u0161est m\u011bs\u00edc\u016f v\u011bzen\u00ed.\u00a0Mluv\u010d\u00ed soudu vysv\u011btlil, \u017ee dlouh\u00e9 obdob\u00ed pro Marcela J. bylo z velk\u00e9 \u010d\u00e1sti zp\u016fsobeno jeho p\u0159edchoz\u00edm trestn\u00edm rejst\u0159\u00edkem a zejm\u00e9na ned\u00e1vn\u00fdm odsouzen\u00edm za napaden\u00ed report\u00e9ra na ve\u0159ejn\u00e9 akci koncem roku 2021.<\/span><\/p>\n<p><span>Mu\u017e byl za napaden\u00ed odsouzen ji\u017e v dubnu berl\u00ednsk\u00fdm soudem a dostal dva roky a \u010dty\u0159i m\u011bs\u00edce v\u011bzen\u00ed.\u00a0Nyn\u00ed se ob\u011b odsouzen\u00ed spoj\u00ed a Marcel J. za v\u0161echny dostane celkov\u00fd trest, jak to vy\u017eaduj\u00ed n\u011bmeck\u00e9 z\u00e1kony.<\/span><\/p>\n<p>Zaj\u00edmav\u00e9 bude sledovat, jak bude n\u011bmeck\u00fd soud p\u0159istupovat ke schvalov\u00e1n\u00ed agrese USA, N\u011bmecka a Izraele.<\/p>\n<p><img decoding=\"async\" loading=\"lazy\" class=\"alignnone size-full wp-image-1185\" src=\"http:\/\/www.infokuryr.cz\/n\/wp-content\/uploads\/2021\/04\/kuryr-podpis.png\" alt=\"\" width=\"84\" height=\"24\" \/><\/p>\n<p>&nbsp;<\/p>\n<p>&nbsp;<\/p>\n<p><img decoding=\"async\" loading=\"lazy\" class=\"wp-image-19187 aligncenter\" src=\"http:\/\/www.infokuryr.cz\/n\/wp-content\/uploads\/2022\/12\/1-PRO-300x36.jpg\" alt=\"\" width=\"1233\" height=\"148\" srcset=\"https:\/\/www.infokuryr.cz\/n\/wp-content\/uploads\/2022\/12\/1-PRO-300x36.jpg 300w, https:\/\/www.infokuryr.cz\/n\/wp-content\/uploads\/2022\/12\/1-PRO.jpg 699w\" sizes=\"(max-width: 1233px) 100vw, 1233px\" \/><\/p>\n<p>&nbsp;<\/p>\n<p>&nbsp;<\/p>\n<p>&nbsp;<\/p>\n<p>&nbsp;<\/p>\n","protected":false},"excerpt":{"rendered":"<p>N\u011bmeck\u00fd ob\u010dan byl odsouzen ke t\u0159em let\u016fm v\u011bzen\u00ed za online vyj\u00e1d\u0159en\u00ed podpory rusk\u00e9 stran\u011b v&#8230;<\/p>\n","protected":false},"author":2,"featured_media":2052,"comment_status":"closed","ping_status":"closed","sticky":false,"template":"","format":"standard","meta":[],"categories":[7],"tags":[738,84,520,324],"_links":{"self":[{"href":"https:\/\/www.infokuryr.cz\/n\/wp-json\/wp\/v2\/posts\/28835"}],"collection":[{"href":"https:\/\/www.infokuryr.cz\/n\/wp-json\/wp\/v2\/posts"}],"about":[{"href":"https:\/\/www.infokuryr.cz\/n\/wp-json\/wp\/v2\/types\/post"}],"author":[{"embeddable":true,"href":"https:\/\/www.infokuryr.cz\/n\/wp-json\/wp\/v2\/users\/2"}],"replies":[{"embeddable":true,"href":"https:\/\/www.infokuryr.cz\/n\/wp-json\/wp\/v2\/comments?post=28835"}],"version-history":[{"count":0,"href":"https:\/\/www.infokuryr.cz\/n\/wp-json\/wp\/v2\/posts\/28835\/revisions"}],"wp:featuredmedia":[{"embeddable":true,"href":"https:\/\/www.infokuryr.cz\/n\/wp-json\/wp\/v2\/media\/2052"}],"wp:attachment":[{"href":"https:\/\/www.infokuryr.cz\/n\/wp-json\/wp\/v2\/media?parent=28835"}],"wp:term":[{"taxonomy":"category","embeddable":true,"href":"https:\/\/www.infokuryr.cz\/n\/wp-json\/wp\/v2\/categories?post=28835"},{"taxonomy":"post_tag","embeddable":true,"href":"https:\/\/www.infokuryr.cz\/n\/wp-json\/wp\/v2\/tags?post=28835"}],"curies":[{"name":"wp","href":"https:\/\/api.w.org\/{rel}","templated":true}]}}