{"id":28826,"date":"2023-05-26T08:16:54","date_gmt":"2023-05-26T06:16:54","guid":{"rendered":"http:\/\/www.infokuryr.cz\/n\/?p=28826"},"modified":"2023-05-26T08:16:54","modified_gmt":"2023-05-26T06:16:54","slug":"dodik-prohlasil-ze-republika-srbska-muze-ziskat-nezavislost","status":"publish","type":"post","link":"https:\/\/www.infokuryr.cz\/n\/2023\/05\/26\/dodik-prohlasil-ze-republika-srbska-muze-ziskat-nezavislost\/","title":{"rendered":"Dodik prohl\u00e1sil, \u017ee Republika srbsk\u00e1 m\u016f\u017ee z\u00edskat nez\u00e1vislost"},"content":{"rendered":"<div id=\"fb-root\"><\/div>\n<p><strong>Nez\u00e1vislost Republiky srbsk\u00e9 (entita v Bosn\u011b a Hercegovin\u011b) je dnes hypotetick\u00e1, ale ka\u017edou chv\u00edli se m\u016f\u017ee st\u00e1t aktu\u00e1ln\u00ed, prohl\u00e1sil prezident Republiky srbsk\u00e9 Milorad Dodik.<\/strong><\/p>\n<p><img decoding=\"async\" loading=\"lazy\" class=\" wp-image-28828 alignleft\" src=\"http:\/\/www.infokuryr.cz\/n\/wp-content\/uploads\/2023\/05\/Republika_srpska_map-279x300.png\" alt=\"\" width=\"360\" height=\"387\" srcset=\"https:\/\/www.infokuryr.cz\/n\/wp-content\/uploads\/2023\/05\/Republika_srpska_map-279x300.png 279w, https:\/\/www.infokuryr.cz\/n\/wp-content\/uploads\/2023\/05\/Republika_srpska_map.png 330w\" sizes=\"(max-width: 360px) 100vw, 360px\" \/><em>\u00a0Mapa: \u010derven\u00e9 z\u00f3na Republika srbsk\u00e1<\/em><\/p>\n<p>\u201eDnes je to hypotetick\u00e1 mo\u017enost, kter\u00e1 se stejn\u011b jako ka\u017ed\u00e1 jin\u00e1 hypotetick\u00e1 mo\u017enost m\u016f\u017ee st\u00e1t aktu\u00e1ln\u00ed. N\u00e1\u0161 postoj spo\u010d\u00edv\u00e1 v tom, \u017ee dodr\u017eujeme a respektujeme \u00dastavu Bosny a Hercegoviny. Ale kdy\u017e \u010dl\u00e1nky \u00dastavy nejsou respektov\u00e1ny, nevid\u00edme p\u0159\u00ed\u010diny, pro\u010d bychom m\u011bli z\u016fstat v proti\u00fastavn\u00edm st\u00e1t\u011b,\u201d \u0159ekl Dodik.<\/p>\n<p>Politik zd\u016fraznil, \u017ee \u201ednes nem\u00e1me \u017e\u00e1dn\u00fd u\u017eitek z Bosny a Hercegoviny\u201c. Projevuje se to podle jeho slov v tom, \u017ee rozhodnut\u00ed d\u016fle\u017eit\u00e1 pro Republiku srbskou p\u0159ij\u00edmaj\u00ed v Sarajevu dlouho nebo \u00fapln\u011b blokuj\u00ed. Ale nehled\u011b na komplikace s komunikac\u00ed je d\u016fle\u017eit\u00e9 zachovat ve st\u00e1t\u011b m\u00edr, v jeho\u017e r\u00e1mci dok\u00e1\u017ee Bosna a Hercegovina p\u0159ij\u00edmat politick\u00e1 rozhodnut\u00ed, prohl\u00e1sil Dodik.<\/p>\n<p>Poznamenal rovn\u011b\u017e, \u017ee kv\u016fli tomu, \u017ee Republika srbsk\u00e1 navazuje p\u0159\u00e1telsk\u00e9 vztahy s Ruskem, zvy\u0161uje se na pozad\u00ed ukrajinsk\u00e9 krize tlak na entitu.<\/p>\n<p>\u201eM\u00e1me princip, \u017ee ozbrojen\u00e9 konflikty, t\u00edm sp\u00ed\u0161 mezi bratrsk\u00fdmi, bl\u00edzk\u00fdmi n\u00e1rody, nepochybn\u011b nesm\u00ed existovat, \u017ee v\u00e1le\u010dn\u00e9 akce maj\u00ed b\u00fdt zastaveny. V dan\u00e9m p\u0159\u00edpad\u011b vid\u00edme, jak Z\u00e1pad vyu\u017e\u00edv\u00e1 Ukrajinu k v\u00e1lce proti Rusku. Jsme p\u0159esv\u011bd\u010deni, \u017ee Ukrajina sama o sob\u011b nebyla vojensk\u00fdm probl\u00e9mem pro Rusko, ale ch\u00e1peme, \u017ee se tam kon\u00e1 st\u0159et se z\u00e1padn\u00edmi silami. Na druhou stranu jsme st\u00e1l\u00ed a vytrval\u00ed p\u0159\u00e1tel\u00e9 Ruska, pr\u00e1v\u011b tak n\u00e1s hodnot\u00ed na Z\u00e1pad\u011b. Proto v\u016f\u010di n\u00e1m s\u00edl\u00ed ve\u0161ker\u00e1 negativn\u00ed \u010dinnost,\u201d \u0159ekl Dodik.<\/p>\n<p><img decoding=\"async\" loading=\"lazy\" class=\"alignnone size-full wp-image-1185\" src=\"http:\/\/www.infokuryr.cz\/n\/wp-content\/uploads\/2021\/04\/kuryr-podpis.png\" alt=\"\" width=\"84\" height=\"24\" \/><\/p>\n<p>&nbsp;<\/p>\n<p>&nbsp;<\/p>\n<p><img decoding=\"async\" loading=\"lazy\" class=\"wp-image-19187 aligncenter\" src=\"http:\/\/www.infokuryr.cz\/n\/wp-content\/uploads\/2022\/12\/1-PRO-300x36.jpg\" alt=\"\" width=\"1267\" height=\"152\" srcset=\"https:\/\/www.infokuryr.cz\/n\/wp-content\/uploads\/2022\/12\/1-PRO-300x36.jpg 300w, https:\/\/www.infokuryr.cz\/n\/wp-content\/uploads\/2022\/12\/1-PRO.jpg 699w\" sizes=\"(max-width: 1267px) 100vw, 1267px\" \/><\/p>\n<p>&nbsp;<\/p>\n<p>&nbsp;<\/p>\n<p>&nbsp;<\/p>\n","protected":false},"excerpt":{"rendered":"<p>Nez\u00e1vislost Republiky srbsk\u00e9 (entita v Bosn\u011b a Hercegovin\u011b) je dnes hypotetick\u00e1, ale ka\u017edou chv\u00edli se&#8230;<\/p>\n","protected":false},"author":2,"featured_media":28827,"comment_status":"closed","ping_status":"closed","sticky":false,"template":"","format":"standard","meta":[],"categories":[7],"tags":[3292,165,811,3683,5040],"_links":{"self":[{"href":"https:\/\/www.infokuryr.cz\/n\/wp-json\/wp\/v2\/posts\/28826"}],"collection":[{"href":"https:\/\/www.infokuryr.cz\/n\/wp-json\/wp\/v2\/posts"}],"about":[{"href":"https:\/\/www.infokuryr.cz\/n\/wp-json\/wp\/v2\/types\/post"}],"author":[{"embeddable":true,"href":"https:\/\/www.infokuryr.cz\/n\/wp-json\/wp\/v2\/users\/2"}],"replies":[{"embeddable":true,"href":"https:\/\/www.infokuryr.cz\/n\/wp-json\/wp\/v2\/comments?post=28826"}],"version-history":[{"count":0,"href":"https:\/\/www.infokuryr.cz\/n\/wp-json\/wp\/v2\/posts\/28826\/revisions"}],"wp:featuredmedia":[{"embeddable":true,"href":"https:\/\/www.infokuryr.cz\/n\/wp-json\/wp\/v2\/media\/28827"}],"wp:attachment":[{"href":"https:\/\/www.infokuryr.cz\/n\/wp-json\/wp\/v2\/media?parent=28826"}],"wp:term":[{"taxonomy":"category","embeddable":true,"href":"https:\/\/www.infokuryr.cz\/n\/wp-json\/wp\/v2\/categories?post=28826"},{"taxonomy":"post_tag","embeddable":true,"href":"https:\/\/www.infokuryr.cz\/n\/wp-json\/wp\/v2\/tags?post=28826"}],"curies":[{"name":"wp","href":"https:\/\/api.w.org\/{rel}","templated":true}]}}