{"id":28805,"date":"2023-05-26T05:45:24","date_gmt":"2023-05-26T03:45:24","guid":{"rendered":"http:\/\/www.infokuryr.cz\/n\/?p=28805"},"modified":"2023-05-26T05:45:24","modified_gmt":"2023-05-26T03:45:24","slug":"uprchlik-zamordoval-dva-nemce-byl-prohlasen-za-mentalne-nemocneho-a-osvobozen","status":"publish","type":"post","link":"https:\/\/www.infokuryr.cz\/n\/2023\/05\/26\/uprchlik-zamordoval-dva-nemce-byl-prohlasen-za-mentalne-nemocneho-a-osvobozen\/","title":{"rendered":"Uprchl\u00edk zamordoval dva N\u011bmce, Byl prohl\u00e1\u0161en za ment\u00e1ln\u011b nemocn\u00e9ho a osvobozen\u2026"},"content":{"rendered":"<div id=\"fb-root\"><\/div>\n<h2 class=\"entry-title\">Psychiatrie jako n\u00e1stroj teroru b\u00edl\u00e9ho obyvatelstva. Kdo to vymyslel?<\/h2>\n<p><strong>Uprchl\u00edk ze Som\u00e1lska<a href=\"https:\/\/jungefreiheit.de\/debatte\/kommentar\/2023\/gewalt-pathologisierung\/\">\u00a0zavra\u017edil dva N\u011bmce<\/a>, n\u00e1sledn\u011b byl prohl\u00e1\u0161en za ment\u00e1ln\u011b nemocn\u00e9ho a soudem osvobozen.\u00a0<\/strong>Chvilku pobude na psychiatrii a\u00a0<strong>pak bude potichu propu\u0161t\u011bn na svobodu a t\u0159eba zase zamorduje n\u011bjak\u00e9 b\u00edl\u00e9 N\u011bmce. B\u011b\u017en\u00e1 rutina v z\u00e1padn\u00ed Evrop\u011b a bohu\u017eel u\u017e i u n\u00e1s doma , cht\u011blo by se \u0159\u00edct.<\/strong><\/p>\n<p>Jen\u017ee to nespadlo z nebe.\u00a0<b>Na vin\u011b nejsou\u00a0ani media, ani neziskovky, ani loutky v rol\u00edch politik\u016f. Cel\u00fd ten \u0161\u00edlen\u00fd koncept likvidace b\u00edl\u00fdch n\u00e1rod\u016f pomoc\u00ed masov\u00e9 imigrace a teroru ze strany imigrant\u016f je d\u00edlo glob\u00e1ln\u00ed finan\u010dn\u00ed oligarchie. T\u00e9 je t\u0159eba se zbavit a pak najednou zmiz\u00ed o ony n\u00e1stroje rozvratu \u2013 imigranti, neziskovky, prolhan\u00e1 media atd.<\/b><\/p>\n<p><img decoding=\"async\" loading=\"lazy\" class=\"alignnone size-full wp-image-1185\" src=\"http:\/\/www.infokuryr.cz\/n\/wp-content\/uploads\/2021\/04\/kuryr-podpis.png\" alt=\"\" width=\"84\" height=\"24\" \/><\/p>\n<p>&nbsp;<\/p>\n<p>&nbsp;<\/p>\n<p><img decoding=\"async\" loading=\"lazy\" class=\"wp-image-19187 aligncenter\" src=\"http:\/\/www.infokuryr.cz\/n\/wp-content\/uploads\/2022\/12\/1-PRO-300x36.jpg\" alt=\"\" width=\"1283\" height=\"154\" srcset=\"https:\/\/www.infokuryr.cz\/n\/wp-content\/uploads\/2022\/12\/1-PRO-300x36.jpg 300w, https:\/\/www.infokuryr.cz\/n\/wp-content\/uploads\/2022\/12\/1-PRO.jpg 699w\" sizes=\"(max-width: 1283px) 100vw, 1283px\" \/><\/p>\n<p>&nbsp;<\/p>\n<p>&nbsp;<\/p>\n<p>&nbsp;<\/p>\n","protected":false},"excerpt":{"rendered":"<p>Psychiatrie jako n\u00e1stroj teroru b\u00edl\u00e9ho obyvatelstva. Kdo to vymyslel? Uprchl\u00edk ze Som\u00e1lska\u00a0zavra\u017edil dva N\u011bmce, n\u00e1sledn\u011b&#8230;<\/p>\n","protected":false},"author":2,"featured_media":4703,"comment_status":"closed","ping_status":"closed","sticky":false,"template":"","format":"standard","meta":[],"categories":[7],"tags":[84,297,1205],"_links":{"self":[{"href":"https:\/\/www.infokuryr.cz\/n\/wp-json\/wp\/v2\/posts\/28805"}],"collection":[{"href":"https:\/\/www.infokuryr.cz\/n\/wp-json\/wp\/v2\/posts"}],"about":[{"href":"https:\/\/www.infokuryr.cz\/n\/wp-json\/wp\/v2\/types\/post"}],"author":[{"embeddable":true,"href":"https:\/\/www.infokuryr.cz\/n\/wp-json\/wp\/v2\/users\/2"}],"replies":[{"embeddable":true,"href":"https:\/\/www.infokuryr.cz\/n\/wp-json\/wp\/v2\/comments?post=28805"}],"version-history":[{"count":0,"href":"https:\/\/www.infokuryr.cz\/n\/wp-json\/wp\/v2\/posts\/28805\/revisions"}],"wp:featuredmedia":[{"embeddable":true,"href":"https:\/\/www.infokuryr.cz\/n\/wp-json\/wp\/v2\/media\/4703"}],"wp:attachment":[{"href":"https:\/\/www.infokuryr.cz\/n\/wp-json\/wp\/v2\/media?parent=28805"}],"wp:term":[{"taxonomy":"category","embeddable":true,"href":"https:\/\/www.infokuryr.cz\/n\/wp-json\/wp\/v2\/categories?post=28805"},{"taxonomy":"post_tag","embeddable":true,"href":"https:\/\/www.infokuryr.cz\/n\/wp-json\/wp\/v2\/tags?post=28805"}],"curies":[{"name":"wp","href":"https:\/\/api.w.org\/{rel}","templated":true}]}}