{"id":28792,"date":"2023-05-26T01:11:03","date_gmt":"2023-05-25T23:11:03","guid":{"rendered":"http:\/\/www.infokuryr.cz\/n\/?p=28792"},"modified":"2023-05-25T18:08:29","modified_gmt":"2023-05-25T16:08:29","slug":"vybuchy-v-uhelnych-dolech-v-afghanske-provincii-baghlan-ctyri-mrtvi","status":"publish","type":"post","link":"https:\/\/www.infokuryr.cz\/n\/2023\/05\/26\/vybuchy-v-uhelnych-dolech-v-afghanske-provincii-baghlan-ctyri-mrtvi\/","title":{"rendered":"V\u00fdbuchy v uheln\u00fdch dolech v afgh\u00e1nsk\u00e9 provincii Baghlan: \u010dty\u0159i mrtv\u00ed"},"content":{"rendered":"<div id=\"fb-root\"><\/div>\n<p class=\"lead\"><strong>Nejm\u00e9n\u011b \u010dty\u0159i horn\u00edci zem\u0159eli po exploz\u00edch ve dvou uheln\u00fdch dolech v provincii Baghlan, uvedla 25. kv\u011btna zpr\u00e1va Ariana News.<\/strong><\/p>\n<p><span>Incident se stal 23. kv\u011btna.\u00a0V d\u016fsledku dvou v\u00fdbuch\u016f plynu v okresech Tale-Barfak a Dzhalgakh v afgh\u00e1nsk\u00e9 provincii Baghlan byli pracovn\u00edci zran\u011bni v obli\u010deji.\u00a0Podle\u00a0<\/span><strong><span>Abdullaha Hamida<\/span><\/strong><span>\u00a0, spr\u00e1vce dolu v Baghlan, v prvn\u00edm p\u0159\u00edpad\u011b dva brat\u0159i jm\u00e9nem Nazmir a Abdulsir zem\u0159eli na intoxikaci p\u0159i pr\u00e1ci v uheln\u00e9m dole ve vesnici Peshte Mark v okrese Tale Barfak.\u00a0P\u0159i druh\u00e9m incidentu zem\u0159eli otec a syn jm\u00e9nem Shir a Dost Mohammad p\u0159i pr\u00e1ci v okrese Shahkul Chenark v regionu Jalgyakh.<\/span><\/p>\n<p><span>Jen tento m\u011bs\u00edc zem\u0159el 17. kv\u011btna jeden horn\u00edk na udu\u0161en\u00ed a \u0161est dal\u0161\u00edch bylo zplynov\u00e1no v dole v okrese Tale Barfak v provincii Baghlan.\u00a0D\u011bje se tak na pozad\u00ed zpr\u00e1v o zv\u00fd\u0161en\u00e9 aktivit\u011b dol\u016f a t\u011b\u017ea\u0159sk\u00fdch spole\u010dnost\u00ed v Afgh\u00e1nist\u00e1nu po v\u00fdzv\u011b \u00fa\u0159ad\u016f \u201eIsl\u00e1msk\u00e9ho emir\u00e1tu Afgh\u00e1nist\u00e1n\u201c (vlastn\u00ed jm\u00e9no zem\u011b od Talibanu <\/span><span class=\"rkn-mark\"><span>)<\/span><\/span><span>.<\/span><\/p>\n<p><img decoding=\"async\" loading=\"lazy\" class=\"alignnone size-full wp-image-1185\" src=\"http:\/\/www.infokuryr.cz\/n\/wp-content\/uploads\/2021\/04\/kuryr-podpis.png\" alt=\"\" width=\"84\" height=\"24\" \/><\/p>\n<p>&nbsp;<\/p>\n<p>&nbsp;<\/p>\n<p><img decoding=\"async\" loading=\"lazy\" class=\"wp-image-19187 aligncenter\" src=\"http:\/\/www.infokuryr.cz\/n\/wp-content\/uploads\/2022\/12\/1-PRO-300x36.jpg\" alt=\"\" width=\"1308\" height=\"157\" srcset=\"https:\/\/www.infokuryr.cz\/n\/wp-content\/uploads\/2022\/12\/1-PRO-300x36.jpg 300w, https:\/\/www.infokuryr.cz\/n\/wp-content\/uploads\/2022\/12\/1-PRO.jpg 699w\" sizes=\"(max-width: 1308px) 100vw, 1308px\" \/><\/p>\n<p>&nbsp;<\/p>\n<p>&nbsp;<\/p>\n","protected":false},"excerpt":{"rendered":"<p>Nejm\u00e9n\u011b \u010dty\u0159i horn\u00edci zem\u0159eli po exploz\u00edch ve dvou uheln\u00fdch dolech v provincii Baghlan, uvedla 25&#8230;.<\/p>\n","protected":false},"author":2,"featured_media":28793,"comment_status":"closed","ping_status":"closed","sticky":false,"template":"","format":"standard","meta":[],"categories":[7],"tags":[118,432,353,300],"_links":{"self":[{"href":"https:\/\/www.infokuryr.cz\/n\/wp-json\/wp\/v2\/posts\/28792"}],"collection":[{"href":"https:\/\/www.infokuryr.cz\/n\/wp-json\/wp\/v2\/posts"}],"about":[{"href":"https:\/\/www.infokuryr.cz\/n\/wp-json\/wp\/v2\/types\/post"}],"author":[{"embeddable":true,"href":"https:\/\/www.infokuryr.cz\/n\/wp-json\/wp\/v2\/users\/2"}],"replies":[{"embeddable":true,"href":"https:\/\/www.infokuryr.cz\/n\/wp-json\/wp\/v2\/comments?post=28792"}],"version-history":[{"count":1,"href":"https:\/\/www.infokuryr.cz\/n\/wp-json\/wp\/v2\/posts\/28792\/revisions"}],"predecessor-version":[{"id":28794,"href":"https:\/\/www.infokuryr.cz\/n\/wp-json\/wp\/v2\/posts\/28792\/revisions\/28794"}],"wp:featuredmedia":[{"embeddable":true,"href":"https:\/\/www.infokuryr.cz\/n\/wp-json\/wp\/v2\/media\/28793"}],"wp:attachment":[{"href":"https:\/\/www.infokuryr.cz\/n\/wp-json\/wp\/v2\/media?parent=28792"}],"wp:term":[{"taxonomy":"category","embeddable":true,"href":"https:\/\/www.infokuryr.cz\/n\/wp-json\/wp\/v2\/categories?post=28792"},{"taxonomy":"post_tag","embeddable":true,"href":"https:\/\/www.infokuryr.cz\/n\/wp-json\/wp\/v2\/tags?post=28792"}],"curies":[{"name":"wp","href":"https:\/\/api.w.org\/{rel}","templated":true}]}}