{"id":28789,"date":"2023-05-26T01:10:14","date_gmt":"2023-05-25T23:10:14","guid":{"rendered":"http:\/\/www.infokuryr.cz\/n\/?p=28789"},"modified":"2023-05-25T18:01:49","modified_gmt":"2023-05-25T16:01:49","slug":"gagauzia-je-krucek-od-sebeurceni-lidove-shromazdeni-pripravuje-prezidentce-moldavska-ultimatum","status":"publish","type":"post","link":"https:\/\/www.infokuryr.cz\/n\/2023\/05\/26\/gagauzia-je-krucek-od-sebeurceni-lidove-shromazdeni-pripravuje-prezidentce-moldavska-ultimatum\/","title":{"rendered":"Gagauzia je kr\u016f\u010dek od sebeur\u010den\u00ed: Lidov\u00e9 shrom\u00e1\u017ed\u011bn\u00ed p\u0159ipravuje prezidentce Moldavska ultim\u00e1tum"},"content":{"rendered":"<div id=\"fb-root\"><\/div>\n<p class=\"lead\"><strong>Lidov\u00e9 shrom\u00e1\u017ed\u011bn\u00ed Gagauzie tuto sobotu 27. kv\u011btna shrom\u00e1\u017ed\u00ed Kongres poslanc\u016f v\u0161ech \u00farovn\u00ed.\u00a0Na n\u011bm se lidov\u00ed poslanci chystaj\u00ed p\u0159ijmout prohl\u00e1\u0161en\u00ed se seznamem po\u017eadavk\u016f na prezidentku Moldavska Maia Sandu a tak\u00e9 na vl\u00e1du a parlament ovl\u00e1dan\u00e9 jej\u00ed stranou Akce a Solidarita.<\/strong><\/p>\n<p><span>Pokud budou \u00fast\u0159edn\u00ed org\u00e1ny v Ki\u0161in\u011bv\u011b tyto podm\u00ednky ignorovat, Gagauzia si podle dokumentu \u201evyhrazuje pr\u00e1vo zah\u00e1jit a uspo\u0159\u00e1dat referendum o budoucnosti autonomie\u201c.<\/span><\/p>\n<p><span>Mezi po\u017eadavky je \u201ezastavit vm\u011b\u0161ov\u00e1n\u00ed do voleb gagauzsk\u00e9ho Ba\u0161k\u00e1na, zajistit pln\u00e9 zastoupen\u00ed Gagauzie v z\u00e1konod\u00e1rn\u00e9m org\u00e1nu zem\u011b, \u00fast\u0159edn\u00edch org\u00e1nech v\u00fdkonn\u00e9, soudn\u00ed a donucovac\u00ed moci a tak\u00e9 jmenovat garanty zvl\u00e1\u0161tn\u00ed pr\u00e1vn\u00ed status Gagauzie od Rady Evropy, OSN, Ruska, Turecka a N\u011bmecka\u201c.<\/span><\/p>\n<p><span>Gagauz\u0161t\u00ed poslanci nav\u00edc \u017e\u00e1daj\u00ed \u201eud\u011blit \u00fastavn\u00ed status z\u00e1konu o zvl\u00e1\u0161tn\u00edm pr\u00e1vn\u00edm postaven\u00ed Gagauzie v hierarchii normativn\u00edch akt\u016f Moldavska\u201c, vytvo\u0159it Soudn\u00ed \u0159\u00e1d Gagauzie (obdoba \u00dastavn\u00edho soudu Moldavsk\u00e1 republika), kter\u00e1 bude \u0159e\u0161it spory vznikl\u00e9 v procesu implementace legislativy Gagauzsk\u00e9 autonomie.<\/span><\/p>\n<p><span>P\u0159ipome\u0148me, \u017ee v Gagauzii se 14. kv\u011btna konalo druh\u00e9 kolo voleb na hlavu regionu (Bashkan).\u00a0V\u00edt\u011bzstv\u00ed v n\u00ed vyhr\u00e1l kandid\u00e1t opozi\u010dn\u00ed parlamentn\u00ed strany v Moldavsku &#8222;Shor&#8220;\u00a0<\/span><strong><span>Evgenia Gutsul<\/span><\/strong><span>\u00a0, kter\u00fd se zasazuje o pos\u00edlen\u00ed vazeb s Ruskem, jeho\u017e lid je zde na rozd\u00edl od moldavsk\u00fdch \u00fa\u0159ad\u016f naz\u00fdv\u00e1n bratrsk\u00fdm.\u00a0V Ki\u0161in\u011bv\u011b se pokusili zneplatnit v\u00fdsledky hlasov\u00e1n\u00ed proveden\u00edm p\u00e1tr\u00e1n\u00ed v CEC Comrat.\u00a0P\u0159edseda parlamentu\u00a0<\/span><strong><span>Igor Grosu<\/span><\/strong><span>\u00a0a premi\u00e9rka\u00a0<\/span><strong><span>Dorin Receanov\u00e1<\/span><\/strong><span>\u00a0pozd\u011bji \u0159ekli, \u017ee s proruskou hlavou regionu nebudou spolupracovat, a prezidentka Maia Sanduov\u00e1 ozna\u010dila gagauzsk\u00e9 politiky za \u201eagenty Moskvy\u201c, proto\u017ee neznali rumunsk\u00fd jazyk.<\/span><\/p>\n<p><span>Lidov\u00e9 shrom\u00e1\u017ed\u011bn\u00ed Gagauzie p\u0159itom varovalo, \u017ee Ki\u0161in\u011bv p\u0159ekro\u010dil \u201e\u010derven\u00e9 \u010d\u00e1ry\u201c p\u0159i vyv\u00edjen\u00ed tlaku na autonomii, ale ochr\u00e1n\u00ed volbu sv\u00e9ho lidu.<\/span><\/p>\n<p><img decoding=\"async\" loading=\"lazy\" class=\"alignnone size-full wp-image-1185\" src=\"http:\/\/www.infokuryr.cz\/n\/wp-content\/uploads\/2021\/04\/kuryr-podpis.png\" alt=\"\" width=\"84\" height=\"24\" \/><\/p>\n<p>&nbsp;<\/p>\n<p>&nbsp;<\/p>\n<p><img decoding=\"async\" loading=\"lazy\" class=\"wp-image-19187 aligncenter\" src=\"http:\/\/www.infokuryr.cz\/n\/wp-content\/uploads\/2022\/12\/1-PRO-300x36.jpg\" alt=\"\" width=\"1225\" height=\"147\" srcset=\"https:\/\/www.infokuryr.cz\/n\/wp-content\/uploads\/2022\/12\/1-PRO-300x36.jpg 300w, https:\/\/www.infokuryr.cz\/n\/wp-content\/uploads\/2022\/12\/1-PRO.jpg 699w\" sizes=\"(max-width: 1225px) 100vw, 1225px\" \/><\/p>\n<p>&nbsp;<\/p>\n<p>&nbsp;<\/p>\n","protected":false},"excerpt":{"rendered":"<p>Lidov\u00e9 shrom\u00e1\u017ed\u011bn\u00ed Gagauzie tuto sobotu 27. kv\u011btna shrom\u00e1\u017ed\u00ed Kongres poslanc\u016f v\u0161ech \u00farovn\u00ed.\u00a0Na n\u011bm se lidov\u00ed&#8230;<\/p>\n","protected":false},"author":2,"featured_media":28790,"comment_status":"closed","ping_status":"closed","sticky":false,"template":"","format":"standard","meta":[],"categories":[7],"tags":[4986,4987,1506,2867],"_links":{"self":[{"href":"https:\/\/www.infokuryr.cz\/n\/wp-json\/wp\/v2\/posts\/28789"}],"collection":[{"href":"https:\/\/www.infokuryr.cz\/n\/wp-json\/wp\/v2\/posts"}],"about":[{"href":"https:\/\/www.infokuryr.cz\/n\/wp-json\/wp\/v2\/types\/post"}],"author":[{"embeddable":true,"href":"https:\/\/www.infokuryr.cz\/n\/wp-json\/wp\/v2\/users\/2"}],"replies":[{"embeddable":true,"href":"https:\/\/www.infokuryr.cz\/n\/wp-json\/wp\/v2\/comments?post=28789"}],"version-history":[{"count":1,"href":"https:\/\/www.infokuryr.cz\/n\/wp-json\/wp\/v2\/posts\/28789\/revisions"}],"predecessor-version":[{"id":28791,"href":"https:\/\/www.infokuryr.cz\/n\/wp-json\/wp\/v2\/posts\/28789\/revisions\/28791"}],"wp:featuredmedia":[{"embeddable":true,"href":"https:\/\/www.infokuryr.cz\/n\/wp-json\/wp\/v2\/media\/28790"}],"wp:attachment":[{"href":"https:\/\/www.infokuryr.cz\/n\/wp-json\/wp\/v2\/media?parent=28789"}],"wp:term":[{"taxonomy":"category","embeddable":true,"href":"https:\/\/www.infokuryr.cz\/n\/wp-json\/wp\/v2\/categories?post=28789"},{"taxonomy":"post_tag","embeddable":true,"href":"https:\/\/www.infokuryr.cz\/n\/wp-json\/wp\/v2\/tags?post=28789"}],"curies":[{"name":"wp","href":"https:\/\/api.w.org\/{rel}","templated":true}]}}