{"id":28786,"date":"2023-05-26T01:09:31","date_gmt":"2023-05-25T23:09:31","guid":{"rendered":"http:\/\/www.infokuryr.cz\/n\/?p=28786"},"modified":"2023-05-25T17:50:04","modified_gmt":"2023-05-25T15:50:04","slug":"iran-odhalil-balistickou-raketu-s-dosahem-2000-km","status":"publish","type":"post","link":"https:\/\/www.infokuryr.cz\/n\/2023\/05\/26\/iran-odhalil-balistickou-raketu-s-dosahem-2000-km\/","title":{"rendered":"\u00cdr\u00e1n odhalil balistickou raketu s dosahem 2000 km"},"content":{"rendered":"<div id=\"fb-root\"><\/div>\n<p><span style=\"font-size: 18pt;\"><strong>Nov\u00e1 raketa \u201eKheibar\u201c byla p\u0159edstavena na ceremonii za \u00fa\u010dasti ministra obrany Mohammeda Rezy Ashtianiho<\/strong><\/span><\/p>\n<p><span>\u00cdr\u00e1n p\u0159edvedl novou balistickou st\u0159elu s n\u00e1zvem \u201aKheibar\u2018, kter\u00e1 se \u00fadajn\u011b m\u016f\u017ee pochlubit doletem p\u0159es 2000 kilometr\u016f a nese u\u017eite\u010dn\u00e9 zat\u00ed\u017een\u00ed 1,5 tuny.<\/span><\/p>\n<p><span>Podle zpr\u00e1vy \u00edr\u00e1nsk\u00e9ho st\u00e1tn\u00edho m\u00e9dia IRNA pot\u0159ebuje raketa relativn\u011b m\u00e1lo \u010dasu na p\u0159\u00edpravu ke startu, co\u017e znamen\u00e1, \u017ee ji lze pou\u017e\u00edt jako strategickou i taktickou zbra\u0148.<\/span><\/p>\n<p><span>Tamn\u00ed ministr obrany Mohammad Reza Ashtiani, kter\u00fd byl p\u0159\u00edtomen \u010dtvrte\u010dn\u00edmu slavnostn\u00edmu odhalen\u00ed, uvedl, \u017ee raketa je v\u00fdsledkem letit\u00e9ho \u00fasil\u00ed jej\u00ed organizace Aerospace Industries Organization (AIO).\u00a0\u00da\u0159edn\u00edk tak\u00e9 poznamenal, \u017ee raketa &#8218;Kheibar&#8216; m\u016f\u017ee proniknout nep\u0159\u00e1telskou protivzdu\u0161nou obranou d\u00edky radarov\u00e9mu za\u0159\u00edzen\u00ed na palub\u011b.<\/span><\/p>\n<p><span>Ashtiani pouk\u00e1zal na to, \u017ee Teher\u00e1n \u201e\u00a0<\/span><em><span>podnik\u00e1 kroky k vybaven\u00ed ozbrojen\u00fdch sil v r\u016fzn\u00fdch oblastech raket, dron\u016f, protivzdu\u0161n\u00e9 obrany<\/span><\/em><span>\u00a0\u201c dal\u0161\u00edmi zbra\u0148ov\u00fdmi syst\u00e9my, kter\u00e9 maj\u00ed b\u00fdt odhaleny ve\u0159ejnosti.<\/span><\/p>\n<p><span>Je\u0161t\u011b v \u00fanoru Amirali Hajizadeh, \u0161\u00e9f \u00edr\u00e1nsk\u00fdch revolu\u010dn\u00edch gard Aerospace Force, ozn\u00e1mil, \u017ee Isl\u00e1msk\u00e1 republika m\u00e1 k dispozici \u0159\u00edzenou st\u0159elu s dosahem 1650 kilometr\u016f (1025 mil).\u00a0\u00cdr\u00e1nsk\u00e1 st\u00e1tn\u00ed televize v t\u00e9 dob\u011b uvedla, \u017ee tato raketa se jmenuje \u201aPaveh\u2018.<\/span><\/p>\n<p><span>Loni na podzim stejn\u00fd \u00fa\u0159edn\u00edk tvrdil, \u017ee Teher\u00e1n vyvinul hypersonickou st\u0159elu \u2013 na co\u017e USA reagovaly skepticky.<\/span><\/p>\n<p><span>M\u00e1 se za to, \u017ee v sou\u010dasnosti pouze hrstka n\u00e1rod\u016f, jako jsou USA, \u010c\u00edna a Rusko, m\u00e1 nezbytnou technologii k v\u00fdrob\u011b takov\u00fdch pokro\u010dil\u00fdch zbran\u00ed.<\/span><\/p>\n<p><span>\u00cdr\u00e1n aktivn\u011b rozv\u00edj\u00ed sv\u00e9 raketov\u00e9 kapacity od 80. let.\u00a0Zat\u00edmco USA a n\u011bkter\u00e9 evropsk\u00e9 st\u00e1ty opakovan\u011b vyjad\u0159ovaly znepokojen\u00ed nad programem Isl\u00e1msk\u00e9 republiky, Teher\u00e1n trv\u00e1 na tom, \u017ee jeho \u00fasil\u00ed v t\u00e9to oblasti m\u00e1 obrann\u00fd charakter.<\/span><\/p>\n<p><img decoding=\"async\" loading=\"lazy\" class=\"alignnone size-full wp-image-1185\" src=\"http:\/\/www.infokuryr.cz\/n\/wp-content\/uploads\/2021\/04\/kuryr-podpis.png\" alt=\"\" width=\"84\" height=\"24\" \/><\/p>\n<p>&nbsp;<\/p>\n<p>&nbsp;<\/p>\n<p><img decoding=\"async\" loading=\"lazy\" class=\"wp-image-19187 aligncenter\" src=\"http:\/\/www.infokuryr.cz\/n\/wp-content\/uploads\/2022\/12\/1-PRO-300x36.jpg\" alt=\"\" width=\"1250\" height=\"150\" srcset=\"https:\/\/www.infokuryr.cz\/n\/wp-content\/uploads\/2022\/12\/1-PRO-300x36.jpg 300w, https:\/\/www.infokuryr.cz\/n\/wp-content\/uploads\/2022\/12\/1-PRO.jpg 699w\" sizes=\"(max-width: 1250px) 100vw, 1250px\" \/><\/p>\n<p>&nbsp;<\/p>\n<p>&nbsp;<\/p>\n","protected":false},"excerpt":{"rendered":"<p>Nov\u00e1 raketa \u201eKheibar\u201c byla p\u0159edstavena na ceremonii za \u00fa\u010dasti ministra obrany Mohammeda Rezy Ashtianiho \u00cdr\u00e1n&#8230;<\/p>\n","protected":false},"author":2,"featured_media":28787,"comment_status":"closed","ping_status":"closed","sticky":false,"template":"","format":"standard","meta":[],"categories":[7],"tags":[5055,38,1075],"_links":{"self":[{"href":"https:\/\/www.infokuryr.cz\/n\/wp-json\/wp\/v2\/posts\/28786"}],"collection":[{"href":"https:\/\/www.infokuryr.cz\/n\/wp-json\/wp\/v2\/posts"}],"about":[{"href":"https:\/\/www.infokuryr.cz\/n\/wp-json\/wp\/v2\/types\/post"}],"author":[{"embeddable":true,"href":"https:\/\/www.infokuryr.cz\/n\/wp-json\/wp\/v2\/users\/2"}],"replies":[{"embeddable":true,"href":"https:\/\/www.infokuryr.cz\/n\/wp-json\/wp\/v2\/comments?post=28786"}],"version-history":[{"count":1,"href":"https:\/\/www.infokuryr.cz\/n\/wp-json\/wp\/v2\/posts\/28786\/revisions"}],"predecessor-version":[{"id":28788,"href":"https:\/\/www.infokuryr.cz\/n\/wp-json\/wp\/v2\/posts\/28786\/revisions\/28788"}],"wp:featuredmedia":[{"embeddable":true,"href":"https:\/\/www.infokuryr.cz\/n\/wp-json\/wp\/v2\/media\/28787"}],"wp:attachment":[{"href":"https:\/\/www.infokuryr.cz\/n\/wp-json\/wp\/v2\/media?parent=28786"}],"wp:term":[{"taxonomy":"category","embeddable":true,"href":"https:\/\/www.infokuryr.cz\/n\/wp-json\/wp\/v2\/categories?post=28786"},{"taxonomy":"post_tag","embeddable":true,"href":"https:\/\/www.infokuryr.cz\/n\/wp-json\/wp\/v2\/tags?post=28786"}],"curies":[{"name":"wp","href":"https:\/\/api.w.org\/{rel}","templated":true}]}}