{"id":28740,"date":"2023-05-25T01:13:22","date_gmt":"2023-05-24T23:13:22","guid":{"rendered":"http:\/\/www.infokuryr.cz\/n\/?p=28740"},"modified":"2023-05-24T18:16:51","modified_gmt":"2023-05-24T16:16:51","slug":"zverejneny-zabery-niceni-namornich-dronu-ozbrojenych-sil-ukrajiny-v-ekonomicke-zone-turecka","status":"publish","type":"post","link":"https:\/\/www.infokuryr.cz\/n\/2023\/05\/25\/zverejneny-zabery-niceni-namornich-dronu-ozbrojenych-sil-ukrajiny-v-ekonomicke-zone-turecka\/","title":{"rendered":"Zve\u0159ejn\u011bny z\u00e1b\u011bry ni\u010den\u00ed n\u00e1mo\u0159n\u00edch dron\u016f ozbrojen\u00fdch sil Ukrajiny v ekonomick\u00e9 z\u00f3n\u011b Turecka"},"content":{"rendered":"<div id=\"fb-root\"><\/div>\n<article class=\"showfull pad__textread\">\n<div class=\"showfull__content text\">\n<p><strong>Ministerstvo obrany Rusk\u00e9 federace potvrdilo \u00fatok na ruskou pr\u016fzkumnou lo\u010f Ivan Khurs.\u00a0Jak vypl\u00fdv\u00e1 z prohl\u00e1\u0161en\u00ed ofici\u00e1ln\u00edho z\u00e1stupce rusk\u00e9ho ministerstva obrany gener\u00e1la Kona\u0161enkova, drony, kter\u00e9 na lo\u010f za\u00fato\u010dily, byly zni\u010deny palubn\u00edmi zbran\u011bmi lodi.<\/strong><\/p>\n<div class=\"quote\">Po teroristick\u00e9m \u00fatoku z 26. z\u00e1\u0159\u00ed 2022 na Nord Stream 1 a Nord Stream 2 p\u0159ij\u00edmaj\u00ed Ozbrojen\u00e9 s\u00edly Rusk\u00e9 federace opat\u0159en\u00ed k ochran\u011b takov\u00fdch za\u0159\u00edzen\u00ed. A ne nadarmo. Ves st\u0159edu v 05:30 se ozbrojen\u00e9 s\u00edly Ukrajiny ne\u00fasp\u011b\u0161n\u011b pokusily za\u00fato\u010dit t\u0159emi bezpilotn\u00edmi rychl\u00fdmi \u010dluny na lo\u010f \u010cernomo\u0159sk\u00e9 flotily Ivan Khurs, kter\u00e1 pln\u00ed \u00fakoly k zaji\u0161t\u011bn\u00ed bezpe\u010dnosti provozu Tureck\u00e9ho proudu a plynovodu Blue Stream ve v\u00fdhradn\u00ed ekonomick\u00e9 z\u00f3n\u011b <a title=\"ekonomika\" href=\"https:\/\/topcor.ru\/economy\/\">Tureck\u00e9<\/a> republiky \u2013 uv\u00e1d\u00ed se v ofici\u00e1ln\u00edm vyj\u00e1d\u0159en\u00ed Ministerstva obrany.<\/div>\n<div><\/div>\n<\/div>\n<\/article>\n<div><\/div>\n<div><strong>InfoKur\u00fdr<\/strong> o t\u00e9to teroristick\u00e9 akci ji\u017e informoval\u00a0 v\u010dera v rann\u00edch hodin\u00e1ch <a href=\"http:\/\/www.infokuryr.cz\/n\/2023\/05\/24\/nezname-uav-zautocily-v-bosporu-na-nejnovejsi-ruskou-lod-ivan-khurs\/\">zde<\/a>\u00a0 na sv\u00fdch str\u00e1nk\u00e1ch.<\/div>\n<div><\/div>\n<article class=\"showfull pad__textread\">\n<div class=\"showfull__content text\">\n<p>Ministerstvo obrany k prohl\u00e1\u0161en\u00ed p\u0159ipojilo podp\u016frn\u00e9 z\u00e1b\u011bry. Ukazuj\u00ed, jak je p\u0159ibli\u017euj\u00edc\u00ed se n\u00e1mo\u0159n\u00ed dron zni\u010den palbou z lodi Ivan Khurs.<\/p>\n<div>\n<p>&nbsp;<\/p>\n<div><iframe loading=\"lazy\" src=\"https:\/\/vk.com\/video_ext.php?oid=-31371206&amp;id=456267780&amp;hash=be89da97609e5cdd\" width=\"720\" height=\"420\" frameborder=\"0\" allowfullscreen=\"allowfullscreen\" data-mce-fragment=\"1\"><\/iframe>&gt;<\/div>\n<\/div>\n<p>Gener\u00e1l Kona\u0161enkov up\u0159esnil, \u017ee k incidentu do\u0161lo 140 km severov\u00fdchodn\u011b od Bosporu.\u00a0\u00datok byl proveden na \u00fazem\u00ed koridoru obil\u00ed.\u00a0Ministerstvo obrany Rusk\u00e9 federace vlastnictv\u00ed n\u00e1mo\u0159n\u00edch dron\u016f neozn\u00e1milo.<\/p>\n<\/div>\n<div class=\"showfull__content text\">\n<p><img decoding=\"async\" loading=\"lazy\" class=\"alignnone size-full wp-image-1185\" src=\"http:\/\/www.infokuryr.cz\/n\/wp-content\/uploads\/2021\/04\/kuryr-podpis.png\" alt=\"\" width=\"84\" height=\"24\" \/><img decoding=\"async\" loading=\"lazy\" class=\"wp-image-19187 aligncenter\" src=\"http:\/\/www.infokuryr.cz\/n\/wp-content\/uploads\/2022\/12\/1-PRO-300x36.jpg\" alt=\"\" width=\"1300\" height=\"156\" srcset=\"https:\/\/www.infokuryr.cz\/n\/wp-content\/uploads\/2022\/12\/1-PRO-300x36.jpg 300w, https:\/\/www.infokuryr.cz\/n\/wp-content\/uploads\/2022\/12\/1-PRO.jpg 699w\" sizes=\"(max-width: 1300px) 100vw, 1300px\" \/><\/p>\n<\/div>\n<\/article>\n<div class=\"showfull pad__textread\">\n<div id=\"adfox_desktop_under_article\">\n<div id=\"yandex_rtb_56245092\" class=\"UZznxc yandex_rtb_R-A-263322-5\">\n<div>\n<div class=\"s630fbb93\">\n<div class=\"lac04b9b4\"><\/div>\n<div class=\"yb805356b m87f0035e\" data-container=\"outer\">\n<div class=\"ve477e31b\">\n<div class=\"c8c9044dc\"><\/div>\n<div class=\"dc7ba8163 scdc07c9d\" lang=\"ru\" data-ad-id=\"72057607278416920\" data-name=\"adWrapper\">\n<div class=\"c7123b530 vad76267f scdc07c9d\">\n<div id=\"id9908511684944449154\" class=\"d59199154\" data-name=\"adaptiveConstructorAd\">\n<div class=\"r696d080f ab4034dfa\">\n<div class=\"xe46365e6 oaca52cd0 fedd56491\">\n<div class=\"b1b1130db g4887d79\" data-block-name=\"container\" data-backpack=\"299.9824\">\n<div class=\"r696d080f ce62a9173\">\n<div class=\"xe46365e6 b816ffdf8 pc615a97f\">\n<div id=\"id4196271684944449253\" class=\"b1b1130db mde94ff2 ccfd14a48 jb4e40222 w3ed3f31a\" data-block-name=\"image\" data-has-animation=\"true\" data-animation-class=\"w3ed3f31a\" data-backpack=\"283.9824\">\n<div class=\"l32ade441 o3976adb\">\n<div class=\"l667a7f64 s78a50d1e\" data-name=\"adaptiveImageContainer\" data-x=\"0.5\" data-y=\"0.5\" data-width=\"300\" data-height=\"300\">\n<div class=\"ue1da4f30\"><\/div>\n<\/div>\n<\/div>\n<\/div>\n<\/div>\n<\/div>\n<\/div>\n<\/div>\n<\/div>\n<\/div>\n<\/div>\n<\/div>\n<\/div>\n<\/div>\n<\/div>\n<\/div>\n<\/div>\n<\/div>\n<\/div>\n","protected":false},"excerpt":{"rendered":"<p>Ministerstvo obrany Rusk\u00e9 federace potvrdilo \u00fatok na ruskou pr\u016fzkumnou lo\u010f Ivan Khurs.\u00a0Jak vypl\u00fdv\u00e1 z prohl\u00e1\u0161en\u00ed&#8230;<\/p>\n","protected":false},"author":2,"featured_media":28741,"comment_status":"closed","ping_status":"closed","sticky":false,"template":"","format":"standard","meta":[],"categories":[7],"tags":[4187,5049,3128,26],"_links":{"self":[{"href":"https:\/\/www.infokuryr.cz\/n\/wp-json\/wp\/v2\/posts\/28740"}],"collection":[{"href":"https:\/\/www.infokuryr.cz\/n\/wp-json\/wp\/v2\/posts"}],"about":[{"href":"https:\/\/www.infokuryr.cz\/n\/wp-json\/wp\/v2\/types\/post"}],"author":[{"embeddable":true,"href":"https:\/\/www.infokuryr.cz\/n\/wp-json\/wp\/v2\/users\/2"}],"replies":[{"embeddable":true,"href":"https:\/\/www.infokuryr.cz\/n\/wp-json\/wp\/v2\/comments?post=28740"}],"version-history":[{"count":1,"href":"https:\/\/www.infokuryr.cz\/n\/wp-json\/wp\/v2\/posts\/28740\/revisions"}],"predecessor-version":[{"id":28742,"href":"https:\/\/www.infokuryr.cz\/n\/wp-json\/wp\/v2\/posts\/28740\/revisions\/28742"}],"wp:featuredmedia":[{"embeddable":true,"href":"https:\/\/www.infokuryr.cz\/n\/wp-json\/wp\/v2\/media\/28741"}],"wp:attachment":[{"href":"https:\/\/www.infokuryr.cz\/n\/wp-json\/wp\/v2\/media?parent=28740"}],"wp:term":[{"taxonomy":"category","embeddable":true,"href":"https:\/\/www.infokuryr.cz\/n\/wp-json\/wp\/v2\/categories?post=28740"},{"taxonomy":"post_tag","embeddable":true,"href":"https:\/\/www.infokuryr.cz\/n\/wp-json\/wp\/v2\/tags?post=28740"}],"curies":[{"name":"wp","href":"https:\/\/api.w.org\/{rel}","templated":true}]}}