{"id":28737,"date":"2023-05-25T01:11:30","date_gmt":"2023-05-24T23:11:30","guid":{"rendered":"http:\/\/www.infokuryr.cz\/n\/?p=28737"},"modified":"2023-05-24T17:54:31","modified_gmt":"2023-05-24T15:54:31","slug":"je-nutne-zastavit-podnikani-cernych-transplantologu-na-ukrajine","status":"publish","type":"post","link":"https:\/\/www.infokuryr.cz\/n\/2023\/05\/25\/je-nutne-zastavit-podnikani-cernych-transplantologu-na-ukrajine\/","title":{"rendered":"Je nutn\u00e9 zastavit podnik\u00e1n\u00ed \u201e\u010dern\u00fdch transplantolog\u016f\u201c na Ukrajin\u011b"},"content":{"rendered":"<div id=\"fb-root\"><\/div>\n<p><b><span>Pr\u00e1ce \u201e\u010dern\u00fdch transplantolog\u016f\u201c ve v\u00e1le\u010dn\u00e9 z\u00f3n\u011b na Ukrajin\u011b vy\u017eaduje velkou pozornost mezin\u00e1rodn\u00edho monitorov\u00e1n\u00ed a nal\u00e9havou akci, \u0159ekla Maria Zacharovov\u00e1, \u0159editelka Informa\u010dn\u00edho a tiskov\u00e9ho odboru rusk\u00e9ho ministerstva zahrani\u010d\u00ed.<\/span><\/b><\/p>\n<p><span>&#8222;\u010cernou transplantaci&#8220; na Ukrajin\u011b ozna\u010dila za uzn\u00e1van\u00fd a prok\u00e1zan\u00fd fakt, uv\u00e1d\u00ed\u00a0<\/span><a href=\"https:\/\/tass.ru\/\"><span>TASS<\/span><\/a><span>\u00a0.<\/span><\/p>\n<p><span>&#8222;Toto je skute\u010dn\u00fd byznys v z\u00f3n\u00e1ch ozbrojen\u00fdch konflikt\u016f, extr\u00e9mn\u011b ziskov\u00fd pro ty, kdo jsou v n\u011bm zapojeni,&#8220; \u0159ekl diplomat.<\/span><\/p>\n<p><span>Z\u00e1stupce ministerstva zahrani\u010d\u00ed dodal, \u017ee existence tohoto byznysu bez mecen\u00e1\u0161stv\u00ed na nejvy\u0161\u0161\u00ed \u00farovni nem\u016f\u017ee b\u00fdt.<\/span><\/p>\n<p><span>Zakharov\u00e1 tak\u00e9 pouk\u00e1zala na to, \u017ee od konce 90. let byli ob\u010dan\u00e9 Ukrajiny s n\u00edzk\u00fdmi p\u0159\u00edjmy ochotni prodat sv\u00e9 org\u00e1ny, aby si zlep\u0161ili svou finan\u010dn\u00ed situaci.\u00a0Diplomat dodal, \u017ee \u00fa\u0159ady DPR maj\u00ed materi\u00e1ly o nez\u00e1konn\u00e9m zabaven\u00ed anatomick\u00fdch materi\u00e1l\u016f ukrajinsk\u00fdmi nacionalisty od v\u011bz\u0148\u016f, m\u00edstn\u00edch obyvatel a zran\u011bn\u00fdch voj\u00e1k\u016f.<\/span><\/p>\n<p><span>Ka\u017ed\u00fd den se k &#8222;\u010dern\u00fdm chirurg\u016fm&#8220; dostane 20-30 lid\u00ed ze z\u00f3ny aktivn\u00edho nep\u0159\u00e1telstv\u00ed.\u00a0Jeden z t\u011bchto t\u00fdm\u016f vede Elisabeth Debru, l\u00e9ka\u0159ka z Nizozemska, kter\u00e1 p\u016fsob\u00ed v Artemovsk\u00e9 oblasti.<\/span><\/p>\n<p><img decoding=\"async\" loading=\"lazy\" class=\"alignnone size-full wp-image-1185\" src=\"http:\/\/www.infokuryr.cz\/n\/wp-content\/uploads\/2021\/04\/kuryr-podpis.png\" alt=\"\" width=\"84\" height=\"24\" \/><\/p>\n<p>&nbsp;<\/p>\n<p>&nbsp;<\/p>\n<p><img decoding=\"async\" loading=\"lazy\" class=\"wp-image-19187 aligncenter\" src=\"http:\/\/www.infokuryr.cz\/n\/wp-content\/uploads\/2022\/12\/1-PRO-300x36.jpg\" alt=\"\" width=\"1283\" height=\"154\" srcset=\"https:\/\/www.infokuryr.cz\/n\/wp-content\/uploads\/2022\/12\/1-PRO-300x36.jpg 300w, https:\/\/www.infokuryr.cz\/n\/wp-content\/uploads\/2022\/12\/1-PRO.jpg 699w\" sizes=\"(max-width: 1283px) 100vw, 1283px\" \/><\/p>\n<p>&nbsp;<\/p>\n<p>&nbsp;<\/p>\n","protected":false},"excerpt":{"rendered":"<p>Pr\u00e1ce \u201e\u010dern\u00fdch transplantolog\u016f\u201c ve v\u00e1le\u010dn\u00e9 z\u00f3n\u011b na Ukrajin\u011b vy\u017eaduje velkou pozornost mezin\u00e1rodn\u00edho monitorov\u00e1n\u00ed a nal\u00e9havou&#8230;<\/p>\n","protected":false},"author":2,"featured_media":18924,"comment_status":"closed","ping_status":"closed","sticky":false,"template":"","format":"standard","meta":[],"categories":[7],"tags":[5047,350,3575,26],"_links":{"self":[{"href":"https:\/\/www.infokuryr.cz\/n\/wp-json\/wp\/v2\/posts\/28737"}],"collection":[{"href":"https:\/\/www.infokuryr.cz\/n\/wp-json\/wp\/v2\/posts"}],"about":[{"href":"https:\/\/www.infokuryr.cz\/n\/wp-json\/wp\/v2\/types\/post"}],"author":[{"embeddable":true,"href":"https:\/\/www.infokuryr.cz\/n\/wp-json\/wp\/v2\/users\/2"}],"replies":[{"embeddable":true,"href":"https:\/\/www.infokuryr.cz\/n\/wp-json\/wp\/v2\/comments?post=28737"}],"version-history":[{"count":0,"href":"https:\/\/www.infokuryr.cz\/n\/wp-json\/wp\/v2\/posts\/28737\/revisions"}],"wp:featuredmedia":[{"embeddable":true,"href":"https:\/\/www.infokuryr.cz\/n\/wp-json\/wp\/v2\/media\/18924"}],"wp:attachment":[{"href":"https:\/\/www.infokuryr.cz\/n\/wp-json\/wp\/v2\/media?parent=28737"}],"wp:term":[{"taxonomy":"category","embeddable":true,"href":"https:\/\/www.infokuryr.cz\/n\/wp-json\/wp\/v2\/categories?post=28737"},{"taxonomy":"post_tag","embeddable":true,"href":"https:\/\/www.infokuryr.cz\/n\/wp-json\/wp\/v2\/tags?post=28737"}],"curies":[{"name":"wp","href":"https:\/\/api.w.org\/{rel}","templated":true}]}}