{"id":28735,"date":"2023-05-25T01:10:26","date_gmt":"2023-05-24T23:10:26","guid":{"rendered":"http:\/\/www.infokuryr.cz\/n\/?p=28735"},"modified":"2023-05-24T17:50:34","modified_gmt":"2023-05-24T15:50:34","slug":"asi-250-ukrajinskych-vojaku-dorazi-do-nemecka-aby-se-naucili-ovladat-abrams","status":"publish","type":"post","link":"https:\/\/www.infokuryr.cz\/n\/2023\/05\/25\/asi-250-ukrajinskych-vojaku-dorazi-do-nemecka-aby-se-naucili-ovladat-abrams\/","title":{"rendered":"Asi 250 ukrajinsk\u00fdch voj\u00e1k\u016f doraz\u00ed do N\u011bmecka, aby se nau\u010dili ovl\u00e1dat Abrams"},"content":{"rendered":"<div id=\"fb-root\"><\/div>\n<p><b><span>Asi 250 ukrajinsk\u00fdch voj\u00e1k\u016f doraz\u00ed tento t\u00fdden do N\u011bmecka, aby se nau\u010dili ovl\u00e1dat tanky Abrams M1A1 (Abrams), ozn\u00e1mila rozhlasov\u00e1 stanice Hlas Ameriky.<\/span><\/b><\/p>\n<p><span>Podle mluv\u010d\u00edho Pentagonu Patricka Rydera za\u010dne americk\u00e1 arm\u00e1da s v\u00fdcvikem Ukrajinc\u016f v ovl\u00e1d\u00e1n\u00ed t\u011bchto tank\u016f \u201ep\u0159ibli\u017en\u011b p\u0159\u00ed\u0161t\u00ed t\u00fdden\u201c, v\u00fdcvik potrv\u00e1 asi 10 t\u00fddn\u016f, uv\u00e1d\u00ed mluv\u010d\u00ed<\/span><span>.<\/span><\/p>\n<p><span>Podle rozhlasu s odkazem na zdroj bude 250 Ukrajinc\u016f vycvi\u010deno na 31 tanc\u00edch Abrams, kter\u00e9 byly do N\u011bmecka dod\u00e1ny za\u010d\u00e1tkem tohoto m\u011bs\u00edce.\u00a0Druh\u00e1 v\u00e1rka 31 kus\u016fAbraham bude tak\u00e9 dod\u00e1na na Ukrajinu na podzim.<\/span><\/p>\n<p><span>Ji\u017e d\u0159\u00edve Pentagon\u00a0\u00a0<\/span><a href=\"https:\/\/vz.ru\/news\/2023\/5\/15\/1212083.html\"><span>potvrdil<\/span><\/a><span>\u00a0\u00a0dod\u00e1vku americk\u00fdch tank\u016f Abrams do N\u011bmecka pro v\u00fdcvik ozbrojen\u00fdch sil Ukrajiny.<\/span><\/p>\n<p><img decoding=\"async\" loading=\"lazy\" class=\"alignnone size-full wp-image-1185\" src=\"http:\/\/www.infokuryr.cz\/n\/wp-content\/uploads\/2021\/04\/kuryr-podpis.png\" alt=\"\" width=\"84\" height=\"24\" \/><\/p>\n<p>&nbsp;<\/p>\n<p><img decoding=\"async\" loading=\"lazy\" class=\"wp-image-19187 aligncenter\" src=\"http:\/\/www.infokuryr.cz\/n\/wp-content\/uploads\/2022\/12\/1-PRO-300x36.jpg\" alt=\"\" width=\"1283\" height=\"154\" srcset=\"https:\/\/www.infokuryr.cz\/n\/wp-content\/uploads\/2022\/12\/1-PRO-300x36.jpg 300w, https:\/\/www.infokuryr.cz\/n\/wp-content\/uploads\/2022\/12\/1-PRO.jpg 699w\" sizes=\"(max-width: 1283px) 100vw, 1283px\" \/><\/p>\n<p>&nbsp;<\/p>\n<p>&nbsp;<\/p>\n","protected":false},"excerpt":{"rendered":"<p>Asi 250 ukrajinsk\u00fdch voj\u00e1k\u016f doraz\u00ed tento t\u00fdden do N\u011bmecka, aby se nau\u010dili ovl\u00e1dat tanky Abrams&#8230;<\/p>\n","protected":false},"author":2,"featured_media":26093,"comment_status":"closed","ping_status":"closed","sticky":false,"template":"","format":"standard","meta":[],"categories":[7],"tags":[84,1549,26,321,2092],"_links":{"self":[{"href":"https:\/\/www.infokuryr.cz\/n\/wp-json\/wp\/v2\/posts\/28735"}],"collection":[{"href":"https:\/\/www.infokuryr.cz\/n\/wp-json\/wp\/v2\/posts"}],"about":[{"href":"https:\/\/www.infokuryr.cz\/n\/wp-json\/wp\/v2\/types\/post"}],"author":[{"embeddable":true,"href":"https:\/\/www.infokuryr.cz\/n\/wp-json\/wp\/v2\/users\/2"}],"replies":[{"embeddable":true,"href":"https:\/\/www.infokuryr.cz\/n\/wp-json\/wp\/v2\/comments?post=28735"}],"version-history":[{"count":1,"href":"https:\/\/www.infokuryr.cz\/n\/wp-json\/wp\/v2\/posts\/28735\/revisions"}],"predecessor-version":[{"id":28736,"href":"https:\/\/www.infokuryr.cz\/n\/wp-json\/wp\/v2\/posts\/28735\/revisions\/28736"}],"wp:featuredmedia":[{"embeddable":true,"href":"https:\/\/www.infokuryr.cz\/n\/wp-json\/wp\/v2\/media\/26093"}],"wp:attachment":[{"href":"https:\/\/www.infokuryr.cz\/n\/wp-json\/wp\/v2\/media?parent=28735"}],"wp:term":[{"taxonomy":"category","embeddable":true,"href":"https:\/\/www.infokuryr.cz\/n\/wp-json\/wp\/v2\/categories?post=28735"},{"taxonomy":"post_tag","embeddable":true,"href":"https:\/\/www.infokuryr.cz\/n\/wp-json\/wp\/v2\/tags?post=28735"}],"curies":[{"name":"wp","href":"https:\/\/api.w.org\/{rel}","templated":true}]}}