{"id":28734,"date":"2023-05-25T01:09:28","date_gmt":"2023-05-24T23:09:28","guid":{"rendered":"http:\/\/www.infokuryr.cz\/n\/?p=28734"},"modified":"2023-05-24T17:44:31","modified_gmt":"2023-05-24T15:44:31","slug":"marine-le-penova-oznacila-krym-za-legitimni-soucast-ruska","status":"publish","type":"post","link":"https:\/\/www.infokuryr.cz\/n\/2023\/05\/25\/marine-le-penova-oznacila-krym-za-legitimni-soucast-ruska\/","title":{"rendered":"Marine Le Penov\u00e1 ozna\u010dila Krym za legitimn\u00ed sou\u010d\u00e1st Ruska"},"content":{"rendered":"<div id=\"fb-root\"><\/div>\n<p><b><span>\u0160\u00e9fka parlamentn\u00ed frakce francouzsk\u00e9 strany N\u00e1rodn\u00ed shrom\u00e1\u017ed\u011bn\u00ed Marine Le Penov\u00e1 pova\u017euje Krym za legitimn\u00ed sou\u010d\u00e1st Ruska.<\/span><\/b><\/p>\n<p><span>Jak uvedla Le Penov\u00e1 v odpov\u011bdi na ot\u00e1zky poslanc\u016f N\u00e1rodn\u00edho shrom\u00e1\u017ed\u011bn\u00ed (doln\u00ed komory parlamentu) Francie, Krym byl po dv\u011b stolet\u00ed rusk\u00fd a 60 let ukrajinsk\u00fd pot\u00e9, co jej z jeho rozmaru p\u0159edal dikt\u00e1tor Ukrajin\u011b<\/span><span>.<\/span><\/p>\n<p><span>Dodala, \u017ee se pova\u017euje za silnou zast\u00e1nce referend a v\u011b\u0159\u00ed, \u017ee obyvatel\u00e9 Krymu svobodn\u011b vyj\u00e1d\u0159ili svou touhu hlasov\u00e1n\u00edm b\u00fdt sou\u010d\u00e1st\u00ed Ruska.<\/span><\/p>\n<p><span>\u201eM\u00e1m sv\u00e9 dojmy z cest na Krym, kde jsem hodn\u011b mluvil s jeho obyvateli a mohl bych konstatovat, \u017ee se c\u00edt\u00ed mnohem v\u00edce sou\u010d\u00e1st\u00ed Ruska,\u201c \u0159ekl politik, kter\u00fd byl hlavn\u00edm soupe\u0159em Emmanuela Macrona v prezidentsk\u00fdch volb\u00e1ch v roce 2017 a 2022.<\/span><\/p>\n<p><span>Macron ji\u017e d\u0159\u00edve\u00a0<\/span><a href=\"https:\/\/vz.ru\/news\/2023\/4\/23\/1208843.html\"><span>uvedl<\/span><\/a><span>\u00a0, \u017ee pokud francouzsk\u00e9 \u00fa\u0159ady nezvl\u00e1dnou v\u00fdzvy a nebudou pokra\u010dovat v reform\u00e1ch, m\u016f\u017ee Marine Le Penov\u00e1, \u0161\u00e9fka parlamentn\u00ed frakce strany N\u00e1rodn\u00ed shrom\u00e1\u017ed\u011bn\u00ed, vyhr\u00e1t prezidentsk\u00e9 volby v roce 2027.<\/span><\/p>\n<p><img decoding=\"async\" loading=\"lazy\" class=\"alignnone size-full wp-image-1185\" src=\"http:\/\/www.infokuryr.cz\/n\/wp-content\/uploads\/2021\/04\/kuryr-podpis.png\" alt=\"\" width=\"84\" height=\"24\" \/><\/p>\n<p>&nbsp;<\/p>\n<p>&nbsp;<\/p>\n<p><img decoding=\"async\" loading=\"lazy\" class=\"wp-image-19187 aligncenter\" src=\"http:\/\/www.infokuryr.cz\/n\/wp-content\/uploads\/2022\/12\/1-PRO-300x36.jpg\" alt=\"\" width=\"1275\" height=\"153\" srcset=\"https:\/\/www.infokuryr.cz\/n\/wp-content\/uploads\/2022\/12\/1-PRO-300x36.jpg 300w, https:\/\/www.infokuryr.cz\/n\/wp-content\/uploads\/2022\/12\/1-PRO.jpg 699w\" sizes=\"(max-width: 1275px) 100vw, 1275px\" \/><\/p>\n<p>&nbsp;<\/p>\n<p>&nbsp;<\/p>\n","protected":false},"excerpt":{"rendered":"<p>\u0160\u00e9fka parlamentn\u00ed frakce francouzsk\u00e9 strany N\u00e1rodn\u00ed shrom\u00e1\u017ed\u011bn\u00ed Marine Le Penov\u00e1 pova\u017euje Krym za legitimn\u00ed sou\u010d\u00e1st&#8230;<\/p>\n","protected":false},"author":2,"featured_media":1323,"comment_status":"closed","ping_status":"closed","sticky":false,"template":"","format":"standard","meta":[],"categories":[7],"tags":[751,2218,22],"_links":{"self":[{"href":"https:\/\/www.infokuryr.cz\/n\/wp-json\/wp\/v2\/posts\/28734"}],"collection":[{"href":"https:\/\/www.infokuryr.cz\/n\/wp-json\/wp\/v2\/posts"}],"about":[{"href":"https:\/\/www.infokuryr.cz\/n\/wp-json\/wp\/v2\/types\/post"}],"author":[{"embeddable":true,"href":"https:\/\/www.infokuryr.cz\/n\/wp-json\/wp\/v2\/users\/2"}],"replies":[{"embeddable":true,"href":"https:\/\/www.infokuryr.cz\/n\/wp-json\/wp\/v2\/comments?post=28734"}],"version-history":[{"count":0,"href":"https:\/\/www.infokuryr.cz\/n\/wp-json\/wp\/v2\/posts\/28734\/revisions"}],"wp:featuredmedia":[{"embeddable":true,"href":"https:\/\/www.infokuryr.cz\/n\/wp-json\/wp\/v2\/media\/1323"}],"wp:attachment":[{"href":"https:\/\/www.infokuryr.cz\/n\/wp-json\/wp\/v2\/media?parent=28734"}],"wp:term":[{"taxonomy":"category","embeddable":true,"href":"https:\/\/www.infokuryr.cz\/n\/wp-json\/wp\/v2\/categories?post=28734"},{"taxonomy":"post_tag","embeddable":true,"href":"https:\/\/www.infokuryr.cz\/n\/wp-json\/wp\/v2\/tags?post=28734"}],"curies":[{"name":"wp","href":"https:\/\/api.w.org\/{rel}","templated":true}]}}