{"id":28730,"date":"2023-05-25T01:06:26","date_gmt":"2023-05-24T23:06:26","guid":{"rendered":"http:\/\/www.infokuryr.cz\/n\/?p=28730"},"modified":"2023-05-24T17:00:06","modified_gmt":"2023-05-24T15:00:06","slug":"zastupce-sefa-ukrajinske-rozvedky-chceme-zabit-putina","status":"publish","type":"post","link":"https:\/\/www.infokuryr.cz\/n\/2023\/05\/25\/zastupce-sefa-ukrajinske-rozvedky-chceme-zabit-putina\/","title":{"rendered":"Z\u00e1stupce \u0161\u00e9fa ukrajinsk\u00e9 rozv\u011bdky &#8211; chceme zab\u00edt Putina"},"content":{"rendered":"<div id=\"fb-root\"><\/div>\n<p><span style=\"font-size: 18pt;\"><strong>Vadim Skibitsky \u0159ekl m\u00e9di\u00edm, \u017ee rusk\u00fd prezident c\u00edt\u00ed, \u017ee se k n\u011bmu kyjev\u0161t\u00ed operativci \u201ep\u0159ibli\u017euj\u00ed\u201c<\/strong><\/span><\/p>\n<p><span>Rusk\u00fd prezident Vladimir Putin je na ukrajinsk\u00e9m seznamu zabit\u00fdch, uvedl z\u00e1stupce \u0161\u00e9fa tamn\u00ed zpravodajsk\u00e9 slu\u017eby.\u00a0Vadim Skibitsky dodal, \u017ee jeho pod\u0159\u00edzen\u00ed tak\u00e9 lov\u00ed nejvy\u0161\u0161\u00ed rusk\u00e9 vojensk\u00e9 velitele.<\/span><\/p>\n<p><span>V rozhovoru pro n\u011bmeck\u00fd Die Welt ve st\u0159edu byl Skibitsky dot\u00e1z\u00e1n, zda se jeho slu\u017eba pokou\u0161\u00ed zavra\u017edit ruskou hlavu st\u00e1tu.\u00a0Ukrajinsk\u00fd p\u0159edstavitel odpov\u011bd\u011bl slovy, \u017ee prezident Putin \u201e\u00a0<\/span><em><span>si v\u0161\u00edm\u00e1, \u017ee se k n\u011bmu st\u00e1le v\u00edce p\u0159ibli\u017eujeme.\u00a0<\/span><\/em><span>\u201c<\/span><\/p>\n<p><img decoding=\"async\" loading=\"lazy\" class=\"alignnone size-full wp-image-1185\" src=\"http:\/\/www.infokuryr.cz\/n\/wp-content\/uploads\/2021\/04\/kuryr-podpis.png\" alt=\"\" width=\"84\" height=\"24\" \/><\/p>\n<p>&nbsp;<\/p>\n<p><img decoding=\"async\" loading=\"lazy\" class=\"wp-image-19187 aligncenter\" src=\"http:\/\/www.infokuryr.cz\/n\/wp-content\/uploads\/2022\/12\/1-PRO-300x36.jpg\" alt=\"\" width=\"1267\" height=\"152\" srcset=\"https:\/\/www.infokuryr.cz\/n\/wp-content\/uploads\/2022\/12\/1-PRO-300x36.jpg 300w, https:\/\/www.infokuryr.cz\/n\/wp-content\/uploads\/2022\/12\/1-PRO.jpg 699w\" sizes=\"(max-width: 1267px) 100vw, 1267px\" \/><\/p>\n<p>&nbsp;<\/p>\n<p>&nbsp;<\/p>\n","protected":false},"excerpt":{"rendered":"<p>Vadim Skibitsky \u0159ekl m\u00e9di\u00edm, \u017ee rusk\u00fd prezident c\u00edt\u00ed, \u017ee se k n\u011bmu kyjev\u0161t\u00ed operativci \u201ep\u0159ibli\u017euj\u00ed\u201c&#8230;<\/p>\n","protected":false},"author":2,"featured_media":11629,"comment_status":"closed","ping_status":"closed","sticky":false,"template":"","format":"standard","meta":[],"categories":[7],"tags":[468,1505,5046,1635],"_links":{"self":[{"href":"https:\/\/www.infokuryr.cz\/n\/wp-json\/wp\/v2\/posts\/28730"}],"collection":[{"href":"https:\/\/www.infokuryr.cz\/n\/wp-json\/wp\/v2\/posts"}],"about":[{"href":"https:\/\/www.infokuryr.cz\/n\/wp-json\/wp\/v2\/types\/post"}],"author":[{"embeddable":true,"href":"https:\/\/www.infokuryr.cz\/n\/wp-json\/wp\/v2\/users\/2"}],"replies":[{"embeddable":true,"href":"https:\/\/www.infokuryr.cz\/n\/wp-json\/wp\/v2\/comments?post=28730"}],"version-history":[{"count":1,"href":"https:\/\/www.infokuryr.cz\/n\/wp-json\/wp\/v2\/posts\/28730\/revisions"}],"predecessor-version":[{"id":28731,"href":"https:\/\/www.infokuryr.cz\/n\/wp-json\/wp\/v2\/posts\/28730\/revisions\/28731"}],"wp:featuredmedia":[{"embeddable":true,"href":"https:\/\/www.infokuryr.cz\/n\/wp-json\/wp\/v2\/media\/11629"}],"wp:attachment":[{"href":"https:\/\/www.infokuryr.cz\/n\/wp-json\/wp\/v2\/media?parent=28730"}],"wp:term":[{"taxonomy":"category","embeddable":true,"href":"https:\/\/www.infokuryr.cz\/n\/wp-json\/wp\/v2\/categories?post=28730"},{"taxonomy":"post_tag","embeddable":true,"href":"https:\/\/www.infokuryr.cz\/n\/wp-json\/wp\/v2\/tags?post=28730"}],"curies":[{"name":"wp","href":"https:\/\/api.w.org\/{rel}","templated":true}]}}