{"id":28718,"date":"2023-05-25T01:01:52","date_gmt":"2023-05-24T23:01:52","guid":{"rendered":"http:\/\/www.infokuryr.cz\/n\/?p=28718"},"modified":"2023-05-24T16:23:44","modified_gmt":"2023-05-24T14:23:44","slug":"pri-ukrajinskem-utoku-na-rusko-byly-pouzity-svedske-zbrane","status":"publish","type":"post","link":"https:\/\/www.infokuryr.cz\/n\/2023\/05\/25\/pri-ukrajinskem-utoku-na-rusko-byly-pouzity-svedske-zbrane\/","title":{"rendered":"P\u0159i ukrajinsk\u00e9m \u00fatoku na Rusko byly pou\u017eity \u0161v\u00e9dsk\u00e9 zbran\u011b"},"content":{"rendered":"<div id=\"fb-root\"><\/div>\n<p><strong><span>Americk\u00e9 bojov\u00e9 vozy byly pou\u017eity p\u0159i pond\u011bln\u00edm ukrajinsk\u00e9m \u00fatoku na rusk\u00e9 stran\u011b hranice.\u00a0To nyn\u00ed potvrzuje n\u011bkolik americk\u00fdch m\u00e9di\u00ed.\u00a0Rusko nav\u00edc zve\u0159ejnilo sn\u00edmky \u0161v\u00e9dsk\u00fdch zbran\u00ed pou\u017e\u00edvan\u00fdch ukrajinsk\u00fdmi \u201esabot\u00e1\u017en\u00edmi skupinami\u201c.<\/span><\/strong><\/p>\n<p><span>Pr\u00e1v\u011b b\u011bhem pond\u011bl\u00ed se severoz\u00e1padn\u011b od Charkova pobl\u00ed\u017e rusk\u00fdch hranic shroma\u017e\u010fuje ukrajinsk\u00e1 jednotka.\u00a0M\u00edsto je daleko od \u010d\u00e1st\u00ed Ukrajiny, kde pr\u00e1v\u011b prob\u00edh\u00e1 v\u00e1lka, i kdy\u017e a\u017e do lo\u0148sk\u00e9ho l\u00e9ta zu\u0159ily kolem Charkova boje.<\/span><\/p>\n<figure class=\"wp-block-image size-full\"><picture><source srcset=\"https:\/\/konto.samnytt.se\/wp-content\/webp-express\/webp-images\/doc-root\/wp-content\/uploads\/2023\/05\/karta-rysk-invasion.jpg.webp 960w, https:\/\/konto.samnytt.se\/wp-content\/webp-express\/webp-images\/doc-root\/wp-content\/uploads\/2023\/05\/karta-rysk-invasion-640x360.jpg.webp 640w, https:\/\/konto.samnytt.se\/wp-content\/webp-express\/webp-images\/doc-root\/wp-content\/uploads\/2023\/05\/karta-rysk-invasion-768x432.jpg.webp 768w, https:\/\/konto.samnytt.se\/wp-content\/webp-express\/webp-images\/doc-root\/wp-content\/uploads\/2023\/05\/karta-rysk-invasion-600x338.jpg.webp 600w\" type=\"image\/webp\" sizes=\"(max-width: 960px) 100vw, 960px\" \/><\/picture><span class=\"css-t4b9v6 e16qyzlb0\"><img decoding=\"async\" loading=\"lazy\" class=\"frontity-lazy-image wp-image-542658 webpexpress-processed aligncenter\" src=\"https:\/\/konto.samnytt.se\/wp-content\/uploads\/2023\/05\/karta-rysk-invasion.jpg\" sizes=\"(max-width: 960px) 100vw, 960px\" srcset=\"https:\/\/konto.samnytt.se\/wp-content\/uploads\/2023\/05\/karta-rysk-invasion.jpg 960w, https:\/\/konto.samnytt.se\/wp-content\/uploads\/2023\/05\/karta-rysk-invasion-640x360.jpg 640w, https:\/\/konto.samnytt.se\/wp-content\/uploads\/2023\/05\/karta-rysk-invasion-768x432.jpg 768w, https:\/\/konto.samnytt.se\/wp-content\/uploads\/2023\/05\/karta-rysk-invasion-600x338.jpg 600w\" alt=\"\" width=\"690\" height=\"388\" \/><\/span><figcaption><em>Obr\u00e1zek mapy: ISW<\/em><\/figcaption><\/figure>\n<p><span>Voj\u00e1ci vybaven\u00ed dv\u011bma tanky a asi deseti bojov\u00fdmi vozidly, ozdoben\u00fdmi mimo jin\u00e9 runou Tyr inspirovanou nacistick\u00fdm N\u011bmeckem, p\u0159ekro\u010d\u00ed hranici do Ruska, zabij\u00ed pohrani\u010dn\u00edho policistu a za\u010dnou ost\u0159elovat dv\u011b men\u0161\u00ed vesnice.<\/span><\/p>\n<p><span>Kr\u00e1tce p\u0159ed \u00fatokem bylo z neregistrovan\u00fdch p\u0159edplacen\u00fdch karet vyvol\u00e1no velk\u00e9 mno\u017estv\u00ed fale\u0161n\u00fdch poplach\u016f o naru\u0161en\u00ed ukrajinsk\u00e9 hranice na jin\u00e9m m\u00edst\u011b s c\u00edlem zm\u00e1st ruskou arm\u00e1du, uvedly rusk\u00e9 zdroje.<\/span><\/p>\n<p><iframe loading=\"lazy\" class=\"frontity-lazy-iframe css-beqw7r\" src=\"https:\/\/www.bitchute.com\/embed\/urasmASnX861\/\" width=\"640\" height=\"360\" frameborder=\"0\" scrolling=\"no\" data-gtm-yt-inspected-9=\"true\" data-mce-fragment=\"1\"><\/iframe><\/p>\n<p><span>Rusk\u00e1 obrana je podle rusk\u00fdch zdroj\u016f zt\u00ed\u017eena ost\u0159elov\u00e1n\u00edm rusk\u00e9 arm\u00e1dy d\u011blost\u0159electvem z ukrajinsk\u00e9 strany hranice.\u00a0\u0158ada civiln\u00edch c\u00edl\u016f v oblasti Belgorod je tak\u00e9 zjevn\u011b bez rozd\u00edlu zasa\u017eena gran\u00e1ty a drony.<\/span><\/p>\n<h3 id=\"h-reaktioner-pa-attacken\"><span style=\"font-size: 18pt;\"><strong>Reakce na \u00fatok<\/strong><\/span><\/h3>\n<p><span>Informace o naru\u0161en\u00ed ukrajinsk\u00e9 hranice jsou v z\u00e1padn\u00edm sv\u011bt\u011b p\u0159ij\u00edm\u00e1ny velmi odli\u0161n\u00fdmi zp\u016fsoby.\u00a0V ukrajinsk\u00e9m a proukrajinsk\u00e9m takzvan\u00e9m prost\u0159ed\u00ed Nafo je opat\u0159en\u00ed chv\u00e1leno a \u0161\u00ed\u0159\u00ed se zna\u010dn\u011b p\u0159ehnan\u00e1 tvrzen\u00ed o tom, jak \u00fasp\u011b\u0161n\u00fd byl \u00fatok.\u00a0Mimo jin\u00e9 se tvrd\u00ed, \u017ee Rusov\u00e9 bezhlav\u011b prchaj\u00ed p\u0159ed ukrajinsk\u00fdmi jednotkami.<\/span><\/p>\n<p><span>Jin\u00ed v z\u00e1padn\u00edm sv\u011bt\u011b odm\u00edtaj\u00ed v\u0161echna tvrzen\u00ed, \u017ee ukrajinsk\u00e9 jednotky vstoupily do Ruska, jako ruskou propagandu.\u00a0Nen\u00ed pravda, \u0159\u00edkaj\u00ed, \u017ee Ukrajina napadla Rusko.\u00a0Je to jen zp\u016fsob, jak Putin ospravedlnit svou bojovnost na Ukrajin\u011b a p\u0159\u00edpadn\u011b omluvit eskalaci konfliktu.<\/span><\/p>\n<p><span>Rusko se ze sv\u00e9 strany rozhodlo incident bagatelizovat.\u00a0\u00dato\u010dn\u00edci jsou pova\u017eov\u00e1ni za \u201eukrajinsk\u00e9 sabot\u00e1\u017en\u00ed skupiny\u201c.\u00a0Mus\u00ed to alespo\u0148 vypadat, \u017ee je situace pod kontrolou.\u00a0Ud\u00e1lostem se v zemi nedost\u00e1v\u00e1 velk\u00e9 pozornosti m\u00e9di\u00ed.<\/span><\/p>\n<p><span>Z ofici\u00e1ln\u00ed ukrajinsk\u00e9 strany se \u0159\u00edk\u00e1, \u017ee vojensk\u00e9 veden\u00ed si \u201euv\u011bdomuje\u201c, \u017ee voj\u00e1ci vstoupili na ruskou p\u016fdu. Tvrd\u00ed se ale, \u017ee jde o domobranu rusk\u00fdch ob\u010dan\u016f, kte\u0159\u00ed cht\u011bj\u00ed \u201eosvobodit\u201c napaden\u00e9 oblasti od \u201etakzvan\u00e9ho Putinova re\u017eimu\u201c.\u00a0Jednaj\u00ed z vlastn\u00ed iniciativy a nemaj\u00ed nic spole\u010dn\u00e9ho s pravidelnou ukrajinskou arm\u00e1dou, uv\u00e1d\u00ed se.<\/span><\/p>\n<h3><span style=\"font-size: 18pt;\"><strong>Z\u00e1padn\u00ed zbran\u011b<\/strong><\/span><\/h3>\n<p><span>Nyn\u00ed ale m\u00e9dia v z\u00e1padn\u00edm sv\u011bt\u011b informuj\u00ed tak\u00e9 o tom, \u017ee ukrajinsk\u00e1 nebo proukrajinsk\u00e1 vojska p\u0159ekro\u010dila hranici s Ruskem.\u00a0A co je hor\u0161\u00ed: <strong>Pou\u017eili z\u00e1padn\u00ed zbran\u011b.<\/strong><\/span><\/p>\n<p><a href=\"https:\/\/edition.cnn.com\/europe\/live-news\/russia-ukraine-war-news-05-24-23\/h_356f055856a2a493a70ce1403fc37473\" target=\"_blank\" rel=\"noreferrer noopener\"><span>CNN<\/span><\/a><span>\u00a0uv\u00e1d\u00ed, \u017ee voj\u00e1ci byli vybaveni vozidly Humvee americk\u00e9 v\u00fdroby a\u00a0<\/span><a href=\"https:\/\/www.nytimes.com\/2023\/05\/23\/world\/europe\/mrap-armored-vehicles-russia-ukraine.html\" target=\"_blank\" rel=\"noreferrer noopener\"><span>New York Times<\/span><\/a><span>\u00a0p\u00ed\u0161e, \u017ee m\u011bli tak\u00e9 americk\u00e1 vozidla MaxxPro.\u00a0Je to bojov\u00e9 vybaven\u00ed darovan\u00e9 Spojen\u00fdmi st\u00e1ty pravideln\u00e9 ukrajinsk\u00e9 arm\u00e1d\u011b, nikoli nez\u00e1visl\u00fdm skupin\u00e1m protiputinovsk\u00e9 milice.<\/span><\/p>\n<p><span>Na rusk\u00fdch \u00fa\u010dtech soci\u00e1ln\u00edch s\u00edt\u00ed koluj\u00ed znepokojiv\u00e9 sn\u00edmky z\u00e1padn\u00edch vojensk\u00fdch vozidel vy\u0159azen\u00fdch nebo zachycen\u00fdch na rusk\u00e9 p\u016fd\u011b.\u00a0Telegramov\u00fd \u00fa\u010det Mash, kter\u00fd je obvykle pova\u017eov\u00e1n za bl\u00edzk\u00fd rusk\u00e9 zpravodajsk\u00e9 slu\u017eb\u011b, tak\u00e9 zve\u0159ejnil obr\u00e1zky \u0161v\u00e9dsk\u00e9ho Pansarskott m\/86, tak\u00e9 naz\u00fdvan\u00e9ho AT-4.\u00a0\u0160v\u00e9dsko jich loni na Ukrajinu poslalo nejm\u00e9n\u011b 15 000.<\/span><\/p>\n<p><span>Krom\u011b bojov\u00fdch vozidel a zbran\u00ed z USA a \u0160v\u00e9dska rusk\u00e9 zdroje uv\u00e1d\u011bj\u00ed, \u017ee na rusk\u00e9 stran\u011b hranice byl vy\u0159azen polsk\u00fd AMZ Dzik.<\/span><\/p>\n<p><iframe loading=\"lazy\" class=\"frontity-lazy-iframe css-beqw7r\" src=\"https:\/\/www.bitchute.com\/embed\/syPEupkDlmFQ\/\" width=\"640\" height=\"360\" frameborder=\"0\" scrolling=\"no\" data-gtm-yt-inspected-9=\"true\" data-mce-fragment=\"1\"><\/iframe><\/p>\n<p>&nbsp;<\/p>\n<figure class=\"wp-block-image size-full\"><picture><source srcset=\"https:\/\/konto.samnytt.se\/wp-content\/webp-express\/webp-images\/doc-root\/wp-content\/uploads\/2023\/05\/svenska-vapen-1.jpg.webp 960w, https:\/\/konto.samnytt.se\/wp-content\/webp-express\/webp-images\/doc-root\/wp-content\/uploads\/2023\/05\/svenska-vapen-1-640x360.jpg.webp 640w, https:\/\/konto.samnytt.se\/wp-content\/webp-express\/webp-images\/doc-root\/wp-content\/uploads\/2023\/05\/svenska-vapen-1-768x432.jpg.webp 768w, https:\/\/konto.samnytt.se\/wp-content\/webp-express\/webp-images\/doc-root\/wp-content\/uploads\/2023\/05\/svenska-vapen-1-600x338.jpg.webp 600w\" type=\"image\/webp\" sizes=\"(max-width: 960px) 100vw, 960px\" \/><\/picture><span class=\"css-t4b9v6 e16qyzlb0\"><img decoding=\"async\" loading=\"lazy\" class=\"frontity-lazy-image wp-image-542696 webpexpress-processed aligncenter\" src=\"https:\/\/konto.samnytt.se\/wp-content\/uploads\/2023\/05\/svenska-vapen-1.jpg\" sizes=\"(max-width: 960px) 100vw, 960px\" srcset=\"https:\/\/konto.samnytt.se\/wp-content\/uploads\/2023\/05\/svenska-vapen-1.jpg 960w, https:\/\/konto.samnytt.se\/wp-content\/uploads\/2023\/05\/svenska-vapen-1-640x360.jpg 640w, https:\/\/konto.samnytt.se\/wp-content\/uploads\/2023\/05\/svenska-vapen-1-768x432.jpg 768w, https:\/\/konto.samnytt.se\/wp-content\/uploads\/2023\/05\/svenska-vapen-1-600x338.jpg 600w\" alt=\"\" width=\"700\" height=\"394\" \/><\/span><figcaption><em>Telegram<\/em><\/figcaption><\/figure>\n<figure class=\"wp-block-image size-full\"><picture><source srcset=\"https:\/\/konto.samnytt.se\/wp-content\/webp-express\/webp-images\/doc-root\/wp-content\/uploads\/2023\/05\/svenska-vapen-ii.jpg.webp 960w, https:\/\/konto.samnytt.se\/wp-content\/webp-express\/webp-images\/doc-root\/wp-content\/uploads\/2023\/05\/svenska-vapen-ii-640x360.jpg.webp 640w, https:\/\/konto.samnytt.se\/wp-content\/webp-express\/webp-images\/doc-root\/wp-content\/uploads\/2023\/05\/svenska-vapen-ii-768x432.jpg.webp 768w, https:\/\/konto.samnytt.se\/wp-content\/webp-express\/webp-images\/doc-root\/wp-content\/uploads\/2023\/05\/svenska-vapen-ii-600x338.jpg.webp 600w\" type=\"image\/webp\" sizes=\"(max-width: 960px) 100vw, 960px\" \/><\/picture><span class=\"css-t4b9v6 e16qyzlb0\"><img decoding=\"async\" loading=\"lazy\" class=\"frontity-lazy-image wp-image-542697 webpexpress-processed aligncenter\" src=\"https:\/\/konto.samnytt.se\/wp-content\/uploads\/2023\/05\/svenska-vapen-ii.jpg\" sizes=\"(max-width: 960px) 100vw, 960px\" srcset=\"https:\/\/konto.samnytt.se\/wp-content\/uploads\/2023\/05\/svenska-vapen-ii.jpg 960w, https:\/\/konto.samnytt.se\/wp-content\/uploads\/2023\/05\/svenska-vapen-ii-640x360.jpg 640w, https:\/\/konto.samnytt.se\/wp-content\/uploads\/2023\/05\/svenska-vapen-ii-768x432.jpg 768w, https:\/\/konto.samnytt.se\/wp-content\/uploads\/2023\/05\/svenska-vapen-ii-600x338.jpg 600w\" alt=\"\" width=\"698\" height=\"393\" \/><\/span><figcaption><em>Telegram<\/em><\/figcaption><\/figure>\n<h3><span style=\"font-size: 18pt;\"><strong>USA: Ukrajina rozhoduje<\/strong><\/span><\/h3>\n<p><span>To, \u017ee k ukrajinsk\u00e9mu \u00fatoku na rusk\u00e9 \u00fazem\u00ed jsou pou\u017eity americk\u00e9 zbran\u011b, by mohlo zhor\u0161it vztahy mezi USA a Ukrajinou, p\u00ed\u0161e New York Times.<\/span><\/p>\n<p><span>A pro prezidenta Zelensk\u00e9ho se m\u016f\u017ee zd\u00e1t obt\u00ed\u017en\u00e9 vysv\u011btlit, jak zbran\u011b darovan\u00e9 b\u011b\u017en\u00e9 ukrajinsk\u00e9 arm\u00e1d\u011b kon\u010d\u00ed v rukou milice, kter\u00e1 \u00fadajn\u011b jedn\u00e1 z vlastn\u00ed iniciativy.\u00a0Ot\u00e1zkou v\u0161ak je, zda po n\u011bm bude po\u017eadov\u00e1no vysv\u011btlen\u00ed.<\/span><\/p>\n<p><span>\u201eSpojen\u00e9 st\u00e1ty nepodn\u011bcuj\u00ed ani neumo\u017e\u0148uj\u00ed \u00fatoky uvnit\u0159 Ruska a my jsme to dali velmi jasn\u011b najevo,\u201c \u0159\u00edk\u00e1 Matthew Miller, mluv\u010d\u00ed ministerstva zahrani\u010d\u00ed USA, pro New York Times, ale dod\u00e1v\u00e1:<\/span><\/p>\n<p><span>&#8211; Jak jsme tak\u00e9 \u0159ekli, je na Ukrajin\u011b, aby rozhodla, jak bude tato v\u00e1lka vedena.<\/span><\/p>\n<p>Vzhledem k t\u011bmto okolnostem Rusko ofici\u00e1ln\u011b sd\u011blilo, \u017ee odvet bude adekv\u00e1tn\u00ed a r\u00e1zn\u00e1.<\/p>\n<p><img decoding=\"async\" loading=\"lazy\" class=\"alignnone size-full wp-image-1185\" src=\"http:\/\/www.infokuryr.cz\/n\/wp-content\/uploads\/2021\/04\/kuryr-podpis.png\" alt=\"\" width=\"84\" height=\"24\" \/><\/p>\n<p><img decoding=\"async\" loading=\"lazy\" class=\"wp-image-19187 aligncenter\" src=\"http:\/\/www.infokuryr.cz\/n\/wp-content\/uploads\/2022\/12\/1-PRO-300x36.jpg\" alt=\"\" width=\"1300\" height=\"156\" srcset=\"https:\/\/www.infokuryr.cz\/n\/wp-content\/uploads\/2022\/12\/1-PRO-300x36.jpg 300w, https:\/\/www.infokuryr.cz\/n\/wp-content\/uploads\/2022\/12\/1-PRO.jpg 699w\" sizes=\"(max-width: 1300px) 100vw, 1300px\" \/><\/p>\n<p>&nbsp;<\/p>\n","protected":false},"excerpt":{"rendered":"<p>Americk\u00e9 bojov\u00e9 vozy byly pou\u017eity p\u0159i pond\u011bln\u00edm ukrajinsk\u00e9m \u00fatoku na rusk\u00e9 stran\u011b hranice.\u00a0To nyn\u00ed potvrzuje&#8230;<\/p>\n","protected":false},"author":2,"featured_media":28719,"comment_status":"closed","ping_status":"closed","sticky":false,"template":"","format":"standard","meta":[],"categories":[7],"tags":[22,124,26,37,73],"_links":{"self":[{"href":"https:\/\/www.infokuryr.cz\/n\/wp-json\/wp\/v2\/posts\/28718"}],"collection":[{"href":"https:\/\/www.infokuryr.cz\/n\/wp-json\/wp\/v2\/posts"}],"about":[{"href":"https:\/\/www.infokuryr.cz\/n\/wp-json\/wp\/v2\/types\/post"}],"author":[{"embeddable":true,"href":"https:\/\/www.infokuryr.cz\/n\/wp-json\/wp\/v2\/users\/2"}],"replies":[{"embeddable":true,"href":"https:\/\/www.infokuryr.cz\/n\/wp-json\/wp\/v2\/comments?post=28718"}],"version-history":[{"count":1,"href":"https:\/\/www.infokuryr.cz\/n\/wp-json\/wp\/v2\/posts\/28718\/revisions"}],"predecessor-version":[{"id":28720,"href":"https:\/\/www.infokuryr.cz\/n\/wp-json\/wp\/v2\/posts\/28718\/revisions\/28720"}],"wp:featuredmedia":[{"embeddable":true,"href":"https:\/\/www.infokuryr.cz\/n\/wp-json\/wp\/v2\/media\/28719"}],"wp:attachment":[{"href":"https:\/\/www.infokuryr.cz\/n\/wp-json\/wp\/v2\/media?parent=28718"}],"wp:term":[{"taxonomy":"category","embeddable":true,"href":"https:\/\/www.infokuryr.cz\/n\/wp-json\/wp\/v2\/categories?post=28718"},{"taxonomy":"post_tag","embeddable":true,"href":"https:\/\/www.infokuryr.cz\/n\/wp-json\/wp\/v2\/tags?post=28718"}],"curies":[{"name":"wp","href":"https:\/\/api.w.org\/{rel}","templated":true}]}}