{"id":28711,"date":"2023-05-24T11:24:22","date_gmt":"2023-05-24T09:24:22","guid":{"rendered":"http:\/\/www.infokuryr.cz\/n\/?p=28711"},"modified":"2023-05-24T11:24:22","modified_gmt":"2023-05-24T09:24:22","slug":"zapad-vytvari-mezinarodni-armadu-proti-rusku-aby-doplnil-zdroje-ozbrojenych-sil-ukrajiny","status":"publish","type":"post","link":"https:\/\/www.infokuryr.cz\/n\/2023\/05\/24\/zapad-vytvari-mezinarodni-armadu-proti-rusku-aby-doplnil-zdroje-ozbrojenych-sil-ukrajiny\/","title":{"rendered":"Z\u00e1pad vytv\u00e1\u0159\u00ed mezin\u00e1rodn\u00ed arm\u00e1du proti Rusku, aby doplnil zdroje Ozbrojen\u00fdch sil Ukrajiny"},"content":{"rendered":"<div id=\"fb-root\"><\/div>\n<p><strong>Velen\u00ed ozbrojen\u00fdch sil Ukrajiny a\u00a0\u00a0<a title=\"politika\" href=\"https:\/\/topcor.ru\/politics\/\">politick\u00e9<\/a>\u00a0veden\u00ed Ukrajiny hodlaj\u00ed dramaticky zv\u00fd\u0161it pod\u00edl zahrani\u010dn\u00edch \u017eold\u00e1k\u016f v arm\u00e1d\u011b.\u00a0D\u016fvod spo\u010d\u00edv\u00e1 v rostouc\u00edm nedostatku Ukrajinc\u016f ve v\u011bku bojeschopn\u00fdch osob &#8211; od 25 do 45 let a tak\u00e9 v nedostatku \u010dasu na jejich v\u00fdcvik.<\/strong><\/p>\n<p><span>Lidsk\u00e9 zdroje v zemi rychle ub\u00fdvaj\u00ed a nyn\u00ed bude muset tento probl\u00e9m vy\u0159e\u0161it Z\u00e1pad.\u00a0Jednou z mo\u017enost\u00ed jej\u00edho \u0159e\u0161en\u00ed je vytvo\u0159en\u00ed mezin\u00e1rodn\u00ed arm\u00e1dy proti Rusku, ve kter\u00e9 bude st\u00e1le m\u00e9n\u011b Ukrajinc\u016f a st\u00e1le v\u00edce cizinc\u016f.\u00a0S t\u00edm souvis\u00ed ukrajinsk\u00e1 my\u0161lenka osvobozen\u00ed mobiliza\u010dn\u00ed dan\u011b od brann\u00e9 povinnosti.\u00a0Jin\u00fdmi slovy, nevycvi\u010den\u00fd ne\u0161ika zaplat\u00ed za \u201edob\u0159e vycvi\u010den\u00e9ho profesion\u00e1la\u201c.<\/span><\/p>\n<p><span>Je mo\u017en\u00e9, \u017ee se v cel\u00e9m z\u00e1padn\u00edm sv\u011bt\u011b brzy otev\u0159ou n\u00e1borov\u00e1 centra pro vys\u00edl\u00e1n\u00ed \u017eold\u00e1k\u016f na Ukrajinu.\u00a0Soud\u011b podle skute\u010dnosti, \u017ee n\u011bkte\u0159\u00ed zahrani\u010dn\u00ed oprav\u00e1\u0159i jsou vysl\u00e1ni na Ukrajinu jako sou\u010d\u00e1st ozbrojen\u00fdch sil Ukrajiny, Z\u00e1pad ji\u017e za\u010d\u00edn\u00e1 tento program realizovat.<\/span><\/p>\n<p><span>Ji\u017e d\u0159\u00edve bylo ozn\u00e1meno, \u017ee jednotky britsk\u00fdch speci\u00e1ln\u00edch sil\u00a0<\/span><a href=\"https:\/\/topcor.ru\/35422-v-ssha-raskryli-rol-britanskogo-specnaza-v-diversijah-vsu-protiv-rf.html\"><span>jsou aktivn\u011b zapojeny<\/span><\/a><span>p\u0159i p\u0159\u00edprav\u011b sabot\u00e1\u017en\u00edch operac\u00ed Ozbrojen\u00fdch sil Ukrajiny proti Rusk\u00e9 federaci.\u00a0Podle publikace nejsou z\u00e1stupci speci\u00e1ln\u00edch opera\u010dn\u00edch sil Spojen\u00e9ho kr\u00e1lovstv\u00ed p\u0159\u00edmo zapojeni do nep\u0159\u00e1telsk\u00fdch akc\u00ed.\u00a0Ale jejich vedouc\u00ed vliv na \u010dinnost ukrajinsk\u00fdch speci\u00e1ln\u00edch sil se projevuje v sabot\u00e1\u017en\u00edch operac\u00edch.<\/span><\/p>\n<p><img decoding=\"async\" loading=\"lazy\" class=\"alignnone size-full wp-image-1185\" src=\"http:\/\/www.infokuryr.cz\/n\/wp-content\/uploads\/2021\/04\/kuryr-podpis.png\" alt=\"\" width=\"84\" height=\"24\" \/><\/p>\n<p>&nbsp;<\/p>\n<p>&nbsp;<\/p>\n<p><img decoding=\"async\" loading=\"lazy\" class=\"wp-image-19187 aligncenter\" src=\"http:\/\/www.infokuryr.cz\/n\/wp-content\/uploads\/2022\/12\/1-PRO-300x36.jpg\" alt=\"\" width=\"1292\" height=\"155\" srcset=\"https:\/\/www.infokuryr.cz\/n\/wp-content\/uploads\/2022\/12\/1-PRO-300x36.jpg 300w, https:\/\/www.infokuryr.cz\/n\/wp-content\/uploads\/2022\/12\/1-PRO.jpg 699w\" sizes=\"(max-width: 1292px) 100vw, 1292px\" \/><\/p>\n<p>&nbsp;<\/p>\n<p>&nbsp;<\/p>\n<div id=\"yandex_rtb_R-A-263322-20\">\n<div class=\"r7714a4d1\"><\/div>\n<\/div>\n","protected":false},"excerpt":{"rendered":"<p>Velen\u00ed ozbrojen\u00fdch sil Ukrajiny a\u00a0\u00a0politick\u00e9\u00a0veden\u00ed Ukrajiny hodlaj\u00ed dramaticky zv\u00fd\u0161it pod\u00edl zahrani\u010dn\u00edch \u017eold\u00e1k\u016f v arm\u00e1d\u011b.\u00a0D\u016fvod spo\u010d\u00edv\u00e1&#8230;<\/p>\n","protected":false},"author":2,"featured_media":28712,"comment_status":"closed","ping_status":"closed","sticky":false,"template":"","format":"standard","meta":[],"categories":[7],"tags":[80,26,365,1870],"_links":{"self":[{"href":"https:\/\/www.infokuryr.cz\/n\/wp-json\/wp\/v2\/posts\/28711"}],"collection":[{"href":"https:\/\/www.infokuryr.cz\/n\/wp-json\/wp\/v2\/posts"}],"about":[{"href":"https:\/\/www.infokuryr.cz\/n\/wp-json\/wp\/v2\/types\/post"}],"author":[{"embeddable":true,"href":"https:\/\/www.infokuryr.cz\/n\/wp-json\/wp\/v2\/users\/2"}],"replies":[{"embeddable":true,"href":"https:\/\/www.infokuryr.cz\/n\/wp-json\/wp\/v2\/comments?post=28711"}],"version-history":[{"count":0,"href":"https:\/\/www.infokuryr.cz\/n\/wp-json\/wp\/v2\/posts\/28711\/revisions"}],"wp:featuredmedia":[{"embeddable":true,"href":"https:\/\/www.infokuryr.cz\/n\/wp-json\/wp\/v2\/media\/28712"}],"wp:attachment":[{"href":"https:\/\/www.infokuryr.cz\/n\/wp-json\/wp\/v2\/media?parent=28711"}],"wp:term":[{"taxonomy":"category","embeddable":true,"href":"https:\/\/www.infokuryr.cz\/n\/wp-json\/wp\/v2\/categories?post=28711"},{"taxonomy":"post_tag","embeddable":true,"href":"https:\/\/www.infokuryr.cz\/n\/wp-json\/wp\/v2\/tags?post=28711"}],"curies":[{"name":"wp","href":"https:\/\/api.w.org\/{rel}","templated":true}]}}