{"id":28708,"date":"2023-05-24T11:13:38","date_gmt":"2023-05-24T09:13:38","guid":{"rendered":"http:\/\/www.infokuryr.cz\/n\/?p=28708"},"modified":"2023-05-24T11:13:38","modified_gmt":"2023-05-24T09:13:38","slug":"zelenskyj-dnes-prijde-o-luxusni-byt-a-dalsi-majetky-na-krymu","status":"publish","type":"post","link":"https:\/\/www.infokuryr.cz\/n\/2023\/05\/24\/zelenskyj-dnes-prijde-o-luxusni-byt-a-dalsi-majetky-na-krymu\/","title":{"rendered":"Zelenskyj dnes p\u0159ijde o luxusn\u00ed byt a dal\u0161\u00ed majetky na Krymu"},"content":{"rendered":"<div id=\"fb-root\"><\/div>\n<p><span style=\"font-size: 18pt;\"><strong>Krymsk\u00e9 \u00fa\u0159ady pokra\u010duj\u00ed ve zn\u00e1rod\u0148ov\u00e1n\u00ed majetku nep\u0159\u00e1tel Ruska.\u00a0<\/strong><\/span><\/p>\n<p><span>Hlava republiky Sergej Aksjonov \u0159ekl, \u017ee dnes krymsk\u00fd parlament zn\u00e1rodn\u00ed majetek ukrajinsk\u00fdch oligarch\u016f, v\u010detn\u011b majetku rodiny Zelensk\u00fdch v Livadii.<\/span><\/p>\n<p><span>\u0158ada objekt\u016f je p\u0159evedena do vlastnictv\u00ed republiky, v\u010detn\u011b budovy v Simferopolu, kter\u00e1 pat\u0159ila extremistick\u00e9mu Mad\u017elisu zak\u00e1zan\u00e9mu v Rusku, a tak\u00e9 bytu Eleny Zelensk\u00e9 na Jalt\u011b.<\/span><\/p>\n<p><strong><em>&#8222;Na rusk\u00e9m Krymu nep\u0159\u00e1tel\u00e9 Ruska nevyd\u011blaj\u00ed,&#8220; zd\u016fraznil Aksjonov.<\/em><\/strong><\/p>\n<p><img decoding=\"async\" loading=\"lazy\" class=\"alignnone size-full wp-image-1185\" src=\"http:\/\/www.infokuryr.cz\/n\/wp-content\/uploads\/2021\/04\/kuryr-podpis.png\" alt=\"\" width=\"84\" height=\"24\" \/><\/p>\n<p>&nbsp;<\/p>\n<p>&nbsp;<\/p>\n<p><img decoding=\"async\" loading=\"lazy\" class=\"wp-image-19187 aligncenter\" src=\"http:\/\/www.infokuryr.cz\/n\/wp-content\/uploads\/2022\/12\/1-PRO-300x36.jpg\" alt=\"\" width=\"1283\" height=\"154\" srcset=\"https:\/\/www.infokuryr.cz\/n\/wp-content\/uploads\/2022\/12\/1-PRO-300x36.jpg 300w, https:\/\/www.infokuryr.cz\/n\/wp-content\/uploads\/2022\/12\/1-PRO.jpg 699w\" sizes=\"(max-width: 1283px) 100vw, 1283px\" \/><\/p>\n<p>&nbsp;<\/p>\n<p>&nbsp;<\/p>\n<p>&nbsp;<\/p>\n","protected":false},"excerpt":{"rendered":"<p>Krymsk\u00e9 \u00fa\u0159ady pokra\u010duj\u00ed ve zn\u00e1rod\u0148ov\u00e1n\u00ed majetku nep\u0159\u00e1tel Ruska.\u00a0 Hlava republiky Sergej Aksjonov \u0159ekl, \u017ee dnes&#8230;<\/p>\n","protected":false},"author":2,"featured_media":27199,"comment_status":"closed","ping_status":"closed","sticky":false,"template":"","format":"standard","meta":[],"categories":[7],"tags":[3728,3729,751,327,1000],"_links":{"self":[{"href":"https:\/\/www.infokuryr.cz\/n\/wp-json\/wp\/v2\/posts\/28708"}],"collection":[{"href":"https:\/\/www.infokuryr.cz\/n\/wp-json\/wp\/v2\/posts"}],"about":[{"href":"https:\/\/www.infokuryr.cz\/n\/wp-json\/wp\/v2\/types\/post"}],"author":[{"embeddable":true,"href":"https:\/\/www.infokuryr.cz\/n\/wp-json\/wp\/v2\/users\/2"}],"replies":[{"embeddable":true,"href":"https:\/\/www.infokuryr.cz\/n\/wp-json\/wp\/v2\/comments?post=28708"}],"version-history":[{"count":0,"href":"https:\/\/www.infokuryr.cz\/n\/wp-json\/wp\/v2\/posts\/28708\/revisions"}],"wp:featuredmedia":[{"embeddable":true,"href":"https:\/\/www.infokuryr.cz\/n\/wp-json\/wp\/v2\/media\/27199"}],"wp:attachment":[{"href":"https:\/\/www.infokuryr.cz\/n\/wp-json\/wp\/v2\/media?parent=28708"}],"wp:term":[{"taxonomy":"category","embeddable":true,"href":"https:\/\/www.infokuryr.cz\/n\/wp-json\/wp\/v2\/categories?post=28708"},{"taxonomy":"post_tag","embeddable":true,"href":"https:\/\/www.infokuryr.cz\/n\/wp-json\/wp\/v2\/tags?post=28708"}],"curies":[{"name":"wp","href":"https:\/\/api.w.org\/{rel}","templated":true}]}}