{"id":28706,"date":"2023-05-24T11:09:50","date_gmt":"2023-05-24T09:09:50","guid":{"rendered":"http:\/\/www.infokuryr.cz\/n\/?p=28706"},"modified":"2023-05-24T11:09:50","modified_gmt":"2023-05-24T09:09:50","slug":"doprava-na-krymskem-moste-je-docasne-uzavrena","status":"publish","type":"post","link":"https:\/\/www.infokuryr.cz\/n\/2023\/05\/24\/doprava-na-krymskem-moste-je-docasne-uzavrena\/","title":{"rendered":"Doprava na Krymsk\u00e9m most\u011b je do\u010dasn\u011b uzav\u0159ena"},"content":{"rendered":"<div id=\"fb-root\"><\/div>\n<p><b>\u0160\u00e9f Krymu Sergej Aksjonov \u0159ekl, \u017ee provoz na krymsk\u00e9m most\u011b byl do\u010dasn\u011b uzav\u0159en kv\u016fli taktick\u00fdch cvi\u010den\u00edm, kter\u00e1 se v oblasti konaj\u00ed.\u00a0<\/b><\/p>\n<p><span>\u201eDoprava bude obnovena b\u011bhem n\u011bkolika hodin.\u00a0Up\u0159\u00edmn\u011b \u017e\u00e1d\u00e1m v\u0161echny, aby d\u016fv\u011b\u0159ovali pouze d\u016fv\u011bryhodn\u00fdm zdroj\u016fm informac\u00ed,\u201c vyzval obyvatele Aksjonov.<\/span><\/p>\n<div class=\"field field-name-field-text field-type-text-long field-label-hidden\">\n<div class=\"field-items\">\n<div class=\"field-item even\">\n<p><strong><span>11:30.\u00a0<\/span><\/strong><span>Na webu se objevily z\u00e1b\u011bry po\u0159\u00edzen\u00e9 o\u010dit\u00fdmi sv\u011bdky: nad krymsk\u00fdm mostem stoupal hust\u00fd d\u00fdm.<\/span><\/p>\n<p><span>FKU Uprdor Taman, kter\u00e1 je zodpov\u011bdn\u00e1 za silni\u010dn\u00ed s\u00ed\u0165 Krymu a Krymsk\u00fd most, zase hl\u00e1s\u00ed, \u017ee pohyb aut na Krymsk\u00e9m most\u011b byl obnoven v norm\u00e1ln\u00edm re\u017eimu (po vojensk\u00e9m cvi\u010den\u00ed) v 11:00.<\/span><\/p>\n<p><b>Videa zde:<\/b><\/p>\n<\/div>\n<\/div>\n<\/div>\n<div class=\"field field-name-field-code field-type-text field-label-hidden\">\n<div class=\"field-items\">\n<div class=\"field-item even\"><iframe loading=\"lazy\" id=\"telegram-post-RVvoenkor-45734\" src=\"https:\/\/t.me\/RVvoenkor\/45734?embed=1\" width=\"100%\" height=\"\" frameborder=\"0\" scrolling=\"no\" data-mce-fragment=\"1\"><\/iframe><\/div>\n<\/div>\n<\/div>\n<div class=\"view view-more-news view-id-more_news view-display-id-entity_view_1 view-dom-id-22933467b72d7136adbb712a4b342dce\">\n<div class=\"view-header\"><\/div>\n<\/div>\n<p><img decoding=\"async\" loading=\"lazy\" class=\"alignnone size-full wp-image-1185\" src=\"http:\/\/www.infokuryr.cz\/n\/wp-content\/uploads\/2021\/04\/kuryr-podpis.png\" alt=\"\" width=\"84\" height=\"24\" \/><\/p>\n<p>&nbsp;<\/p>\n<p>&nbsp;<\/p>\n<p><img decoding=\"async\" loading=\"lazy\" class=\"wp-image-19187 aligncenter\" src=\"http:\/\/www.infokuryr.cz\/n\/wp-content\/uploads\/2022\/12\/1-PRO-300x36.jpg\" alt=\"\" width=\"1242\" height=\"149\" srcset=\"https:\/\/www.infokuryr.cz\/n\/wp-content\/uploads\/2022\/12\/1-PRO-300x36.jpg 300w, https:\/\/www.infokuryr.cz\/n\/wp-content\/uploads\/2022\/12\/1-PRO.jpg 699w\" sizes=\"(max-width: 1242px) 100vw, 1242px\" \/><\/p>\n<p>&nbsp;<\/p>\n<p>&nbsp;<\/p>\n","protected":false},"excerpt":{"rendered":"<p>\u0160\u00e9f Krymu Sergej Aksjonov \u0159ekl, \u017ee provoz na krymsk\u00e9m most\u011b byl do\u010dasn\u011b uzav\u0159en kv\u016fli taktick\u00fdch&#8230;<\/p>\n","protected":false},"author":2,"featured_media":28707,"comment_status":"closed","ping_status":"closed","sticky":false,"template":"","format":"standard","meta":[],"categories":[7],"tags":[304,3147,5043],"_links":{"self":[{"href":"https:\/\/www.infokuryr.cz\/n\/wp-json\/wp\/v2\/posts\/28706"}],"collection":[{"href":"https:\/\/www.infokuryr.cz\/n\/wp-json\/wp\/v2\/posts"}],"about":[{"href":"https:\/\/www.infokuryr.cz\/n\/wp-json\/wp\/v2\/types\/post"}],"author":[{"embeddable":true,"href":"https:\/\/www.infokuryr.cz\/n\/wp-json\/wp\/v2\/users\/2"}],"replies":[{"embeddable":true,"href":"https:\/\/www.infokuryr.cz\/n\/wp-json\/wp\/v2\/comments?post=28706"}],"version-history":[{"count":0,"href":"https:\/\/www.infokuryr.cz\/n\/wp-json\/wp\/v2\/posts\/28706\/revisions"}],"wp:featuredmedia":[{"embeddable":true,"href":"https:\/\/www.infokuryr.cz\/n\/wp-json\/wp\/v2\/media\/28707"}],"wp:attachment":[{"href":"https:\/\/www.infokuryr.cz\/n\/wp-json\/wp\/v2\/media?parent=28706"}],"wp:term":[{"taxonomy":"category","embeddable":true,"href":"https:\/\/www.infokuryr.cz\/n\/wp-json\/wp\/v2\/categories?post=28706"},{"taxonomy":"post_tag","embeddable":true,"href":"https:\/\/www.infokuryr.cz\/n\/wp-json\/wp\/v2\/tags?post=28706"}],"curies":[{"name":"wp","href":"https:\/\/api.w.org\/{rel}","templated":true}]}}