{"id":28703,"date":"2023-05-24T10:23:28","date_gmt":"2023-05-24T08:23:28","guid":{"rendered":"http:\/\/www.infokuryr.cz\/n\/?p=28703"},"modified":"2023-05-24T10:28:17","modified_gmt":"2023-05-24T08:28:17","slug":"nezname-uav-zautocily-v-bosporu-na-nejnovejsi-ruskou-lod-ivan-khurs","status":"publish","type":"post","link":"https:\/\/www.infokuryr.cz\/n\/2023\/05\/24\/nezname-uav-zautocily-v-bosporu-na-nejnovejsi-ruskou-lod-ivan-khurs\/","title":{"rendered":"Nezn\u00e1m\u00e9 UAV za\u00fato\u010dily v Bosporu na nejnov\u011bj\u0161\u00ed ruskou lo\u010f \u201eIvan Khurs\u201c"},"content":{"rendered":"<div id=\"fb-root\"><\/div>\n<p class=\"lead\"><strong>Dnes v rann\u00edch hodin\u00e1ch byla rusk\u00e1 pr\u016fzkumn\u00e1 lo\u010f projektu 18280 \u201eIvan Khurs\u201c napadena t\u0159emi n\u00e1mo\u0159n\u00edmi drony p\u0159i pr\u016fplavu Bosporem. Pr\u00e1v\u011b to <a href=\"https:\/\/t.me\/rybar\/47498\" target=\"_blank\" rel=\"noopener\">ozn\u00e1mil<\/a>\u00a0autoritativn\u00ed rusk\u00fd televizn\u00ed kan\u00e1l Rybar.<\/strong><\/p>\n<p>K \u00fatoku UAV do\u0161lo v 5:30 (moskevsk\u00e9ho \u010dasu) pot\u00e9, co lo\u010f proplula Bosporskou \u00fa\u017einou 40 n\u00e1mo\u0159n\u00edch mil severn\u011b od n\u00ed. \u00datok byl \u00fasp\u011b\u0161n\u011b odra\u017een, podle prvn\u00edch zpr\u00e1v neutrp\u011bla lo\u010f \u017e\u00e1dn\u00e9 po\u0161kozen\u00ed.<\/p>\n<p><img decoding=\"async\" loading=\"lazy\" class=\"wp-image-28704 aligncenter\" src=\"http:\/\/www.infokuryr.cz\/n\/wp-content\/uploads\/2023\/05\/bospor-maps-300x164.jpg\" alt=\"\" width=\"629\" height=\"344\" srcset=\"https:\/\/www.infokuryr.cz\/n\/wp-content\/uploads\/2023\/05\/bospor-maps-300x164.jpg 300w, https:\/\/www.infokuryr.cz\/n\/wp-content\/uploads\/2023\/05\/bospor-maps.jpg 631w\" sizes=\"(max-width: 629px) 100vw, 629px\" \/><\/p>\n<p>&#8222;Ivan Khurs&#8220; je prvn\u00ed s\u00e9riov\u00e1 komunika\u010dn\u00ed lo\u010f projektu 18280 (pr\u016fzkumn\u00e1 lo\u010f) projektu 18280. Je sou\u010d\u00e1st\u00ed \u010cernomo\u0159sk\u00e9 flotily Rusk\u00e9 federace.\u00a0\u0158e\u0161\u00ed \u00fakoly poskytov\u00e1n\u00ed komunikace a \u0159\u00edzen\u00ed flotily, veden\u00ed r\u00e1diov\u00e9ho pr\u016fzkumu a elektronick\u00e9ho boje, sledov\u00e1n\u00ed sou\u010d\u00e1st\u00ed americk\u00e9ho syst\u00e9mu protiraketov\u00e9 obrany.\u00a0Vybaven\u00ed lodi umo\u017e\u0148uje detekovat r\u00e1diov\u00e9 sign\u00e1ly v \u0161irok\u00e9m rozsahu frekvenc\u00ed a ur\u010dit polohu jejich zdroje.<\/p>\n<p>Tureck\u00e1 vl\u00e1da se od \u00fatoku distancovala\u00a0 a zah\u00e1jila vy\u0161et\u0159ov\u00e1n\u00ed tohoto incidentu, kter\u00fd by mohl v\u00e9st a\u017e k 3. sv\u011btov\u00e9 v\u00e1lce.<\/p>\n<p><img decoding=\"async\" loading=\"lazy\" class=\"alignnone size-full wp-image-1185\" src=\"http:\/\/www.infokuryr.cz\/n\/wp-content\/uploads\/2021\/04\/kuryr-podpis.png\" alt=\"\" width=\"84\" height=\"24\" \/><\/p>\n<p>&nbsp;<\/p>\n<p>&nbsp;<\/p>\n<p><img decoding=\"async\" loading=\"lazy\" class=\"wp-image-19187 aligncenter\" src=\"http:\/\/www.infokuryr.cz\/n\/wp-content\/uploads\/2022\/12\/1-PRO-300x36.jpg\" alt=\"\" width=\"1275\" height=\"153\" srcset=\"https:\/\/www.infokuryr.cz\/n\/wp-content\/uploads\/2022\/12\/1-PRO-300x36.jpg 300w, https:\/\/www.infokuryr.cz\/n\/wp-content\/uploads\/2022\/12\/1-PRO.jpg 699w\" sizes=\"(max-width: 1275px) 100vw, 1275px\" \/><\/p>\n<p>&nbsp;<\/p>\n<p>&nbsp;<\/p>\n","protected":false},"excerpt":{"rendered":"<p>Dnes v rann\u00edch hodin\u00e1ch byla rusk\u00e1 pr\u016fzkumn\u00e1 lo\u010f projektu 18280 \u201eIvan Khurs\u201c napadena t\u0159emi n\u00e1mo\u0159n\u00edmi&#8230;<\/p>\n","protected":false},"author":2,"featured_media":28705,"comment_status":"closed","ping_status":"closed","sticky":false,"template":"","format":"standard","meta":[],"categories":[7],"tags":[4187,2856,697,22],"_links":{"self":[{"href":"https:\/\/www.infokuryr.cz\/n\/wp-json\/wp\/v2\/posts\/28703"}],"collection":[{"href":"https:\/\/www.infokuryr.cz\/n\/wp-json\/wp\/v2\/posts"}],"about":[{"href":"https:\/\/www.infokuryr.cz\/n\/wp-json\/wp\/v2\/types\/post"}],"author":[{"embeddable":true,"href":"https:\/\/www.infokuryr.cz\/n\/wp-json\/wp\/v2\/users\/2"}],"replies":[{"embeddable":true,"href":"https:\/\/www.infokuryr.cz\/n\/wp-json\/wp\/v2\/comments?post=28703"}],"version-history":[{"count":0,"href":"https:\/\/www.infokuryr.cz\/n\/wp-json\/wp\/v2\/posts\/28703\/revisions"}],"wp:featuredmedia":[{"embeddable":true,"href":"https:\/\/www.infokuryr.cz\/n\/wp-json\/wp\/v2\/media\/28705"}],"wp:attachment":[{"href":"https:\/\/www.infokuryr.cz\/n\/wp-json\/wp\/v2\/media?parent=28703"}],"wp:term":[{"taxonomy":"category","embeddable":true,"href":"https:\/\/www.infokuryr.cz\/n\/wp-json\/wp\/v2\/categories?post=28703"},{"taxonomy":"post_tag","embeddable":true,"href":"https:\/\/www.infokuryr.cz\/n\/wp-json\/wp\/v2\/tags?post=28703"}],"curies":[{"name":"wp","href":"https:\/\/api.w.org\/{rel}","templated":true}]}}