{"id":28702,"date":"2023-05-24T10:12:11","date_gmt":"2023-05-24T08:12:11","guid":{"rendered":"http:\/\/www.infokuryr.cz\/n\/?p=28702"},"modified":"2023-05-24T10:12:11","modified_gmt":"2023-05-24T08:12:11","slug":"rusti-zakonodarci-pozaduji-zakaz-kamionu-ze-statu-eu","status":"publish","type":"post","link":"https:\/\/www.infokuryr.cz\/n\/2023\/05\/24\/rusti-zakonodarci-pozaduji-zakaz-kamionu-ze-statu-eu\/","title":{"rendered":"Ru\u0161t\u00ed z\u00e1konod\u00e1rci po\u017eaduj\u00ed z\u00e1kaz kamion\u016f ze st\u00e1t\u016f EU"},"content":{"rendered":"<div id=\"fb-root\"><\/div>\n<p><span style=\"font-size: 18pt;\"><strong>Navrhovan\u00e1 legislativa by omezila polsk\u00fd n\u00e1kladn\u00ed tranzit p\u0159es Rusko a zak\u00e1zala tankov\u00e1n\u00ed za m\u00edstn\u00ed ceny<\/strong><\/span><\/p>\n<p><span>Doln\u00ed komora rusk\u00e9ho parlamentu se v \u00fater\u00fd obr\u00e1tila na vl\u00e1du, aby zak\u00e1zala n\u00e1v\u011bs\u016fm n\u00e1kla\u010f\u00e1k\u016f registrovan\u00fdm v Polsku pr\u016fjezd p\u0159es rusk\u00e9 \u00fazem\u00ed.\u00a0N\u00e1vrh ozn\u00e1mil p\u0159edseda St\u00e1tn\u00ed dumy Vja\u010deslav Volodin v telegramu.<\/span><\/p>\n<p><span>\u201e\u00a0<\/span><em><span>Poslanci St\u00e1tn\u00ed dumy jednomysln\u011b navrhli odep\u0159\u00edt polsk\u00fdm kamion\u016fm pr\u016fjezd p\u0159es na\u0161i zemi a tak\u00e9 jim zak\u00e1zat tankovat palivo za rusk\u00e9 ceny a stanovit cenu paliva na \u00farovni EU,\u201c napsal\u00a0 poslanec<\/span><\/em><span>\u00a0.<\/span><\/p>\n<p><span>Opat\u0159en\u00ed je nab\u00edzeno jako reakce na omezen\u00ed EU v\u016f\u010di rusk\u00fdm dopravc\u016fm, kter\u00e1 byla zavedena loni v r\u00e1mci p\u00e1t\u00e9ho bal\u00ed\u010dku sankc\u00ed souvisej\u00edc\u00edch s Ukrajinou.\u00a0Tato opat\u0159en\u00ed zakazovala rusk\u00fdm a b\u011blorusk\u00fdm spole\u010dnostem silni\u010dn\u00ed dopravy p\u0159epravovat zbo\u017e\u00ed p\u0159es \u00fazem\u00ed EU.<\/span><\/p>\n<p><em><span>Rozhodnut\u00ed zam\u011b\u0159it se na Polsko podle Volodina pramen\u00ed tak\u00e9 z otev\u0159en\u011b \u201e rusofobn\u00edho<\/span><\/em><span>\u00a0\u201c postoje zem\u011b\u00a0.<\/span><\/p>\n<p><strong>\u201e\u00a0<em>Veden\u00ed Polska se mus\u00ed zodpov\u00eddat za demolici pomn\u00edk\u016f na\u0161im voj\u00e1k\u016fm a d\u016fstojn\u00edk\u016fm, za svou rusofobn\u00ed politiku.\u00a0Mohou za\u010d\u00edt vysv\u011btlen\u00edm sv\u00e9ho jedn\u00e1n\u00ed v\u00edce ne\u017e 20 000 \u0159idi\u010d\u016f kamion\u016f, kte\u0159\u00ed kv\u016fli jejich jedn\u00e1n\u00ed p\u0159ijdou o pr\u00e1ci, a zhruba 2 000 polsk\u00fdch dopravn\u00edch spole\u010dnost\u00ed kter\u00e9 zkrachuj\u00ed,\u201c uvedl z\u00e1konod\u00e1rce<\/em>.<\/strong><\/p>\n<p><span>Volodin d\u0159\u00edve vysv\u011btlil, \u017ee legislativa bude pravd\u011bpodobn\u011b vy\u017eadovat, aby byl n\u00e1klad z Polska na hranic\u00edch p\u0159elo\u017een na rusk\u00e9 kamiony, co\u017e by rusk\u00fdm ob\u010dan\u016fm umo\u017enilo vyd\u011bl\u00e1vat pen\u00edze na p\u0159eprav\u011b a zbavit Polsko prost\u0159edk\u016f, aby \u201evyd\u011blalo na Rusku\u00a0<\/span><em><span>\u201c<\/span><\/em><span>\u00a0.<\/span><\/p>\n<p><span>Podle Volodina by navrhovan\u00e1 legislativa mohla st\u00e1t EU zemi asi 8,5 miliardy eur (9,15 miliardy dolar\u016f). Ka\u017edop\u00e1dn\u011b by to byla pro Pol\u00e1ky katastrofa!\u00a0<\/span><\/p>\n<p><img decoding=\"async\" loading=\"lazy\" class=\"alignnone size-full wp-image-1185\" src=\"http:\/\/www.infokuryr.cz\/n\/wp-content\/uploads\/2021\/04\/kuryr-podpis.png\" alt=\"\" width=\"84\" height=\"24\" \/><\/p>\n<p>&nbsp;<\/p>\n<p>&nbsp;<\/p>\n<p><img decoding=\"async\" loading=\"lazy\" class=\"wp-image-19187 aligncenter\" src=\"http:\/\/www.infokuryr.cz\/n\/wp-content\/uploads\/2022\/12\/1-PRO-300x36.jpg\" alt=\"\" width=\"1308\" height=\"157\" srcset=\"https:\/\/www.infokuryr.cz\/n\/wp-content\/uploads\/2022\/12\/1-PRO-300x36.jpg 300w, https:\/\/www.infokuryr.cz\/n\/wp-content\/uploads\/2022\/12\/1-PRO.jpg 699w\" sizes=\"(max-width: 1308px) 100vw, 1308px\" \/><\/p>\n<p>&nbsp;<\/p>\n<p>&nbsp;<\/p>\n","protected":false},"excerpt":{"rendered":"<p>Navrhovan\u00e1 legislativa by omezila polsk\u00fd n\u00e1kladn\u00ed tranzit p\u0159es Rusko a zak\u00e1zala tankov\u00e1n\u00ed za m\u00edstn\u00ed ceny&#8230;<\/p>\n","protected":false},"author":2,"featured_media":4989,"comment_status":"closed","ping_status":"closed","sticky":false,"template":"","format":"standard","meta":[],"categories":[7],"tags":[769,1768,31,22,720],"_links":{"self":[{"href":"https:\/\/www.infokuryr.cz\/n\/wp-json\/wp\/v2\/posts\/28702"}],"collection":[{"href":"https:\/\/www.infokuryr.cz\/n\/wp-json\/wp\/v2\/posts"}],"about":[{"href":"https:\/\/www.infokuryr.cz\/n\/wp-json\/wp\/v2\/types\/post"}],"author":[{"embeddable":true,"href":"https:\/\/www.infokuryr.cz\/n\/wp-json\/wp\/v2\/users\/2"}],"replies":[{"embeddable":true,"href":"https:\/\/www.infokuryr.cz\/n\/wp-json\/wp\/v2\/comments?post=28702"}],"version-history":[{"count":0,"href":"https:\/\/www.infokuryr.cz\/n\/wp-json\/wp\/v2\/posts\/28702\/revisions"}],"wp:featuredmedia":[{"embeddable":true,"href":"https:\/\/www.infokuryr.cz\/n\/wp-json\/wp\/v2\/media\/4989"}],"wp:attachment":[{"href":"https:\/\/www.infokuryr.cz\/n\/wp-json\/wp\/v2\/media?parent=28702"}],"wp:term":[{"taxonomy":"category","embeddable":true,"href":"https:\/\/www.infokuryr.cz\/n\/wp-json\/wp\/v2\/categories?post=28702"},{"taxonomy":"post_tag","embeddable":true,"href":"https:\/\/www.infokuryr.cz\/n\/wp-json\/wp\/v2\/tags?post=28702"}],"curies":[{"name":"wp","href":"https:\/\/api.w.org\/{rel}","templated":true}]}}