{"id":28672,"date":"2023-05-24T01:00:35","date_gmt":"2023-05-23T23:00:35","guid":{"rendered":"http:\/\/www.infokuryr.cz\/n\/?p=28672"},"modified":"2023-05-23T17:11:48","modified_gmt":"2023-05-23T15:11:48","slug":"nedelnik-adama-b-bartose-134-kdo-ridi-ceskou-politiku","status":"publish","type":"post","link":"https:\/\/www.infokuryr.cz\/n\/2023\/05\/24\/nedelnik-adama-b-bartose-134-kdo-ridi-ceskou-politiku\/","title":{"rendered":"NED\u011aLN\u00cdK ADAMA B. BARTO\u0160E (134) KDO \u0158\u00cdD\u00cd \u010cESKOU POLITIKU?"},"content":{"rendered":"<div id=\"fb-root\"><\/div>\n<p>Onehd\u00e1 jsem jel autem p\u0159es centrum Prahy. To jsem ale nem\u011bl d\u011blat. Z\u00e1cpa jako prase. Hodinu a p\u016fl jsem jel na Kav\u010d\u00ed Hory. Co v\u00e1m budu pov\u00eddat. Zest\u00e1rl jsem asi o rok, tlak vy\u0161ponovan\u00fd na maximum, vztek se st\u0159\u00eddal s beznad\u011bj\u00ed. Semafor pou\u0161t\u011bl auta s frekvenc\u00ed jedno bliknut\u00ed zelen\u00e9 \u2013 jedno auto. U Rudolfina jsem byl u\u017e vzteky bez sebe. Chodci u\u017e podruh\u00e9 p\u0159ekra\u010dovali silnici, zat\u00edmco j\u00e1 se nepohnul ani o p\u00ed\u010f. P\u0159i pohledu na modro\u017elut\u00e9 prapory jsem si nav\u00edc vzpomn\u011bl na film Voln\u00fd p\u00e1d. Pokud semafory \u0159\u00edd\u00ed um\u011bl\u00e1 inteligence, tak pot\u011b\u0161 P\u00e1mb\u016f, pomyslel jsem si. Takov\u00e1 \u201echytr\u00e1 m\u011bsta\u201c si str\u010dte za klobouk. Pokud n\u011bkdo pou\u0161t\u00ed zelenou na p\u00e1r vte\u0159in, nen\u00ed to \u201echytr\u00e9\u201c a nen\u00ed to \u201einteligence\u201c. Je to debilita. Um\u011bl\u00e1 debilita.<span id=\"more-13613\"><\/span><\/p>\n<p>P\u0159ed \u010dasem mi man\u017eelka \u0159\u00edkala, \u017ee \u2013 n\u011bkde to vy\u010detla \u2013 um\u011bl\u00e1 inteligence p\u00ed\u0161e poh\u00e1dky, b\u00e1sni\u010dky, motiva\u010dn\u00ed dopisy apod. Podivil jsem se tomu, proto\u017ee takov\u00e9 jej\u00ed vyu\u017eit\u00ed jsem neznal. Samoz\u0159ejm\u011b \u010dek\u00e1m, \u017ee n\u00e1s um\u011bl\u00e1 inteligence jednou zni\u010d\u00ed, ale nenapadlo mne, \u017ee by na to \u0161la p\u0159es kulturu. Dokonce mi jeden takov\u00fd motiva\u010dn\u00ed dopis \u010detla \u2013 man\u017eelka, ne um\u011bl\u00e1 inteligence. Nebylo to \u00fapln\u011b hloup\u00e9, ale bylo to tuctov\u00e9, p\u0159\u00edli\u0161 oby\u010dejn\u00e9, sam\u00e1 fr\u00e1ze, nic origin\u00e1ln\u00edho. A o tom to je \u2013 um\u011bl\u00e1 inteligence nikdy nic origin\u00e1ln\u00edho nevymysl\u00ed, pouze recykluje a napodobuje. Upevnilo mne to v m\u00e9m p\u0159esv\u011bd\u010den\u00ed, \u017ee um\u011bl\u00e1 inteligence nem\u00e1 s inteligenc\u00ed nic spole\u010dn\u00e9ho. Ostatn\u011b, kdy\u017e jsme u toho \u010dten\u00ed, ani to \u010dten\u00ed t\u00e9 um\u011bl\u00e9 inteligenci moc nejde. Je to prost\u011b takov\u00e9 \u2013 um\u011bl\u00e9\u2026<\/p>\n<p>A zase ned\u00e1vno mi kdosi \u0159ekl, \u017ee na jednom nejmenovan\u00e9m streamovac\u00edm serveru jsou n\u011bkter\u00e9 nov\u00e9 filmy to\u010den\u00e9 podle sc\u00e9n\u00e1\u0159e generovan\u00e9ho um\u011blou inteligenc\u00ed. Proto je v\u0161e na jedno brdo, bez n\u00e1padu, bez vtipu, zato pln\u00e9 kli\u0161\u00e9, fr\u00e1z\u00ed, feminismu, migrant\u016f a LGBTQ++ t\u00e9mat. Nev\u00edm, co je na tom pravdy a je mi to celkem jedno, ale vysv\u011btlovalo by to, pro\u010d se na tuto filmovou produkci ned\u00e1 koukat. Skute\u010dn\u011b nepot\u0159ebuji vid\u011bt t\u0159et\u00ed film o matce \u2013 speci\u00e1ln\u011b vycvi\u010den\u00e9 agentce apod. Vid\u011bl jsem jeden a sta\u010dilo mi to. Nebo film, kde jeho t\u0159etina je jen automobilov\u00e1 honi\u010dka, p\u0159ehnan\u00e9 efekty a rychl\u00e9 st\u0159ihy, kter\u00e9 se ani nedaj\u00ed ukoukat.<\/p>\n<p>Fanou\u0161ci um\u011bl\u00e9 inteligence mne nebudou m\u00edt r\u00e1di, ale to je mi fuk. J\u00e1 zase nem\u00e1m r\u00e1d um\u011blou inteligenci, tak jako nem\u00e1m r\u00e1d elektromobily, \u201echytr\u00e9\u201c telefony a dal\u0161\u00ed tyhle elektronick\u00e9 kr\u00e1my. Jsem starom\u00f3dn\u00ed a nesn\u00e1\u0161\u00edm progresivismus, proto\u017ee si mysl\u00edm, \u017ee ka\u017ed\u00e1 zm\u011bna je jen zm\u011bnou k hor\u0161\u00edmu. Ale do sporu o smysl um\u011bl\u00e9 inteligence jsem se necht\u011bl pou\u0161t\u011bt. Sp\u00ed\u0161e se chci pustit do \u00favahy o tom, zda dokonce i \u010deskou politiku ne\u0159\u00edd\u00ed um\u011bl\u00e1 inteligence. N\u011bkdy to tak toti\u017e vypad\u00e1\u2026<\/p>\n<p>Kdy\u017e toti\u017e v\u00edme, \u017ee um\u011bl\u00e1 inteligence ve skute\u010dnosti mnoho rozumu nepobrala a jej\u00edm v\u00fdsledkem \u010dasto b\u00fdvaj\u00ed paskvily a kdy\u017e se z\u00e1rove\u0148 to sam\u00e9 d\u00e1 \u0159\u00edci o sou\u010dasn\u00e9 vl\u00e1d\u011b, je tato ot\u00e1zka nab\u00edledni. M\u016f\u017ee-li um\u011bl\u00e1 inteligence generovat (z\u00e1m\u011brn\u011b nepou\u017e\u00edv\u00e1m slovo \u201etvo\u0159it\u201c) b\u00e1sni\u010dky \u010di motiva\u010dn\u00ed dopisy, zvl\u00e1dla by i politick\u00e9 projevy \u010di programov\u00e9 prohl\u00e1\u0161en\u00ed vl\u00e1dy. Nebo \u2013 d\u016fchodovou reformu. Ostatn\u011b, prezident Macron kdysi zaz\u00e1\u0159il pr\u00e1v\u011b sv\u00fdmi projevy, kde nic smyslupln\u00e9ho ne\u0159ekl, jen pou\u017e\u00edval slova a fr\u00e1ze, na kter\u00e9 lidi dob\u0159e sly\u0161\u00ed. Pr\u00fd mu je vybrala um\u011bl\u00e1 inteligence a on s t\u011bmi sv\u00fdmi projevy pak prezidentskou kampa\u0148 vyhr\u00e1l. A to u\u017e je let. Od t\u00e9 doby pokrok zna\u010dn\u011b pokro\u010dil: co kdy\u017e dnes skute\u010dn\u011b um\u011bl\u00e1 inteligence \u0159\u00edd\u00ed politiku, proto\u017ee to by vysv\u011btlovalo mnoh\u00e9: ani kdybyste se sebev\u00edc sna\u017eili, takovou blbost, co politici \u0159eknou \u010di ud\u011blaj\u00ed, nevymysl\u00edte. To jim musel p\u0159echroustat a n\u00e1sledn\u011b vyplivnout n\u011bjak\u00fd automat a premi\u00e9r H\u0148up to pak pouze ze \u010dtec\u00edho za\u0159\u00edzen\u00ed p\u0159e\u010detl a trochu to o\u017eivil sv\u00fdmi gesty s rukama\u2026<\/p>\n<p>V\u00fdsledkem toho jsou pak \u201erady\u201c Mark\u00e9ty Pekarov\u00e9-Adamov\u00e9, hloup\u00e9 vl\u00e1dn\u00ed sebechv\u00e1l\u00edc\u00ed se kampan\u011b, hloup\u00e9 z\u00e1kony, hloup\u00e9 pr\u016fzkumy ve\u0159ejn\u00e9ho m\u00edn\u011bn\u00ed. Nejsp\u00ed\u0161e i v\u00fdsledky voleb generuje um\u011bl\u00e1 inteligence-neinteligence, proto\u017ee jinak se to snad ani vysv\u011btlit ned\u00e1. V\u011bt\u0161ina zpr\u00e1v m\u00e9di\u00ed \u2013 vzal bych na to jed \u2013 je tak\u00e9 v\u00fdsledkem nul a jedni\u010dek. N\u011bkdy \u2013 kdy\u017e se pod\u00edv\u00e1te na konr\u00e9tn\u00ed politiky \u2013 bych si myslel, \u017ee tam budou hlavn\u011b ty nuly. Pod\u00edvejte se na tv\u00e1\u0159e n\u011bkter\u00fdch politik\u016f \u2013 to snad ani nejsou \u017eiv\u00ed lid\u00e9, ale n\u011bjak\u00e9 obr\u00e1zky vymy\u0161len\u00e9 um\u011blou inteligenc\u00ed. T\u0159eba takov\u00fd Lipavsk\u00fd \u2013 vypad\u00e1 jak p\u0159erostl\u00e9 d\u00edt\u011b a mluv\u00ed jako d\u00edt\u011b. To snad nen\u00ed \u010dlov\u011bk, to mus\u00ed b\u00fdt fejk. A v jeho p\u0159\u00edpad\u011b snad mus\u00edm um\u011bl\u00e9 inteligenci p\u0159iznat, \u017ee se j\u00ed kone\u010dn\u011b, poprv\u00e9, poda\u0159il origin\u00e1ln\u00ed vtipn\u00fd v\u00fdstup. N\u011bco tak hloup\u011b vypadaj\u00edc\u00edho a hloup\u011b mluv\u00edc\u00edho by snad \u010dlov\u011bk nevymyslel\u2026 Na Ukrajin\u011b maj\u00ed tak\u00e9 n\u011bco takov\u00e9ho (\u0159\u00edkaj\u00ed tomu Kuleba), um\u011bl\u00e1 inteligence to z\u0159ejm\u011b i v Kyjev\u011b vzala p\u0159es kop\u00edr\u00e1k\u2026<\/p>\n<p>O tom, \u017ee je prezident P\u00e1vek robotem, jsem u\u017e psal. \u0158\u00edk\u00e1 nau\u010den\u00e9 fr\u00e1ze, nahr\u00e1li do n\u011bj hlas Ladislava \u0160pa\u010dka. V\u011bt\u0161inu ve\u0159ejnosti to obalamut\u00ed a uspokoj\u00ed, ale mn\u011b to p\u0159ijde moc strojen\u00e9. Ob\u010das se i um\u011bl\u00e1 inteligence splete a vyhod\u00ed chybu. Jako kdy\u017e P\u00e1vek mluvil o \u201ez\u00e1chodu\u201c m\u00edsto \u201ez\u00e1konu\u201c. P\u0159e\u0159eknut\u00ed, \u0159ekl by jeden. Mo\u017en\u00e1 pot\u0159eboval \u010d\u016frat, tiskovka byla dlouh\u00e1, \u0159ekl by druh\u00fd. Ale co kdy\u017e je to jinak? Nebo jsou program\u00e1to\u0159i, co P\u00e1vka naprogramov\u00e1vali, z Polska? Z\u00e1chod by pak mohl b\u00fdt z\u00e1padem. To by d\u00e1valo smysl. I to, pro\u010d P\u00e1vek jezd\u00ed do Polska \u2013 n\u00e1kup v Beru\u0161ce je jen kryt\u00ed, aby ho upgradovali. Z\u00e1chod \u2013 z\u00e1pad \u2013 z\u00e1kon. I um\u011bl\u00e1 inteligence se n\u011bkdy sekne.<\/p>\n<p>N\u011bkdy m\u00e1m ale pocit, \u017ee um\u011bl\u00e1 inteligence generuje i itiner\u00e1\u0159 politik\u016f a jejich PR v\u00fdstupy. Cesta na motorce do N\u011bmecka byla nevkusn\u00e1, ale mo\u017en\u00e1 to byl jen v\u00fdtvor um\u011bl\u00e9 inteligence. N\u011bkdo zadal, aby to bylo l\u00edbiv\u00e9, popul\u00e1rn\u00ed \u2013 a tohle z toho vypadlo. Um\u011bl\u00e1 inteligence v\u017edy vytvo\u0159\u00ed jen k\u00fd\u010d, napodobeninu, n\u011bco, co u\u017e bylo. Na Hrad\u011b jezd\u00ed P\u00e1vek na kolob\u011b\u017ece. Ale to tady p\u0159ece tak\u00e9 bylo. Havel, vzpom\u00edn\u00e1te? A kdy\u017e do N\u011bmec, tak na motorce. Kdy\u017e do Bavorska, tak na BMW. Um\u011bl\u00e1 inteligence si z\u0159ejm\u011b myslela, jak je to vtipn\u00e9, ale ono je to trapn\u00e9.<\/p>\n<p>Pokud je to tak, jak \u0159\u00edk\u00e1m, pak se m\u016f\u017eeme do\u010dkat je\u0161t\u011b zaj\u00edmav\u011bj\u0161\u00edch a v\u00fdst\u0159edn\u011bj\u0161\u00edch po\u010din\u016f:<\/p>\n<p>Jana \u010cernochov\u00e1 se svl\u00e9kne do pasu a na prsa si namaluje protiputinovsk\u00fd n\u00e1pis\u2026<br \/>\nPetr Fiala bude rozd\u00e1vat lidem koblihy.<br \/>\nPekarov\u00e1 pojede do Izraele na elektrokole.<br \/>\nStanjura si nech\u00e1 p\u0159e\u0161\u00edt pohlav\u00ed.<br \/>\nLipavsk\u00fd se stane gener\u00e1ln\u00edm tajemn\u00edkem OSN.<br \/>\nPir\u00e1t Barto\u0161 p\u0159edstav\u00ed ve\u0159ejnosti digit\u00e1ln\u00ed \u017eebra\u010denku.<br \/>\nMari\u00e1n Jure\u010dka pojede zatemn\u011bn\u00fdm vlakem do moravsk\u00e9ho Kyjova, aby tam p\u0159edstavil nepodm\u00edn\u011bn\u00fd p\u0159\u00edjem, kter\u00fd bude podm\u00edn\u011bn\u00fd no\u0161en\u00edm ukrajinsk\u00e9 n\u00e1\u0161ivky.<br \/>\nV\u00edtek Raku\u0161an rozprod\u00e1 budovy ministerstva vnitra, nech\u00e1 si nar\u016fst plnovous a vstoup\u00ed do Azovu.<br \/>\nMartin Kupka se bude d\u00e1l debiln\u011b usm\u00edvat.<\/p>\n<p>A tak bych mohl pokra\u010dovat. Teda \u2013 ne j\u00e1, um\u011bl\u00e1 inteligence\u2026<\/p>\n<p>Vlasti zdar!<\/p>\n<p><em>Adam B. Barto\u0161<\/em><br \/>\n<em>p\u0159edseda N\u00e1rodn\u00ed demokracie<\/em><\/p>\n<p><img decoding=\"async\" loading=\"lazy\" class=\"alignnone size-full wp-image-678\" src=\"http:\/\/www.infokuryr.cz\/n\/wp-content\/uploads\/2021\/04\/narodni_demokracie_logo.jpg\" alt=\"\" width=\"300\" height=\"85\" \/><\/p>\n<p>______________________________<\/p>\n<p>&nbsp;<\/p>\n<p>&nbsp;<\/p>\n<p><img decoding=\"async\" loading=\"lazy\" class=\"wp-image-19187 aligncenter\" src=\"http:\/\/www.infokuryr.cz\/n\/wp-content\/uploads\/2022\/12\/1-PRO-300x36.jpg\" alt=\"\" width=\"1292\" height=\"155\" srcset=\"https:\/\/www.infokuryr.cz\/n\/wp-content\/uploads\/2022\/12\/1-PRO-300x36.jpg 300w, https:\/\/www.infokuryr.cz\/n\/wp-content\/uploads\/2022\/12\/1-PRO.jpg 699w\" sizes=\"(max-width: 1292px) 100vw, 1292px\" \/><\/p>\n<p>&nbsp;<\/p>\n<p>&nbsp;<\/p>\n","protected":false},"excerpt":{"rendered":"<p>Onehd\u00e1 jsem jel autem p\u0159es centrum Prahy. To jsem ale nem\u011bl d\u011blat. Z\u00e1cpa jako prase&#8230;.<\/p>\n","protected":false},"author":2,"featured_media":28673,"comment_status":"closed","ping_status":"closed","sticky":false,"template":"","format":"standard","meta":[],"categories":[6],"tags":[367,29,85,122],"_links":{"self":[{"href":"https:\/\/www.infokuryr.cz\/n\/wp-json\/wp\/v2\/posts\/28672"}],"collection":[{"href":"https:\/\/www.infokuryr.cz\/n\/wp-json\/wp\/v2\/posts"}],"about":[{"href":"https:\/\/www.infokuryr.cz\/n\/wp-json\/wp\/v2\/types\/post"}],"author":[{"embeddable":true,"href":"https:\/\/www.infokuryr.cz\/n\/wp-json\/wp\/v2\/users\/2"}],"replies":[{"embeddable":true,"href":"https:\/\/www.infokuryr.cz\/n\/wp-json\/wp\/v2\/comments?post=28672"}],"version-history":[{"count":1,"href":"https:\/\/www.infokuryr.cz\/n\/wp-json\/wp\/v2\/posts\/28672\/revisions"}],"predecessor-version":[{"id":28674,"href":"https:\/\/www.infokuryr.cz\/n\/wp-json\/wp\/v2\/posts\/28672\/revisions\/28674"}],"wp:featuredmedia":[{"embeddable":true,"href":"https:\/\/www.infokuryr.cz\/n\/wp-json\/wp\/v2\/media\/28673"}],"wp:attachment":[{"href":"https:\/\/www.infokuryr.cz\/n\/wp-json\/wp\/v2\/media?parent=28672"}],"wp:term":[{"taxonomy":"category","embeddable":true,"href":"https:\/\/www.infokuryr.cz\/n\/wp-json\/wp\/v2\/categories?post=28672"},{"taxonomy":"post_tag","embeddable":true,"href":"https:\/\/www.infokuryr.cz\/n\/wp-json\/wp\/v2\/tags?post=28672"}],"curies":[{"name":"wp","href":"https:\/\/api.w.org\/{rel}","templated":true}]}}