{"id":28655,"date":"2023-05-24T01:06:22","date_gmt":"2023-05-23T23:06:22","guid":{"rendered":"http:\/\/www.infokuryr.cz\/n\/?p=28655"},"modified":"2023-05-23T16:05:04","modified_gmt":"2023-05-23T14:05:04","slug":"devastujici-neuspechy-po-celem-svete-zacinaji-byt-znamy-negativni-dusledky-vakcin-proti-covid-19","status":"publish","type":"post","link":"https:\/\/www.infokuryr.cz\/n\/2023\/05\/24\/devastujici-neuspechy-po-celem-svete-zacinaji-byt-znamy-negativni-dusledky-vakcin-proti-covid-19\/","title":{"rendered":"Devastuj\u00edc\u00ed ne\u00fasp\u011bchy po cel\u00e9m sv\u011bt\u011b \u2013 za\u010d\u00ednaj\u00ed b\u00fdt zn\u00e1my negativn\u00ed d\u016fsledky vakc\u00edn proti COVID-19"},"content":{"rendered":"<div id=\"fb-root\"><\/div>\n<p><strong>Je st\u00e1le jasn\u011bj\u0161\u00ed, \u017ee o\u010dkovan\u00ed lid\u00e9 onemocn\u00ed \u010dast\u011bji ne\u017e neo\u010dkovan\u00ed.\u00a0Tento fakt si st\u00e1le v\u00edce uv\u011bdomuj\u00ed laici, ale i l\u00e9ka\u0159i a v\u011bdci po cel\u00e9m sv\u011bt\u011b.\u00a0Vakc\u00edny COVID-19 jsou znepokojiv\u011b nebezpe\u010dn\u00e9 a nevykazuj\u00ed \u017e\u00e1dnou \u00fa\u010dinnost pro inzerovan\u00e9 \u00fa\u010dely.\u00a0Nejsou ani bezpe\u010dn\u00e9, ani \u00fa\u010dinn\u00e9, ani reverzibiln\u00ed.<\/strong><\/p>\n<p><span>\u00dadaje hovo\u0159\u00ed jasnou \u0159e\u010d\u00ed.\u00a0\u00damrtnost v roce 2020 nebyla vy\u0161\u0161\u00ed ne\u017e m\u00edra za posledn\u00ed dv\u011b desetilet\u00ed v USA a m\u00edra \u00famrt\u00ed v roce 2020 z\u016fstala kolem 1 procenta celkov\u00e9 populace, stejn\u011b jako v p\u0159edchoz\u00edch letech bez pandemie.<\/span><\/p>\n<p><span style=\"font-size: 18pt;\"><strong>N\u00e1r\u016fst \u00famrt\u00ed po zah\u00e1jen\u00ed \u201eo\u010dkov\u00e1n\u00ed\u201c proti Covidu<\/strong><\/span><\/p>\n<p><span>Je pozoruhodn\u00e9, \u017ee v prosinci 2020 byly vakc\u00edny dostupn\u00e9 ve\u0159ejnosti.\u00a0A co se stalo kr\u00e1tce pot\u00e9?\u00a0Po\u010det mrtv\u00fdch raketov\u011b vzrostl.\u00a0Do\u0161lo k v\u00fdrazn\u00e9mu meziro\u010dn\u00edmu n\u00e1r\u016fstu \u00famrt\u00ed navzdory tomu, co bylo hl\u00e1\u0161eno jako nejhor\u0161\u00ed pandemie za stolet\u00ed.\u00a0Vakc\u00edny byly nov\u00fdm faktorem, kter\u00fd spustil tento znepokojiv\u00fd jev.<\/span><\/p>\n<p><span style=\"font-size: 18pt;\"><strong>Vakcina\u010dn\u00ed \u201esmrti\u201c maj\u00ed na sv\u011bdom\u00ed neo\u010dkovan\u00ed<\/strong><\/span><\/p>\n<p><span>Ale ti, kte\u0159\u00ed tvrd\u00ed, \u017ee vakc\u00edny situaci zlep\u0161\u00ed, pou\u017e\u00edvaj\u00ed zav\u00e1d\u011bj\u00edc\u00ed \u00fadaje.\u00a0Americk\u00e9 centrum pro kontrolu a prevenci nemoc\u00ed (CDC) kategorizuje nejen ty, kte\u0159\u00ed nikdy nebyli o\u010dkov\u00e1ni proti COVID-19, jako \u201eneo\u010dkovan\u00e9\u201c, ale tak\u00e9 ty, kte\u0159\u00ed m\u011bli d\u00e1vku m\u00e9n\u011b ne\u017e sedm nebo 14 dn\u00ed p\u0159edt\u00edm.\u00a0V d\u016fsledku toho jsou infekce a \u00famrt\u00ed bezprost\u0159edn\u011b po o\u010dkov\u00e1n\u00ed nespr\u00e1vn\u011b p\u0159isuzov\u00e1ny \u201eneo\u010dkovan\u00fdm\u201c jedinc\u016fm.\u00a0Manipulativn\u00ed zast\u00edrac\u00ed taktika, kter\u00e1 p\u0159ekrucuje skute\u010dn\u00e9 \u00fa\u010dinky vakc\u00edn.<\/span><\/p>\n<p><span style=\"font-size: 18pt;\"><strong>\u201eO\u010dkovan\u00ed\u201c lid\u00e9 maj\u00ed vy\u0161\u0161\u00ed riziko n\u00e1kazy touto nemoc\u00ed<\/strong><\/span><\/p>\n<p><span>Smutnou realitou je, \u017ee vakc\u00edny proti COVID-19 jsou nejen ne\u00fa\u010dinn\u00e9, ale ve skute\u010dnosti jsou negativn\u011b \u00fa\u010dinn\u00e9.\u00a0O\u010dkovan\u00ed lid\u00e9 maj\u00ed vy\u0161\u0161\u00ed riziko, \u017ee se nakaz\u00ed COVID-19 a budou hospitalizov\u00e1ni, ne\u017e neo\u010dkovan\u00ed lid\u00e9.\u00a0Ukazuj\u00ed to nejen renomovan\u00e9 l\u00e9ka\u0159sk\u00e9 \u010dasopisy jako New England Journal of Medicine a Journal of the American Medical Association, ale tak\u00e9 studie z r\u016fzn\u00fdch zem\u00ed.<\/span><\/p>\n<p><span>\u00dadaje ze zem\u00ed jako N\u011bmecko, D\u00e1nsko, Velk\u00e1 Brit\u00e1nie a Irsko hovo\u0159\u00ed samy za sebe: vakc\u00edny zvy\u0161uj\u00ed riziko infekc\u00ed a \u00famrt\u00ed.\u00a0Negativn\u00edm \u00fa\u010dink\u016fm vakc\u00edn se nevyhne ani omikronov\u00e1 varianta.\u00a0Je ho\u0159kou ironi\u00ed, \u017ee o\u010dkovan\u00ed jsou k n\u00e1kaze n\u00e1chyln\u011bj\u0161\u00ed ne\u017e o\u010dkovan\u00ed.\u00a0Vakc\u00edny COVID-19 nenab\u00edzej\u00ed ochranu proti r\u016fzn\u00fdm variant\u00e1m viru, a\u0165 u\u017e je to Omicron nebo Delta.\u00a0V Massachusetts byla zji\u0161t\u011bna v\u011bt\u0161ina nov\u00fdch p\u0159\u00edpad\u016f COVID-19 u o\u010dkovan\u00fdch jedinc\u016f.\u00a0Podobn\u00e1 pozorov\u00e1n\u00ed byla u\u010din\u011bna tak\u00e9 v jin\u00fdch zem\u00edch, jako je Indie.<\/span><\/p>\n<p><span>Ve Vietnamu m\u011bli o\u010dkovan\u00ed nemocni\u010dn\u00ed pracovn\u00edci vy\u0161\u0161\u00ed virovou z\u00e1t\u011b\u017e ne\u017e neo\u010dkovan\u00ed pracovn\u00edci.\u00a0V N\u011bmecku a Spojen\u00e9m kr\u00e1lovstv\u00ed bylo zji\u0161t\u011bno, \u017ee ka\u017ed\u00e1 dal\u0161\u00ed d\u00e1vka vakc\u00edny zvy\u0161uje riziko infekce omikronovou variantou.<\/span><\/p>\n<p><span style=\"font-size: 18pt;\"><strong>Osv\u00edcen\u00ed je d\u00e1le potla\u010dov\u00e1no<\/strong><\/span><\/p>\n<p><span>Tyto skute\u010dnosti vyvol\u00e1vaj\u00ed v\u00e1\u017en\u00e9 ot\u00e1zky o bezpe\u010dnosti a \u00fa\u010dinnosti vakc\u00edn COVID-19.\u00a0Je znepokojiv\u00e9, \u017ee tyto informace nejsou otev\u0159en\u011b sd\u011blov\u00e1ny a diskutov\u00e1ny.\u00a0M\u00edsto toho jsou kritici vakc\u00edn hanobeni a cenzurov\u00e1ni.\u00a0Zd\u00e1 se, \u017ee pravda o vakc\u00edn\u00e1ch je potla\u010dov\u00e1na, aby byla zachov\u00e1na ur\u010dit\u00e1 teorie.<\/span><\/p>\n<p><span>Je na \u010dase, abychom vzali negativn\u00ed \u00fa\u010dinky vakc\u00edn COVID-19 v\u00e1\u017en\u011b a vedli o nich otev\u0159enou a up\u0159\u00edmnou diskusi.\u00a0Zdrav\u00ed a bezpe\u010dnost lid\u00ed by m\u011bla b\u00fdt v\u017edy na prvn\u00edm m\u00edst\u011b.\u00a0Mus\u00edme b\u00fdt schopni zv\u00e1\u017eit pro a proti o\u010dkov\u00e1n\u00ed a sami se informovan\u011b rozhodnout.<\/span><\/p>\n<p><span>Pravda je p\u0159\u00edli\u0161 d\u016fle\u017eit\u00e1 na to, aby se skr\u00fdvala nebo ignorovala.<\/span><\/p>\n<p><img decoding=\"async\" loading=\"lazy\" class=\"alignnone size-full wp-image-1185\" src=\"http:\/\/www.infokuryr.cz\/n\/wp-content\/uploads\/2021\/04\/kuryr-podpis.png\" alt=\"\" width=\"84\" height=\"24\" \/><\/p>\n<p>&nbsp;<\/p>\n<p>&nbsp;<\/p>\n<p><img decoding=\"async\" loading=\"lazy\" class=\"wp-image-19187 aligncenter\" src=\"http:\/\/www.infokuryr.cz\/n\/wp-content\/uploads\/2022\/12\/1-PRO-300x36.jpg\" alt=\"\" width=\"1283\" height=\"154\" srcset=\"https:\/\/www.infokuryr.cz\/n\/wp-content\/uploads\/2022\/12\/1-PRO-300x36.jpg 300w, https:\/\/www.infokuryr.cz\/n\/wp-content\/uploads\/2022\/12\/1-PRO.jpg 699w\" sizes=\"(max-width: 1283px) 100vw, 1283px\" \/><\/p>\n<p>&nbsp;<\/p>\n<p>&nbsp;<\/p>\n","protected":false},"excerpt":{"rendered":"<p>Je st\u00e1le jasn\u011bj\u0161\u00ed, \u017ee o\u010dkovan\u00ed lid\u00e9 onemocn\u00ed \u010dast\u011bji ne\u017e neo\u010dkovan\u00ed.\u00a0Tento fakt si st\u00e1le v\u00edce uv\u011bdomuj\u00ed&#8230;<\/p>\n","protected":false},"author":2,"featured_media":15695,"comment_status":"closed","ping_status":"closed","sticky":false,"template":"","format":"standard","meta":[],"categories":[6],"tags":[23,2789,276,651,21],"_links":{"self":[{"href":"https:\/\/www.infokuryr.cz\/n\/wp-json\/wp\/v2\/posts\/28655"}],"collection":[{"href":"https:\/\/www.infokuryr.cz\/n\/wp-json\/wp\/v2\/posts"}],"about":[{"href":"https:\/\/www.infokuryr.cz\/n\/wp-json\/wp\/v2\/types\/post"}],"author":[{"embeddable":true,"href":"https:\/\/www.infokuryr.cz\/n\/wp-json\/wp\/v2\/users\/2"}],"replies":[{"embeddable":true,"href":"https:\/\/www.infokuryr.cz\/n\/wp-json\/wp\/v2\/comments?post=28655"}],"version-history":[{"count":1,"href":"https:\/\/www.infokuryr.cz\/n\/wp-json\/wp\/v2\/posts\/28655\/revisions"}],"predecessor-version":[{"id":28656,"href":"https:\/\/www.infokuryr.cz\/n\/wp-json\/wp\/v2\/posts\/28655\/revisions\/28656"}],"wp:featuredmedia":[{"embeddable":true,"href":"https:\/\/www.infokuryr.cz\/n\/wp-json\/wp\/v2\/media\/15695"}],"wp:attachment":[{"href":"https:\/\/www.infokuryr.cz\/n\/wp-json\/wp\/v2\/media?parent=28655"}],"wp:term":[{"taxonomy":"category","embeddable":true,"href":"https:\/\/www.infokuryr.cz\/n\/wp-json\/wp\/v2\/categories?post=28655"},{"taxonomy":"post_tag","embeddable":true,"href":"https:\/\/www.infokuryr.cz\/n\/wp-json\/wp\/v2\/tags?post=28655"}],"curies":[{"name":"wp","href":"https:\/\/api.w.org\/{rel}","templated":true}]}}