{"id":28650,"date":"2023-05-24T01:02:12","date_gmt":"2023-05-23T23:02:12","guid":{"rendered":"http:\/\/www.infokuryr.cz\/n\/?p=28650"},"modified":"2023-05-23T15:43:17","modified_gmt":"2023-05-23T13:43:17","slug":"plan-japonske-vlady-na-vypousteni-jaderne-znecistene-vody-do-more-je-otresen","status":"publish","type":"post","link":"https:\/\/www.infokuryr.cz\/n\/2023\/05\/24\/plan-japonske-vlady-na-vypousteni-jaderne-znecistene-vody-do-more-je-otresen\/","title":{"rendered":"Pl\u00e1n japonsk\u00e9 vl\u00e1dy na vypou\u0161t\u011bn\u00ed jadern\u011b zne\u010di\u0161t\u011bn\u00e9 vody do mo\u0159e je ot\u0159esen"},"content":{"rendered":"<div id=\"fb-root\"><\/div>\n<p><span data-spm-anchor-id=\"C01140752918.Pq1poEUXqS9i.0.i1\">Na Summitu G7, kter\u00fd se ned\u00e1vno konal, znovu ztroskotal pl\u00e1n japonsk\u00fdch politik\u016f na vypou\u0161t\u011bn\u00ed jadern\u011b zne\u010di\u0161t\u011bn\u00e9 vody z Fuku\u0161imy do mo\u0159e. Vzhledem k drtiv\u00e9 opozici neobsahovalo spole\u010dn\u00e9 prohl\u00e1\u0161en\u00ed ze summitu slova jako \u201ev\u00edt\u00e1me\u201c japonsk\u00fd pl\u00e1n na vypou\u0161t\u011bn\u00ed do mo\u0159e, ale pouze \u201epodporujeme nez\u00e1visl\u00e9 vy\u0161et\u0159ov\u00e1n\u00ed Mezin\u00e1rodn\u00ed agentury pro atomovou energii (MAAE)\u201c.<\/span><\/p>\n<p>Tento v\u00fdsledek nen\u00ed p\u0159ekvapiv\u00fd. V \u00fanoru leto\u0161n\u00edho roku japonsk\u00e1 m\u00e9dia uvedla, \u017ee a\u010dkoli vl\u00e1da cht\u011bla do z\u00e1v\u011bre\u010dn\u00e9ho dokumentu dubnov\u00e9ho zased\u00e1n\u00ed ministr\u016f klimatu, energetick\u00fdch zdroj\u016f a \u017eivotn\u00edho prost\u0159ed\u00ed G7 p\u0159idat, \u017ee \u201epl\u00e1n na vypou\u0161t\u011bn\u00ed do mo\u0159e je v\u00edt\u00e1n\u201c, vyhl\u00eddky nejsou optimistick\u00e9, proto\u017ee N\u011bmecko a dal\u0161\u00ed zem\u011b se v\u017edy stav\u00ed proti tomu.<\/p>\n<p>Japonsk\u00e1 vl\u00e1da se v\u0161ak nevzdala. Na tomto summitu G7 japonsk\u00e1 strana speci\u00e1ln\u011b poskytla z\u00fa\u010dastn\u011bn\u00fdm politik\u016fm a m\u00e9di\u00edm j\u00eddlo, alkohol a ob\u010derstven\u00ed vyroben\u00e9 v prefektu\u0159e Fuku\u0161ima, aby mohli \u201ed\u00e1le porozum\u011bt pl\u00e1nu na vypou\u0161t\u011bn\u00ed do mo\u0159e\u201c. P\u0159edt\u00edm v\u0161ak bylo mnohokr\u00e1t detekov\u00e1no, \u017ee obsah radioaktivn\u00edch l\u00e1tek v potravin\u00e1ch z Fuku\u0161imy p\u0159ekro\u010dil standard.<\/p>\n<p>Japonsk\u00e1 tiskov\u00e1 agentura Kyodo 20. kv\u011btna ve zpr\u00e1v\u011b uznala, \u017ee to, \u017ee Summit G7 pou\u017eil ingredience z Fuku\u0161imy \u201ezp\u016fsobilo kontroverzi\u201c. Zpr\u00e1va tak\u00e9 citovala z\u00e1stupce na vysok\u00e9 \u00farovni opozi\u010dn\u00ed strany Ji\u017en\u00ed Koreje, \u017ee \u201esamotn\u00e9 pou\u017eit\u00ed kontroverzn\u00edch slo\u017eek ukazuje japonskou aroganci.\u201c<\/p>\n<p>Po v\u00edce ne\u017e dva roky jsou ost\u0159e proti tomuto pl\u00e1nu jak dom\u00e1c\u00ed lid\u00e9 v Japonsku, tak \u010c\u00edna, Ji\u017en\u00ed Korea a dal\u0161\u00ed zem\u011b soused\u00edc\u00ed s Japonskem i tichomo\u0159sk\u00e9 ostrovn\u00ed zem\u011b, a \u017e\u00e1daj\u00ed japonskou stranu, aby pou\u017eila spr\u00e1vnou metodu pro vy\u0159e\u0161en\u00ed tohoto probl\u00e9mu.<\/p>\n<p>Pro\u010d je japonsk\u00fd pl\u00e1n na vypou\u0161t\u011bn\u00ed jadern\u011b kontaminovan\u00e9 vody do mo\u0159e c\u00edlem ve\u0159ejn\u00e9 kritiky? Proto\u017ee st\u00e1le v\u00edce v\u00fdzkum\u016f ukazuje, \u017ee \u0161kodu, kterou to m\u016f\u017ee zp\u016fsobit pro mo\u0159skou ekologii a lidsk\u00e9 zdrav\u00ed je obt\u00ed\u017en\u00e9 odhadnout. Japonsko tvrd\u00ed, \u017ee jadern\u011b zne\u010di\u0161t\u011bn\u00e1 voda, kter\u00e1 byla \u010di\u0161t\u011bna syst\u00e9mem pro odstran\u011bn\u00ed multinuklid\u016f (ALPS) je bezpe\u010dn\u00e1 a ne\u0161kodn\u00e1. Ve skute\u010dnosti v\u0161ak jadern\u011b zne\u010di\u0161t\u011bn\u00e1 voda z Fuku\u0161imy obsahuje nejm\u00e9n\u011b 60 radioaktivn\u00edch nuklid\u016f a jejich koncentrace je velmi vysok\u00e1. Prost\u0159ednictv\u00edm sou\u010dasn\u00e9 technologie je nemo\u017en\u00e9 je zcela odfiltrovat a rozlo\u017eit. Lee Jae-myung, p\u0159edseda jihokorejsk\u00e9 strany Minjoo, ned\u00e1vno zpochybnil slova japonsk\u00e9 vl\u00e1dy: \u201eKdy\u017e je jadern\u011b zne\u010di\u0161t\u011bn\u00e1 voda bezpe\u010dn\u00e1, pro\u010d ji nepou\u017e\u00edv\u00e1te p\u0159\u00edmo jako pitnou vodu?\u201c<\/p>\n<p data-spm-anchor-id=\"C01140752918.Pq1poEUXqS9i.0.i2\">MAAE v sou\u010dasn\u00e9 dob\u011b zat\u00edm nezve\u0159ejnila z\u00e1v\u011bre\u010dnou zpr\u00e1vu o japonsk\u00e9m pl\u00e1nu na vypou\u0161t\u011bn\u00ed do mo\u0159e. Japonsk\u00e1 vl\u00e1da v\u0161ak tvrd\u00ed, \u017ee projekt vypou\u0161t\u011bn\u00ed jadern\u011b zne\u010di\u0161t\u011bn\u00e9 vody do mo\u0159e bude dokon\u010den do konce \u010dervna leto\u0161n\u00edho roku a koncem \u010dervence bude voda ofici\u00e1ln\u011b vypu\u0161t\u011bna do Tich\u00e9ho oce\u00e1nu. N\u011bkte\u0159\u00ed japon\u0161t\u00ed politici maj\u00ed ve sv\u00e9 mysli pouze ekonomick\u00e9 c\u00edle, a ne dlouhodob\u00e9 \u00fa\u010dty. Nev\u00e1haj\u00ed ohledn\u011b toho, jak\u00fd to bude m\u00edt dopad na v\u0161echny lidsk\u00e9 bytosti a budouc\u00ed generace.<\/p>\n<p data-spm-anchor-id=\"C01140752918.Pq1poEUXqS9i.0.i2\"><img decoding=\"async\" loading=\"lazy\" class=\"alignnone size-full wp-image-1185\" src=\"http:\/\/www.infokuryr.cz\/n\/wp-content\/uploads\/2021\/04\/kuryr-podpis.png\" alt=\"\" width=\"84\" height=\"24\" \/><\/p>\n<p data-spm-anchor-id=\"C01140752918.Pq1poEUXqS9i.0.i2\">\n<p data-spm-anchor-id=\"C01140752918.Pq1poEUXqS9i.0.i2\">\n<p data-spm-anchor-id=\"C01140752918.Pq1poEUXqS9i.0.i2\"><img decoding=\"async\" loading=\"lazy\" class=\"wp-image-19187 aligncenter\" src=\"http:\/\/www.infokuryr.cz\/n\/wp-content\/uploads\/2022\/12\/1-PRO-300x36.jpg\" alt=\"\" width=\"1308\" height=\"157\" srcset=\"https:\/\/www.infokuryr.cz\/n\/wp-content\/uploads\/2022\/12\/1-PRO-300x36.jpg 300w, https:\/\/www.infokuryr.cz\/n\/wp-content\/uploads\/2022\/12\/1-PRO.jpg 699w\" sizes=\"(max-width: 1308px) 100vw, 1308px\" \/><\/p>\n<p data-spm-anchor-id=\"C01140752918.Pq1poEUXqS9i.0.i2\">\n<p data-spm-anchor-id=\"C01140752918.Pq1poEUXqS9i.0.i2\">\n","protected":false},"excerpt":{"rendered":"<p>Na Summitu G7, kter\u00fd se ned\u00e1vno konal, znovu ztroskotal pl\u00e1n japonsk\u00fdch politik\u016f na vypou\u0161t\u011bn\u00ed jadern\u011b&#8230;<\/p>\n","protected":false},"author":2,"featured_media":2718,"comment_status":"closed","ping_status":"closed","sticky":false,"template":"","format":"standard","meta":[],"categories":[7],"tags":[106,323,105],"_links":{"self":[{"href":"https:\/\/www.infokuryr.cz\/n\/wp-json\/wp\/v2\/posts\/28650"}],"collection":[{"href":"https:\/\/www.infokuryr.cz\/n\/wp-json\/wp\/v2\/posts"}],"about":[{"href":"https:\/\/www.infokuryr.cz\/n\/wp-json\/wp\/v2\/types\/post"}],"author":[{"embeddable":true,"href":"https:\/\/www.infokuryr.cz\/n\/wp-json\/wp\/v2\/users\/2"}],"replies":[{"embeddable":true,"href":"https:\/\/www.infokuryr.cz\/n\/wp-json\/wp\/v2\/comments?post=28650"}],"version-history":[{"count":0,"href":"https:\/\/www.infokuryr.cz\/n\/wp-json\/wp\/v2\/posts\/28650\/revisions"}],"wp:featuredmedia":[{"embeddable":true,"href":"https:\/\/www.infokuryr.cz\/n\/wp-json\/wp\/v2\/media\/2718"}],"wp:attachment":[{"href":"https:\/\/www.infokuryr.cz\/n\/wp-json\/wp\/v2\/media?parent=28650"}],"wp:term":[{"taxonomy":"category","embeddable":true,"href":"https:\/\/www.infokuryr.cz\/n\/wp-json\/wp\/v2\/categories?post=28650"},{"taxonomy":"post_tag","embeddable":true,"href":"https:\/\/www.infokuryr.cz\/n\/wp-json\/wp\/v2\/tags?post=28650"}],"curies":[{"name":"wp","href":"https:\/\/api.w.org\/{rel}","templated":true}]}}