{"id":28629,"date":"2023-05-23T06:05:36","date_gmt":"2023-05-23T04:05:36","guid":{"rendered":"http:\/\/www.infokuryr.cz\/n\/?p=28629"},"modified":"2023-05-23T06:05:36","modified_gmt":"2023-05-23T04:05:36","slug":"michael-svatos-brutalni-vyhlazovani-puvodnich-evropanu-nejdesivejsi-analyza-kterou-jste-kdy-cetli","status":"publish","type":"post","link":"https:\/\/www.infokuryr.cz\/n\/2023\/05\/23\/michael-svatos-brutalni-vyhlazovani-puvodnich-evropanu-nejdesivejsi-analyza-kterou-jste-kdy-cetli\/","title":{"rendered":"Michael Svato\u0161: Brut\u00e1ln\u00ed vyhlazov\u00e1n\u00ed p\u016fvodn\u00edch Evropan\u016f! Nejd\u011bsiv\u011bj\u0161\u00ed anal\u00fdza, kterou jste kdy \u010detli!"},"content":{"rendered":"<div id=\"fb-root\"><\/div>\n<h2 class=\"post-title entry-title\">N\u011bmecko chce sv\u00e9 nep\u0159izp\u016fsobiv\u00e9 uprchl\u00edky nast\u011bhovat i do \u010cech a na Slovensko!<\/h2>\n<p><strong><span style=\"font-size: 14pt; color: #ff0000;\">Dne\u0161n\u00ed anal\u00fdza obsahuje brut\u00e1ln\u00ed texty popisuj\u00edc\u00ed sou\u010dasn\u00e9 ohavn\u00e9 rasov\u00e9 vra\u017edy Evropan\u016f. Proto zva\u017ete, zda ji chcete \u010d\u00edst.<\/span><\/strong><\/p>\n<p>Ernst Roets, jihoafrick\u00fd filma\u0159 a slavn\u00fd spisovatel,\u00a0<a href=\"https:\/\/www.amazon.com\/Kill-Boer-Government-Complicity-Africas-ebook\/dp\/B07N1QWT8G\">autor sv\u011btov\u00e9ho bestselleru<\/a>,\u00a0 kter\u00fd v roce 2020\u00a0<a class=\"mfp-iframe lightbox-added\" href=\"https:\/\/www.youtube.com\/watch?v=lfJi2E_cpNM\">vystoupil na konferenci OSN o potla\u010dov\u00e1n\u00ed pr\u00e1v men\u0161in<\/a>, varoval v\u010dera Evropany p\u0159ed t\u00edm, co za\u017eij\u00ed, a\u017e se stanou v Evrop\u011b men\u0161inou, jak pl\u00e1nuje Brusel a jeho nohsledi.\u00a0<a href=\"https:\/\/magyarnemzet.hu\/kulfold\/2023\/05\/europaban-nem-ismerik-fel-hogy-egy-napon-a-sajat-hazajukban-kisebbsegge-valhatnak\">Roets ve sv\u00e9m vystoupen\u00ed v Ma\u010farsk\u00fdch m\u00e9di\u00edch \u0159ekl<\/a>, \u017ee ze v\u0161eho nejv\u00edc je naprosto \u0161okov\u00e1n kreativitou s n\u00ed\u017e sv\u00e9 brut\u00e1ln\u00ed vra\u017edy Evropan\u016f nyn\u00ed Afri\u010dan\u00e9 prov\u00e1d\u011bj\u00ed. T\u0159eba p\u0159i vyhlazen\u00ed b\u00edl\u00fdch man\u017eel\u016f jim nejprve Afri\u010dan\u00e9 uv\u00e1zali smy\u010dku kolem krku a vl\u00e1\u010deli je po schodech nahoru a dol\u016f. Potom mu\u017eovi str\u010dili v koupeln\u011b do \u00fast sprchovou hadici a napou\u0161t\u011bli do n\u011bj horkou vodu p\u0159\u00edmo z elektrick\u00e9ho bojleru tak dlouho dokud mu neuva\u0159ili vnit\u0159nosti. \u017denu pak mu\u010dili a zast\u0159elili. (Pokra\u010dov\u00e1n\u00ed popis\u016f t\u011bchto vra\u017ed je \u00famysln\u011b na konci anal\u00fdzy, abyste si mohli rozmyslet, zda m\u00e1te \u017ealudek, \u010d\u00edst o budoucnosti Evropy, jak ji v\u011b\u0161t\u00ed Roets.)<\/p>\n<p><a href=\"https:\/\/www.ncbi.nlm.nih.gov\/pmc\/articles\/PMC8333252\/\">Ofici\u00e1ln\u00ed webov\u00e9 str\u00e1nky vl\u00e1dy Spojen\u00fdch st\u00e1t\u016f americk\u00fdch zve\u0159ejnily ned\u00e1vno v\u011bdeckou studii p\u0159edn\u00edch arabsk\u00fdch v\u011bdc\u016f<\/a>, kterou financoval fond EU COMPETE 2020, a kter\u00e1 dokazuje, jak prob\u00edh\u00e1 tzv. v\u00fdm\u011bna jedn\u00e9 rasy za druhou, jak pl\u00e1nuje Brusel, a jak varuj\u00ed Roets, a dal\u0161\u00ed, zejm\u00e9na francouz\u0161t\u00ed v\u011bdci. Ve studii byly porovn\u00e1ny genetick\u00e9 \u00fadaje obyvatel dvou nedaleko sebe (50km) le\u017e\u00edc\u00edch tunisk\u00fdch m\u011bst Kairouan a Wesletia. V\u00fdsledek genetick\u00e9 studie potvrdil starou hypot\u00e9zu historik\u016f, \u017ee obyvatel\u00e9 historicky mimo\u0159\u00e1dn\u011b v\u00fdznamn\u00e9ho m\u011bsta Kairouan jsou geneticky Berbery, kte\u0159\u00ed si rychle zm\u011bnili sv\u00e1 p\u016fvodn\u00ed berbersk\u00e1 p\u0159\u00edjmen\u00ed na arabsk\u00e1. A to proto, \u017ee jako Berberov\u00e9 byli po dobyt\u00ed Tunisu Araby soci\u00e1ln\u011b a kulturn\u011b omezeni. A proto rychle po dobyt\u00ed, je\u0161t\u011b p\u0159ed roz\u0161\u00ed\u0159en\u00edm arabsk\u00fdch osadn\u00edk\u016f do p\u016fvodn\u00ed tunisk\u00e9 populace slo\u017een\u00e9 z berber\u016f, p\u016fvodn\u00edch obyvatel bl\u00edzk\u00e9ho v\u00fdchodu, p\u0159ijali arabsk\u00e1 p\u0159\u00edjmen\u00ed spojen\u00e1 s vy\u0161\u0161\u00edm soci\u00e1ln\u00edm statusem, aby si zajistili zm\u00edrn\u011bn\u00ed postih\u016f za sv\u016fj nearabsk\u00fd p\u016fvod. M\u011bsto Kairouan se toti\u017e na rozd\u00edl od m\u011bsta Wesletia stalo ihned po dobyt\u00ed prvn\u00edm politick\u00fdm a vzd\u011bl\u00e1vac\u00edm centrem rychle rostouc\u00ed arabsko-muslimsk\u00e9 elity dobyvatel\u016f, kter\u00e1 do regionu za\u010dala postupn\u011b migrovat. Proto tlak na zm\u011bnu rasov\u00e9, n\u00e1bo\u017eensk\u00e9 i kulturn\u00ed identity byl v Kairouan na za\u010d\u00e1tku migrace dobyvatel\u016f vy\u0161\u0161\u00ed, ne\u017e ve Wesletii. A z\u00e1rove\u0148 na za\u010d\u00e1tku migrace dobyvatel\u016f je\u0161t\u011b nebyl tlak arabsk\u00fdch kolonist\u016f v Kairouan tak velk\u00fd, aby p\u016fvodn\u00ed ne-Araby vytla\u010dil na okraj spole\u010dnosti, a t\u00edm je chudobou, otroctv\u00edm, \u010di jin\u00fdmi zp\u016fsoby \u00fatlaku vy\u0159adil z genetick\u00e9 reprodukce, je\u0161t\u011b p\u0159ed t\u00edm ne\u017e se asimiluj\u00ed. Geneticky je dne\u0161n\u00ed slo\u017een\u00ed populac\u00ed Kairouan 75% Berbe\u0159i 25% Arabov\u00e9, kde\u017eto Wesletia 25% Berbe\u0159i a 75% Arabov\u00e9.<\/p>\n<p>Genetick\u00fd v\u00fdzkum financovan\u00fd EU a zve\u0159ejn\u011bn\u00fd vl\u00e1dou USA tak dok\u00e1zal, jak v\u00fdm\u011bna p\u016fvodn\u00edho obyvatelstva prob\u00edh\u00e1 ve shod\u011b se star\u00fdmi n\u011bmeck\u00fdmi v\u00fdzkumy, z oblast\u00ed, kde prob\u00edhala obdobn\u00e1 kolonizace Germ\u00e1n\u016f, kte\u0159\u00ed se po dobyt\u00ed usazovali na p\u016fvodn\u00edm slovansk\u00e9m \u00fazem\u00ed. Germ\u00e1n\u0161t\u00ed kolonist\u00e9 od dobyvatel\u016f, kte\u0159\u00ed p\u0159edstavovali novou elitu spravuj\u00edc\u00ed dobyt\u00e9 slovansk\u00e9 \u00fazem\u00ed, dost\u00e1vali tu nej\u00farodn\u011bj\u0161\u00ed p\u016fdu, kter\u00e1 byla odej\u00edm\u00e1na p\u016fvodn\u00edm hospod\u00e1\u0159\u016fm. Ti byli vytla\u010deni na m\u00e9n\u011b \u00farodn\u00e9 p\u016fdy, a m\u011bli tak mnohem men\u0161\u00ed \u0161anci, \u017ee jejich d\u011bti p\u0159e\u017eij\u00ed obdob\u00ed ne\u00farod, a \u017ee budou m\u00edt dostatek stravy pro sv\u016fj r\u016fst.\u00a0 Zaj\u00edmav\u00fdm v\u00fdsledkem t\u011bchto studi\u00ed byla hypot\u00e9za, \u017ee toto vystrkov\u00e1n\u00ed na okraj spole\u010dnosti \u00fasp\u011b\u0161n\u011b p\u0159e\u017eily komunity slovansk\u00fdch \u0159\u00ed\u010dn\u00edch a jezern\u00edch ryb\u00e1\u0159\u016f, proto\u017ee nov\u00ed germ\u00e1n\u0161t\u00ed osadn\u00edci byli zn\u00e1m\u00ed t\u00edm, \u017ee se vod\u011b a ryba\u0159en\u00ed na rozd\u00edl od Slovan\u016f vyh\u00fdbali jako \u010dert k\u0159\u00ed\u017ei. Tak se pr\u00fd t\u011bmto p\u016fvodn\u00edm slovansk\u00fdm ryb\u00e1\u0159\u016fm poda\u0159ilo l\u00e9pe asimilovat do nov\u00e9 germ\u00e1nsk\u00e9 populace, ne\u017e p\u016fvodn\u00edm slovansk\u00fdm zem\u011bd\u011blc\u016fm.<\/p>\n<p>Genetick\u00fd v\u00fdzkum arabsk\u00fdch v\u011bdc\u016f zjistil, \u017ee celkov\u00e1 tunisk\u00e1 populace, kterou nyn\u00ed kulturn\u011b tvo\u0159\u00ed tak\u0159ka v\u00fdlu\u010dn\u011b Arabov\u00e9, je geneticky slo\u017eena z p\u016fvodn\u00edch ne-arabsk\u00fdch obyvatel severn\u00ed Afriky (71,67 %), z imigrant\u016f z doby Kart\u00e1ga, a z arabsk\u00fdch muslimsk\u00fdch dobyvatel\u016f, kte\u0159\u00ed geneticky pat\u0159\u00ed k obyvatel\u016fm St\u0159edn\u00edho v\u00fdchodu (18,35 %), a v men\u0161\u00ed m\u00ed\u0159e z obyvatel subsaharsk\u00e9 Afriky ( 5,2 %), Evropy (3,45 %), a Asie (1,33 %). P\u016fvodn\u00ed obyvatelstvo tak p\u0159ejalo arabskou kulturu, n\u00e1bo\u017eenstv\u00ed, zvyky, a za stalet\u00ed se d\u016fkladn\u011b prom\u00edchalo. Historicky by v\u0161ak pod\u00edl gen\u016f evropsk\u00fdch imigrant\u016f z dob \u0158\u00edma po por\u00e1\u017ece Kart\u00e1ga, z doby migrace cel\u00e9ho germ\u00e1nsk\u00e9ho kmene\u00a0<a href=\"https:\/\/de.wikipedia.org\/wiki\/Vandalen#Das_vandalische_K%C3%B6nigreich_in_Nordafrika\">Vandal\u016f<\/a>, kte\u0159\u00ed Tunisku jist\u00fd \u010das vl\u00e1dli, ne\u017e byli pora\u017eeni a doslova vymaz\u00e1ni z historie,\u00a0 a z doby francouzsk\u00e9 kolonizace, m\u011bl b\u00fdt vy\u0161\u0161\u00ed. A to by pro n\u00e1s m\u011blo b\u00fdt varov\u00e1n\u00ed!<\/p>\n<p>Pokud jste n\u011bkdy nav\u0161t\u00edv\u00edte \u0159eck\u00fd ostrov Rhodos, zjist\u00edte nejen, \u017ee uprost\u0159ed m\u011bsta, kter\u00e9 bylo u\u017e za Starov\u011bku proslul\u00e9 jedn\u00edm ze 7 div\u016f sv\u011bta, stoj\u00ed obrovsk\u00e1 zachoval\u00e1 a fascinuj\u00edc\u00ed pevnost k\u0159i\u017e\u00e1k\u016f z 15. stolet\u00ed, ale tak\u00e9, \u017ee po dobyt\u00ed m\u011bsta Turky museli v\u0161ichni jeho obyvatel\u00e9 m\u011bsto opustit, a byli nahrazeni dobyvateli, kte\u0159\u00ed se usadili v jejich domech. Kdy\u017e Turci ztratili po stalet\u00edch nad Rhodem panstv\u00ed, Turci se z dom\u016f zase vyst\u011bhovali, a \u0158ekov\u00e9 se vr\u00e1tili. Dnes je Rhodos \u0159eck\u00fd, zat\u00edm.<\/p>\n<p>Vyst\u011bhov\u00e1n\u00ed p\u016fvodn\u00edch obyvatel z m\u011bsta, kde \u017eij\u00ed, nebo z jeho \u010d\u00e1sti, je nyn\u00ed \u010dast\u00fdm osudem Evropan\u016f ve Francii, \u0160v\u00e9dsku i D\u00e1nsku. Vyst\u011bhov\u00e1n\u00ed nen\u00ed na\u0159\u00edzeno rozkazem \u017e\u00e1dn\u00e9ho sult\u00e1na dobyvatele, jako v p\u0159\u00edpad\u011b Rhodu, ale chov\u00e1n\u00edm nov\u00fdch obyvatel neevropsk\u00e9ho p\u016fvodu,\u00a0<a href=\"https:\/\/rmx.news\/germany\/migrants-turn-german-city-of-plauen-into-no-go-zone\/\">kte\u0159\u00ed d\u016fsledn\u011b prosazuj\u00ed sv\u00e9 normy chov\u00e1n\u00ed<\/a>, kter\u00e9 nejsou pro p\u016fvodn\u00ed Evropany p\u0159ijateln\u00e9. Toto chov\u00e1n\u00ed nep\u0159izp\u016fsobiv\u00fdch imigrant\u016f p\u016fsob\u00ed obrovsk\u00e9 finan\u010dn\u00ed \u0161kody jak posti\u017een\u00fdm p\u016fvodn\u00edm obyvatel\u016fm, tak p\u016fvodn\u00edm obyvatel\u016f cel\u00e9ho st\u00e1tu. N\u00e1klady na zabezpe\u010den\u00ed imigrant\u016f neevropsk\u00e9ho p\u016fvodu u\u017e ruinuj\u00ed i n\u011bmeck\u00e9 ve\u0159ejn\u00e9 rozpo\u010dty. V dob\u011b, kdy Evropa pot\u0159ebuje modernizovat sv\u016fj zastaral\u00fd pr\u016fmysl, poskytnout podporu rodi\u010d\u016fm, aby mohli reprodukovat evropskou populaci, se do byt\u016f, bez kter\u00fdch se nelze reprodukovat, st\u011bhuje nov\u00e1 dotovan\u00e1 populace. Na\u0161e vlastn\u00ed elity se tak chovaj\u00ed podobn\u011b jako se v historii chovaly elity dobyvatel\u016f na dobyt\u00e9m \u00fazem\u00ed. Poskytuj\u00ed ekonomickou v\u00fdhodu, kterou v minulosti p\u0159edstavovala \u00farodn\u00e1 p\u016fda, dnes byty, dotace a soci\u00e1ln\u00ed d\u00e1vky, nov\u00fdm kolonist\u016f. P\u016fvodn\u00ed obyvatele zat\u011b\u017euj\u00ed st\u00e1le vy\u0161\u0161\u00edmi dan\u011bmi, tak \u017ee u\u017e nejsou schopni se reprodukovat. Stejn\u011b jako ve st\u0159edov\u011bk\u00e9m N\u011bmecku existovala skupina slovansk\u00fdch ryb\u00e1\u0159\u016f, kter\u00e1 p\u0159e\u017eila, i dnes jsou skupiny obyvatel, kter\u00fdm tento stav vyhovuje a p\u0159in\u00e1\u0161\u00ed jim ekonomickou v\u00fdhodu. Co \u010dek\u00e1 n\u00e1s ostatn\u00ed, popsal jako varov\u00e1n\u00ed v\u010dera Ernst Roets:<\/p>\n<p>Jihoafrick\u00fd spisovatel a filma\u0159 Ernst Roets v rozhovoru pro ma\u010farsk\u00e1 m\u00e9dia \u0159ekl, \u017ee je p\u0159ekvapen, jak jsou Evropan\u00e9 otev\u0159en\u00ed masov\u00e9 imigraci.\u00a0Varuje, \u017ee demografick\u00e9 d\u016fsledky budou obrovsk\u00e9, v\u010detn\u011b toho, \u017ee se Evropan\u00e9 stanou men\u0161inou ve sv\u00fdch vlastn\u00edch zem\u00edch.<\/p>\n<p>My p\u016fvodn\u00ed Evropan\u00e9 Ji\u017en\u00ed Afriky jsme byli p\u0159ekvapeni, kdy\u017e jsme se pod\u00edvali na Evropu, na to, jak jsou jej\u00ed zem\u011b otev\u0159en\u00e9, a jak n\u011bkte\u0159\u00ed lid\u00e9 prost\u011b p\u0159ij\u00edmaj\u00ed p\u0159ist\u011bhovalce, ani\u017e by si uv\u011bdomili, \u017ee se jednoho dne stanou men\u0161inou ve sv\u00e9 vlastn\u00ed zemi. A\u017e k tomu dojde, bude pozd\u011b. Proto jsem ji\u017e d\u0159\u00edve \u0159ekl, \u017ee demografie je kl\u00ed\u010dov\u00e1: R\u016fznorod\u00e1 kultura, n\u00e1dhern\u00e1 divadla, z\u00e1bava, univerzity a v\u0161e ostatn\u00ed bude lidem k ni\u010demu, pokud demografick\u00fd pod\u00edl p\u016fvodn\u00edho obyvatelstva klesne. A mysl\u00edm, \u017ee to plat\u00ed zejm\u00e9na pro Evropany a Ameri\u010dany, kte\u0159\u00ed si v t\u00e9to demografick\u00e9 skupin\u011b neuv\u011bdomuj\u00ed svou d\u016fle\u017eitost.<\/p>\n<p>Roets, kter\u00fd tak\u00e9 p\u016fsob\u00ed jako z\u00e1stupce gener\u00e1ln\u00edho \u0159editele spole\u010dnosti AfriForum, kter\u00e1 obhajuje pr\u00e1va B\u00far\u016f v Ji\u017en\u00ed Africe, \u0159\u00edk\u00e1, \u017ee mluv\u00ed z vlastn\u00ed zku\u0161enosti.\u00a0Jako \u010dlen jihoafrick\u00e9 b\u00farsk\u00e9 komunity z prvn\u00ed ruky pozoroval brut\u00e1ln\u00ed zp\u016fsob, jak\u00fdm je s b\u00edl\u00fdmi lidmi st\u00e1le v\u00edce zach\u00e1zeno v jihoafrick\u00e9 spole\u010dnosti, p\u0159i\u010dem\u017e n\u00e1sil\u00ed stoup\u00e1 sou\u010dasn\u011b s t\u00edm, jak b\u011blo\u0161i ztr\u00e1cej\u00ed politickou moc a d\u00e1le se zmen\u0161uj\u00ed na men\u0161inov\u00fd status.\u00a0Posun moci se prom\u00edtl do nep\u0159\u00e1telsk\u00e9 diskriminace a v n\u011bkter\u00fdch p\u0159\u00edpadech dokonce do p\u0159\u00edm\u00e9 vra\u017edy, v\u010detn\u011b \u010dlen\u016f jeho rodiny.<\/p>\n<p class=\"has-ek-indent\"><a href=\"https:\/\/www.amazon.com\/Kill-Boer-Government-Complicity-Africas-ebook\/dp\/B07N1QWT8G\">Kdy\u017e jsem psal svou knihu<\/a>, za\u010dal jsem t\u011bmito zpr\u00e1vami, abych zd\u016fraznil, jak velk\u00fd probl\u00e9m to je.\u00a0Krom\u011b toho je sou\u010d\u00e1st\u00ed m\u00e9 pr\u00e1ce pom\u00e1hat ob\u011btem.\u00a0Zn\u00e1m mnoho ob\u011bt\u00ed.\u00a0S mnoha z nich jsem se po \u00fatoc\u00edch setkal, ale abych pochopil z\u00e1va\u017enost probl\u00e9mu, mus\u00edm tak\u00e9 mluvit o t\u011bch, kter\u00e9 jsem znal, ne\u017e se stali ob\u011bt\u00ed brut\u00e1ln\u00edch \u00fatok\u016f.\u00a0Mohu jmenovat n\u011bkolik lid\u00ed, kte\u0159\u00ed byli zabiti na sv\u00fdch farm\u00e1ch, spolu s rodinn\u00fdmi p\u0159\u00edslu\u0161n\u00edky a p\u0159\u00e1teli, kte\u0159\u00ed p\u0159e\u017eili.\u00a0M\u011bl jsem kamar\u00e1da na st\u0159edn\u00ed \u0161kole, kter\u00fd ode\u0161el v noci z domu a najednou ho n\u011bkdo st\u0159elil do hlavy, kdy\u017e telefonoval.\u00a0Bratranec m\u00e9ho otce byl brut\u00e1ln\u011b zavra\u017ed\u011bn;\u00a0za\u010dali ho ml\u00e1tit kameny a pak mu probodli lebku vidlemi.<\/p>\n<p class=\"has-ek-indent\">Ob\u011bt\u00ed jedn\u00e9 z nejbrut\u00e1ln\u011bj\u0161\u00edch vra\u017ed na farm\u011b byli rodi\u010de jedn\u00e9 \u017eeny, kterou jsem znal.\u00a0Uv\u00e1zali jim kolem krku provazy a vl\u00e1\u010deli je po dom\u011b nahoru a dol\u016f.\u00a0\u017denin otec byl zavra\u017ed\u011bn str\u010den\u00edm sprchov\u00e9 hlavice do krku a st\u0159\u00edk\u00e1n\u00edm hork\u00e9 vody do \u017ealudku, co\u017e zp\u016fsobilo v\u00e1\u017en\u00e9 vnit\u0159n\u00ed pop\u00e1leniny. Nakonec byl zast\u0159elen brokovnic\u00ed. A to je jen n\u011bkolik p\u0159\u00edpad\u016f z mnoha.\u00a0N\u011bkte\u0159\u00ed byli up\u00e1leni pochodn\u011bmi, n\u011bkte\u0159\u00ed byli p\u0159iv\u00e1z\u00e1ni k zadn\u00ed \u010d\u00e1sti auta a vle\u010deni, dokud nezem\u0159eli. Jin\u00ed m\u011bli no\u017ei pod\u0159ezan\u00e9 krky. Dal\u0161\u00ed byli za \u017eiva roz\u0159ez\u00e1ni. Je hrozn\u00e9, jak jsou vrazi kreativn\u00ed.<\/p>\n<p>Roets v\u011bnoval svou knihu pam\u00e1tce Wilmieny Potgietera, kter\u00e9 byly pouh\u00e9 dva roky, kdy\u017e byla s celou svou rodinou zavra\u017ed\u011bna. Hol\u010di\u010dka se vr\u00e1tila dom\u016f se svou rodinou. Jej\u00ed otec byl ihned napaden. Byl\u00a0 151kr\u00e1t bodnut vidlemi, no\u017eem a ma\u010detou, a pot\u00e9 ho nechali um\u00edrat na zahrad\u011b s vidlemi zabodnut\u00fdmi do krku. K vra\u017ed\u011b ottce do\u0161lo p\u0159ed zraky man\u017eelky a dvoulet\u00e9 Wilmieny. Hol\u010di\u010dka byla n\u00e1sledn\u011b zast\u0159elena p\u0159ed vlastn\u00ed matkou, na\u010de\u017e byla matka odvle\u010dena do domu, p\u0159inucena kleknout a zast\u0159elena. Je to tak hrozn\u00e9, \u017ee na to ani nechcete myslet, ale existuje je\u0161t\u011b v\u00edce vra\u017ed, kter\u00e9 zahrnuj\u00ed i d\u011bti.<\/p>\n<p><a href=\"https:\/\/rmx.news\/crime\/2-algerian-illegal-migrants-arrested-for-rape-of-83-year-old-disabled-woman-in-france\/\">Obdobn\u011b brut\u00e1ln\u00ed jsou tito pachatel\u00e9 u\u017e i v Evrop\u011b<\/a>. V Pa\u0159\u00ed\u017ei se dva severoafri\u010dt\u00ed imigranti, ve v\u011bku 29 a 38 let, kte\u0159\u00ed ignorovali p\u0159\u00edkaz k vyho\u0161t\u011bn\u00ed z Francie vloupali do domu zdravotn\u011b posti\u017een\u00e9 83 let\u00e9 \u017eeny a n\u011bkolik hodin ji zn\u00e1sil\u0148ovali, a potom oloupili o 50 EUR a utekli. Co dodat? Jak se m\u00e1 zdravotn\u011b posti\u017een\u00e1 83 let\u00e1 \u017eena br\u00e1nit t\u011bmto imigrant\u016fm. Kdy\u017e bezbrann\u00e9 je cel\u00e1 n\u011bmeck\u00e1 policie proti chov\u00e1n\u00ed nep\u0159izp\u016fsobiv\u00fdch imigrant\u016f, kte\u0159\u00ed nyn\u00ed terorizuj\u00ed n\u011bmeck\u00e9 m\u011bsto Plauen!\u00a0<a href=\"https:\/\/rmx.news\/germany\/migrants-turn-german-city-of-plauen-into-no-go-zone\/\">A m\u011bn\u00ed jej v novou NO-GO z\u00f3nu<\/a>. Zam\u011bstnanci obchod\u016f ve m\u011bst\u011b se mus\u00ed do pr\u00e1ce pl\u00ed\u017eit zadn\u00edmi vchody. Majitel\u00e9 obchod\u016f nemaj\u00ed tr\u017eby, proto\u017ee nikdo se do m\u011bsta u\u017e neodva\u017euje j\u00edt nakupovat. Starosta Plauen si zt\u011b\u017euje, \u017ee 40 procent ne-ukrajinsk\u00fdch migrant\u016f ve m\u011bst\u011b m\u00e1 p\u0159\u00edkaz k deportaci, ale nen\u00ed s\u00edly, kter\u00e1 by je z N\u011bmecka a Evropy dostala!<a href=\"https:\/\/jungefreiheit.de\/politik\/deutschland\/2023\/polizisten-wollen-weg\/\">\u00a0Doslova skand\u00e1l vypukl v Dortmundu<\/a>, kdysi\u00a0<a href=\"https:\/\/de.wikipedia.org\/wiki\/Dortmund#Wirtschaft\">perle n\u011bmeck\u00e9ho pr\u016fmyslu<\/a>. Policist\u00e9 dostali z\u00e1kaz prov\u00e1d\u011bt kontroly imigrant\u016f, a to hlavn\u011b v t\u011bch \u010d\u00e1stech m\u011bsta, kde u\u017e jin\u00ed obyvatel\u00e9, ne\u017e imigranti ne\u017eij\u00ed. M\u00edsto kontrol, plat\u00ed nov\u00e9 na\u0159\u00edzen\u00ed, p\u00edt s imigranty k\u00e1vu, a nev\u0161\u00edmat si jich! A v\u00edte pro\u010d? Proto\u017ee n\u011bmeck\u00e1 vl\u00e1da a bruselsk\u00e1 komise, se p\u0159ed p\u00e1r dny se\u0161ly na nejvy\u0161\u0161\u00ed \u00farovni, a chystaj\u00ed t\u0159i razantn\u00ed nov\u00e1 opat\u0159en\u00ed:<\/p>\n<ol>\n<li><a href=\"https:\/\/twitter.com\/BMI_Bund\/status\/1653406029080670209\">Solid\u00e1rn\u00ed p\u0159erozd\u011blov\u00e1n\u00ed uprchl\u00edk\u016f z N\u011bmecka do cel\u00e9 Evropy!<\/a>\u00a0(Do \u010ceska a na Slovensko!)<\/li>\n<li><a href=\"https:\/\/twitter.com\/BDMOFA\/status\/1653352669866520579\">\u0158\u00edzen\u00fd dovoz ne-evropsk\u00fdch imigrant\u016f z Banglad\u00e9\u0161e<\/a>!<\/li>\n<li><a href=\"https:\/\/twitter.com\/YlvaJohansson\/status\/1655543528200577029\">Masivn\u00ed dovoz imigrant\u016f do \u0160pan\u011blska na pr\u00e1ci<\/a>! Ve \u0161pan\u011blsku maj\u00ed tito imigranti pracovat v nov\u00fdch tov\u00e1rn\u00e1ch na elektromobily a novou zelenou energetiku, kter\u00e9 se za masivn\u00ed bruselsk\u00e9 dotace p\u0159ednostn\u011b ve \u0160pan\u011blsku stav\u00ed.<a href=\"https:\/\/www.michalapetr.com\/map-1677-fiala-tresta-danemi-a-odvody-cechy-kteri-pracuji-nejvice-v-evrope-nikdo-to-nedela-protoze-nikdo-nezivi-tolik-premnozenych-statnich-uredniku-jako-fiala\/\">\u00a0\u0160pan\u011blsko m\u00e1 nejvy\u0161\u0161\u00ed nezam\u011bstnanost v EU \u2013 skoro 14%<\/a>, a proto dost\u00e1v\u00e1 n\u011bkolikan\u00e1sobn\u011b vy\u0161\u0161\u00ed dotace ne\u017e \u010ce\u0161i a Slov\u00e1ci. Ov\u0161em v tov\u00e1rn\u00e1ch maj\u00ed pracovat imigranti! M\u00e1 to logiku?<\/li>\n<\/ol>\n<p>Jak \u0159ekl v\u010dera v Ma\u010farsku spisovatel Roets, a\u017e se proberete z letargie, bude pozd\u011b! Budete nahrazeni nov\u00fdmi obyvately Evropy, p\u0159esn\u011b podle pl\u00e1nu \u2026.. pokra\u010dov\u00e1n\u00ed p\u0159\u00ed\u0161t\u011b!<\/p>\n<p><a href=\"https:\/\/www.michalapetr.com\/map-1685-brutalni-vyhlazovani-puvodnich-evropanu-nejdesivejsi-analyza-kterou-jste-kdy-cetli\/\">Michael Svato\u0161<\/a><\/p>\n<p><img decoding=\"async\" loading=\"lazy\" class=\"alignnone size-full wp-image-27204\" src=\"http:\/\/www.infokuryr.cz\/n\/wp-content\/uploads\/2023\/05\/Michael_Svatos.png\" alt=\"\" width=\"180\" height=\"180\" srcset=\"https:\/\/www.infokuryr.cz\/n\/wp-content\/uploads\/2023\/05\/Michael_Svatos.png 180w, https:\/\/www.infokuryr.cz\/n\/wp-content\/uploads\/2023\/05\/Michael_Svatos-150x150.png 150w\" sizes=\"(max-width: 180px) 100vw, 180px\" \/><\/p>\n<p>_____________________<\/p>\n<p>&nbsp;<\/p>\n<p>&nbsp;<\/p>\n<p><img decoding=\"async\" loading=\"lazy\" class=\"wp-image-19187 aligncenter\" src=\"http:\/\/www.infokuryr.cz\/n\/wp-content\/uploads\/2022\/12\/1-PRO-300x36.jpg\" alt=\"\" width=\"1258\" height=\"151\" srcset=\"https:\/\/www.infokuryr.cz\/n\/wp-content\/uploads\/2022\/12\/1-PRO-300x36.jpg 300w, https:\/\/www.infokuryr.cz\/n\/wp-content\/uploads\/2022\/12\/1-PRO.jpg 699w\" sizes=\"(max-width: 1258px) 100vw, 1258px\" \/><\/p>\n<p>&nbsp;<\/p>\n<p>&nbsp;<\/p>\n<p>&nbsp;<\/p>\n","protected":false},"excerpt":{"rendered":"<p>N\u011bmecko chce sv\u00e9 nep\u0159izp\u016fsobiv\u00e9 uprchl\u00edky nast\u011bhovat i do \u010cech a na Slovensko! Dne\u0161n\u00ed anal\u00fdza obsahuje&#8230;<\/p>\n","protected":false},"author":2,"featured_media":25221,"comment_status":"closed","ping_status":"closed","sticky":false,"template":"","format":"standard","meta":[],"categories":[6],"tags":[1042,119,84,148],"_links":{"self":[{"href":"https:\/\/www.infokuryr.cz\/n\/wp-json\/wp\/v2\/posts\/28629"}],"collection":[{"href":"https:\/\/www.infokuryr.cz\/n\/wp-json\/wp\/v2\/posts"}],"about":[{"href":"https:\/\/www.infokuryr.cz\/n\/wp-json\/wp\/v2\/types\/post"}],"author":[{"embeddable":true,"href":"https:\/\/www.infokuryr.cz\/n\/wp-json\/wp\/v2\/users\/2"}],"replies":[{"embeddable":true,"href":"https:\/\/www.infokuryr.cz\/n\/wp-json\/wp\/v2\/comments?post=28629"}],"version-history":[{"count":0,"href":"https:\/\/www.infokuryr.cz\/n\/wp-json\/wp\/v2\/posts\/28629\/revisions"}],"wp:featuredmedia":[{"embeddable":true,"href":"https:\/\/www.infokuryr.cz\/n\/wp-json\/wp\/v2\/media\/25221"}],"wp:attachment":[{"href":"https:\/\/www.infokuryr.cz\/n\/wp-json\/wp\/v2\/media?parent=28629"}],"wp:term":[{"taxonomy":"category","embeddable":true,"href":"https:\/\/www.infokuryr.cz\/n\/wp-json\/wp\/v2\/categories?post=28629"},{"taxonomy":"post_tag","embeddable":true,"href":"https:\/\/www.infokuryr.cz\/n\/wp-json\/wp\/v2\/tags?post=28629"}],"curies":[{"name":"wp","href":"https:\/\/api.w.org\/{rel}","templated":true}]}}