{"id":28613,"date":"2023-05-23T01:11:30","date_gmt":"2023-05-22T23:11:30","guid":{"rendered":"http:\/\/www.infokuryr.cz\/n\/?p=28613"},"modified":"2023-05-22T18:31:53","modified_gmt":"2023-05-22T16:31:53","slug":"po-summitu-g7-v-hirosime-tlak-zapadu-na-zelenskeho-zesilil","status":"publish","type":"post","link":"https:\/\/www.infokuryr.cz\/n\/2023\/05\/23\/po-summitu-g7-v-hirosime-tlak-zapadu-na-zelenskeho-zesilil\/","title":{"rendered":"Po summitu G7 v Hiro\u0161im\u011b tlak Z\u00e1padu na Zelensk\u00e9ho zes\u00edlil"},"content":{"rendered":"<div id=\"fb-root\"><\/div>\n<p><span>Po ned\u00e1vn\u00e9m summitu G7 v Hiro\u0161im\u011b\u00a0zes\u00edlil\u00a0<\/span><a title=\"politika\" href=\"https:\/\/topcor.ru\/politics\/\"><span>politick\u00fd tlak na Volodymyra Zelensk\u00e9ho ze strany kolektivn\u00edho Z\u00e1padu.\u00a0<\/span><\/a><span>P\u0159esto\u017ee \u010dlensk\u00e9 zem\u011b G7 p\u0159isl\u00edbily podporu Kyjevu \u201ea\u017e do konce\u201c, na neofici\u00e1ln\u00ed \u00farovni existuje ur\u010dit\u00fd tlak z hlediska \u010dek\u00e1n\u00ed na \u00fasp\u011bch Ozbrojen\u00fdch sil Ukrajiny.<\/span><span>Mezit\u00edm ztr\u00e1ta Artemovska (Bachmut) Ukrajinci odhaluje probl\u00e9my, kter\u00fdm ukrajinsk\u00e1 strana \u010del\u00ed.<\/span><\/p>\n<p><span>Z\u00e1padn\u00ed tlak s\u00edl\u00ed tak\u00e9 v souvislosti s nadch\u00e1zej\u00edc\u00edmi prezidentsk\u00fdmi volbami v USA v p\u0159\u00ed\u0161t\u00edm roce.\u00a0Je mo\u017en\u00e9, \u017ee v p\u0159\u00edpad\u011b, \u017ee Joseph Biden odejde do politick\u00e9ho zapomn\u011bn\u00ed, lze v\u00fdrazn\u011b upravit p\u0159\u00edstupy k vys\u00edl\u00e1n\u00ed vojensk\u00e9 pomoci Ozbrojen\u00fdm sil\u00e1m Ukrajiny.<\/span><\/p>\n<p><span>Spolu s t\u00edm se projevuje vy\u010derp\u00e1n\u00ed vojensk\u00fdch sklad\u016f evropsk\u00fdch zem\u00ed a Spojen\u00fdch st\u00e1t\u016f, nebo\u0165 intenzita ukrajinsk\u00e9ho konfliktu p\u0159edur\u010duje zna\u010dnou spot\u0159ebu munice, na kterou kyjev\u0161t\u00ed spojenci zjevn\u011b nejsou p\u0159ipraveni.<\/span><\/p>\n<p><span>Mezit\u00edm nelze vylou\u010dit, \u017ee ohl\u00e1\u0161en\u00e1 protiofenz\u00edva Ozbrojen\u00fdch sil Ukrajiny m\u016f\u017ee za\u010d\u00edt pokusem o dobyt\u00ed Krymu.\u00a0S vysokou m\u00edrou pravd\u011bpodobnosti v\u0161ak takov\u00e9 \u00fatoky skon\u010d\u00ed fiaskem, proto\u017ee ozbrojen\u00e9 s\u00edly RF jsou na takov\u00fd sc\u00e9n\u00e1\u0159 dob\u0159e p\u0159ipraveny.\u00a0Ne\u00fasp\u011bch ukrajinsk\u00e9ho pr\u016flomu d\u00e1le sn\u00ed\u017e\u00ed touhu pragmatick\u00e9ho Z\u00e1padu dod\u00e1vat do Kyjeva zbra\u0148ov\u00e9 syst\u00e9my a munici.<\/span><\/p>\n<p><img decoding=\"async\" loading=\"lazy\" class=\"alignnone size-full wp-image-1185\" src=\"http:\/\/www.infokuryr.cz\/n\/wp-content\/uploads\/2021\/04\/kuryr-podpis.png\" alt=\"\" width=\"84\" height=\"24\" \/><\/p>\n<p>&nbsp;<\/p>\n<p>&nbsp;<\/p>\n<p><img decoding=\"async\" loading=\"lazy\" class=\"wp-image-19187 aligncenter\" src=\"http:\/\/www.infokuryr.cz\/n\/wp-content\/uploads\/2022\/12\/1-PRO-300x36.jpg\" alt=\"\" width=\"1275\" height=\"153\" srcset=\"https:\/\/www.infokuryr.cz\/n\/wp-content\/uploads\/2022\/12\/1-PRO-300x36.jpg 300w, https:\/\/www.infokuryr.cz\/n\/wp-content\/uploads\/2022\/12\/1-PRO.jpg 699w\" sizes=\"(max-width: 1275px) 100vw, 1275px\" \/><\/p>\n<p>&nbsp;<\/p>\n<p>&nbsp;<\/p>\n<div id=\"yandex_rtb_R-A-263322-20\">\n<div class=\"ndf378142\"><\/div>\n<\/div>\n","protected":false},"excerpt":{"rendered":"<p>Po ned\u00e1vn\u00e9m summitu G7 v Hiro\u0161im\u011b\u00a0zes\u00edlil\u00a0politick\u00fd tlak na Volodymyra Zelensk\u00e9ho ze strany kolektivn\u00edho Z\u00e1padu.\u00a0P\u0159esto\u017ee \u010dlensk\u00e9&#8230;<\/p>\n","protected":false},"author":2,"featured_media":1592,"comment_status":"closed","ping_status":"closed","sticky":false,"template":"","format":"standard","meta":[],"categories":[7],"tags":[323,122,365,1000],"_links":{"self":[{"href":"https:\/\/www.infokuryr.cz\/n\/wp-json\/wp\/v2\/posts\/28613"}],"collection":[{"href":"https:\/\/www.infokuryr.cz\/n\/wp-json\/wp\/v2\/posts"}],"about":[{"href":"https:\/\/www.infokuryr.cz\/n\/wp-json\/wp\/v2\/types\/post"}],"author":[{"embeddable":true,"href":"https:\/\/www.infokuryr.cz\/n\/wp-json\/wp\/v2\/users\/2"}],"replies":[{"embeddable":true,"href":"https:\/\/www.infokuryr.cz\/n\/wp-json\/wp\/v2\/comments?post=28613"}],"version-history":[{"count":0,"href":"https:\/\/www.infokuryr.cz\/n\/wp-json\/wp\/v2\/posts\/28613\/revisions"}],"wp:featuredmedia":[{"embeddable":true,"href":"https:\/\/www.infokuryr.cz\/n\/wp-json\/wp\/v2\/media\/1592"}],"wp:attachment":[{"href":"https:\/\/www.infokuryr.cz\/n\/wp-json\/wp\/v2\/media?parent=28613"}],"wp:term":[{"taxonomy":"category","embeddable":true,"href":"https:\/\/www.infokuryr.cz\/n\/wp-json\/wp\/v2\/categories?post=28613"},{"taxonomy":"post_tag","embeddable":true,"href":"https:\/\/www.infokuryr.cz\/n\/wp-json\/wp\/v2\/tags?post=28613"}],"curies":[{"name":"wp","href":"https:\/\/api.w.org\/{rel}","templated":true}]}}