{"id":28599,"date":"2023-05-23T01:04:54","date_gmt":"2023-05-22T23:04:54","guid":{"rendered":"http:\/\/www.infokuryr.cz\/n\/?p=28599"},"modified":"2023-05-22T17:11:11","modified_gmt":"2023-05-22T15:11:11","slug":"kam-zmizely-vsechny-penize-organizovana-ukrajinska-armada-ztraci-klicovou-bastu-ve-prospech-ruskych-zoldaku","status":"publish","type":"post","link":"https:\/\/www.infokuryr.cz\/n\/2023\/05\/23\/kam-zmizely-vsechny-penize-organizovana-ukrajinska-armada-ztraci-klicovou-bastu-ve-prospech-ruskych-zoldaku\/","title":{"rendered":"Kam zmizely v\u0161echny pen\u00edze? Organizovan\u00e1 ukrajinsk\u00e1 arm\u00e1da ztr\u00e1c\u00ed kl\u00ed\u010dovou ba\u0161tu ve prosp\u011bch rusk\u00fdch \u017eold\u00e1k\u016f"},"content":{"rendered":"<div id=\"fb-root\"><\/div>\n<div class=\"elementor-element elementor-element-1fb4c2c elementor-widget elementor-widget-theme-post-content\" data-id=\"1fb4c2c\" data-element_type=\"widget\" data-widget_type=\"theme-post-content.default\">\n<div class=\"elementor-widget-container\">\n<p><span style=\"font-size: 14pt;\"><strong>O 150 miliard dolar\u016f pozd\u011bji z\u016fst\u00e1vaj\u00ed Ameri\u010dan\u016fm nezodpov\u011bzen\u00e9 ot\u00e1zky t\u00fdkaj\u00edc\u00ed se bojuj\u00edc\u00edch kyjevsk\u00fdch ozbrojen\u00fdch sil.<\/strong><\/span><\/p>\n<p><span>P\u0159esn\u011b p\u0159ed p\u011bti m\u011bs\u00edci pronesl ukrajinsk\u00fd prezident Volodymyr Zelenskij dnes nechvaln\u011b zn\u00e1m\u00fd projev v Kongresu USA.\u00a0Zelenskyj ve sv\u00e9m projevu odv\u00e1\u017en\u011b prohl\u00e1sil m\u011bsto Bachmut za <strong>\u201epevnost sv\u00e9 zem\u011b na v\u00fdchod\u011b\u201c<\/strong> a dodal: <strong>\u201eBoj o Bachmut zm\u011bn\u00ed pr\u016fb\u011bh na\u0161\u00ed v\u00e1lky za nez\u00e1vislost a svobodu.\u201c<\/strong><\/span><\/p>\n<p><span>Zelenskyj pak daroval Nancy Pelosiov\u00e9 a Kamale Harrisov\u00e9 vlajku, o kter\u00e9 tvrdil, \u017ee poch\u00e1zel od voj\u00e1k\u016f z Bachmutu, co\u017e bylo v t\u00e9 dob\u011b bou\u0159liv\u011b zm\u00edtan\u00e9 boji\u0161t\u011b. Za bou\u0159liv\u00e9ho potlesku \u0159ekl:<\/p>\n<p><\/span><\/p>\n<div class=\"wp-block-image\">\n<figure class=\"aligncenter size-large\"><img decoding=\"async\" loading=\"lazy\" class=\"jetpack-lazy-image jetpack-lazy-image--handled aligncenter\" src=\"https:\/\/i0.wp.com\/substackcdn.com\/image\/fetch\/w_1456,c_limit,f_webp,q_auto:good,fl_progressive:steep\/https%3A%2F%2Fsubstack-post-media.s3.amazonaws.com%2Fpublic%2Fimages%2F772b79c5-e2da-4352-9af5-197146837385_1920x1080.jpeg?w=800&amp;ssl=1\" alt=\"\" width=\"757\" height=\"426\" data-recalc-dims=\"1\" data-lazy-loaded=\"1\" \/><\/figure>\n<\/div>\n<blockquote class=\"wp-block-quote\">\n<p style=\"text-align: center;\"><em><span>&#8222;Nechte tuto vlajku u v\u00e1s, d\u00e1my a p\u00e1nov\u00e9.&#8220;\u00a0Tato vlajka je symbolem na\u0161eho v\u00edt\u011bzstv\u00ed v t\u00e9to v\u00e1lce.\u00a0Stoj\u00edme, bojujeme a vyhrajeme, proto\u017ee jsme jednotn\u00ed \u2013 Ukrajina, Amerika a cel\u00fd svobodn\u00fd sv\u011bt.\u201c<\/span><\/em><\/p>\n<\/blockquote>\n<p><span>Zelensk\u00e9ho odv\u00e1\u017en\u00e9 prohl\u00e1\u0161en\u00ed se nenaplnilo.\u00a0Tento v\u00edkend Wagnerova skupina, \u017eoldn\u00e9\u0159sk\u00fd a represivn\u00ed prapor loaj\u00e1ln\u00ed\u00a0 Moskv\u011b, zcela ovl\u00e1dla m\u011bsto a kr\u00e1tce nato vyhl\u00e1sila v\u00edt\u011bzstv\u00ed.<\/p>\n<p><\/span><\/p>\n<div class=\"wp-block-image\" style=\"text-align: center;\">\n<figure class=\"aligncenter size-large\"><img decoding=\"async\" loading=\"lazy\" class=\"jetpack-lazy-image jetpack-lazy-image--handled aligncenter\" src=\"https:\/\/i0.wp.com\/substackcdn.com\/image\/fetch\/w_1456,c_limit,f_webp,q_auto:good,fl_progressive:steep\/https%3A%2F%2Fsubstack-post-media.s3.amazonaws.com%2Fpublic%2Fimages%2Fff83aaf2-419a-4943-916c-4daa2c573466_1200x673.jpeg?w=800&amp;ssl=1\" alt=\"\" width=\"795\" height=\"445\" data-recalc-dims=\"1\" data-lazy-loaded=\"1\" \/><figcaption class=\"wp-element-caption\"><em>L\u00eddr Wagnerovy skupiny Jevgenij Prigo\u017ein deklaruje v\u00edt\u011bzstv\u00ed v Bachmutu<\/em><\/figcaption><\/figure>\n<\/div>\n<p><span>Korpor\u00e1tn\u00ed m\u00e9dia kdysi pova\u017eovala Bachmut za strategick\u00fd a <strong>\u201esymbol hrdinsk\u00e9ho odporu\u201c<\/strong>. Ale nyn\u00ed, po p\u00e1du Bachmuta, m\u00e9dia a vl\u00e1dy spojenc\u016f NATO d\u011blaj\u00ed kontrolu \u0161kod t\u00edm, \u017ee tuto zni\u010duj\u00edc\u00ed ztr\u00e1tu na boji\u0161ti odm\u00edtaj\u00ed jako bezv\u00fdznamnou. Ale bez ohledu na to, jak to p\u0159ekrout\u00edte, ukrajinsk\u00e1 ztr\u00e1ta Bachmuta je velk\u00e1 v\u011bc. Rusko dobylo m\u011bsto, kter\u00e9 jeho vojensk\u00fdm sil\u00e1m umo\u017e\u0148uje naru\u0161it \u017eivotn\u011b d\u016fle\u017eit\u00e9 z\u00e1sobovac\u00ed linky. Otev\u00edr\u00e1 tak\u00e9 cestu k \u00fatoku na n\u011bkolik dal\u0161\u00edch ukrajinsk\u00fdch m\u011bst.<\/p>\n<p><\/span><\/p>\n<figure class=\"wp-block-embed is-type-video is-provider-youtube wp-block-embed-youtube wp-embed-aspect-16-9 wp-has-aspect-ratio\">\n<div class=\"wp-block-embed__wrapper\"><iframe loading=\"lazy\" title=\"V\u00e1lka na Ukrajin\u011b: Prezident Volodymyr Zelenskyj \u0159\u00edk\u00e1, \u017ee Bakhmut je \u201ezni\u010den\u201c\" src=\"https:\/\/www.youtube.com\/embed\/czwVyBh5HrI?feature=oembed\" width=\"800\" height=\"450\" frameborder=\"0\" allowfullscreen=\"allowfullscreen\" data-mce-fragment=\"1\"><\/iframe><\/div>\n<\/figure>\n<p><span>Mezit\u00edm jsou Ameri\u010dan\u00e9 nad\u00e1le drancov\u00e1ni na\u0161\u00ed vlastn\u00ed vl\u00e1dou, aby dotovala Kyjev a nakrmila st\u00e1le ochablou ukrajinskou arm\u00e1du.\u00a0Sp\u00ed\u0161e ne\u017e aby p\u0159evzala potenci\u00e1ln\u00ed roli prost\u0159edn\u00edka a usnad\u0148ovala m\u00edrov\u00e1 jedn\u00e1n\u00ed, je Bidenova administrativa antagonistickou silou, kter\u00e1 usnad\u0148uje st\u00e1l\u00e9 dod\u00e1vky t\u011b\u017ek\u00fdch zbran\u00ed a dal\u0161\u00edho materi\u00e1lu na st\u00e1le v\u00edce v\u00e1lkou zm\u00edtanou Ukrajinu.\u00a0B\u00edl\u00fd d\u016fm v p\u00e1tek ozn\u00e1mil pl\u00e1ny na z\u00e1sobov\u00e1n\u00ed ukrajinsk\u00e9 arm\u00e1dy st\u00edha\u010dkami F-16.\u00a0Bidenova administrativa tak\u00e9 ozn\u00e1mila dodate\u010dn\u00fdch 375 milion\u016f dolar\u016f na zbran\u011b a dod\u00e1vky pro Ukrajinu, \u010d\u00edm\u017e podtrhla sv\u016fj z\u00e1vazek k v\u00e1le\u010dn\u00e9mu \u00fasil\u00ed.<\/span><\/p>\n<p><span>Navzdory nar\u016fstaj\u00edc\u00edm ztr\u00e1t\u00e1m Ukrajiny cht\u011bj\u00ed odp\u016frci Uniparty ve Washingtonu DC a Bruselu co nejv\u00edce roz\u0161\u00ed\u0159it boji\u0161t\u011b a v p\u0159\u00edpad\u011b pot\u0159eby \u201ebojovat\u201c na d\u00e1lku a\u017e do posledn\u00edho Ukrajince.\u00a0Maj\u00ed velk\u00e9 pl\u00e1ny na \u201eproti\u00fatok\u201c na Rusy kontrolovan\u00e1 m\u011bsta a cht\u011bj\u00ed v t\u00e9to v\u00e1lce pokra\u010dovat do konce, aby financovali obohacov\u00e1n\u00ed sv\u00fdch dobrodinc\u016f.<\/span><\/p>\n<p><span>Od Ameri\u010dan\u016f bylo uloupeno hodn\u011b p\u0159es sto miliard dolar\u016f a nejv\u011bt\u0161\u00ed sponzo\u0159i Slava Slush Fund z\u016fstali viditeln\u011b ml\u010det, kdy\u017e se pokou\u0161eli vinit ukrajinskou vojenskou por\u00e1\u017eku u Bachmutu na s\u00ed\u0165 rusk\u00fdch \u017eold\u00e1k\u016f.\u00a0Kde p\u0159esn\u011b skon\u010dila pomoc americk\u00e9ho da\u0148ov\u00e9ho poplatn\u00edka ve v\u00fd\u0161i 150 miliard dolar\u016f a kdy, pokud v\u016fbec n\u011bkdy, budou odpov\u011bdn\u00ed uva\u017eovat o uzav\u0159en\u00ed m\u00edrov\u00e9 dohody pro dobro lidstva?<\/span><\/p>\n<\/div>\n<\/div>\n<div class=\"elementor-element elementor-element-8c57238 quelle dc-has-condition dc-condition-empty elementor-widget elementor-widget-heading\" data-id=\"8c57238\" data-element_type=\"widget\" data-widget_type=\"heading.default\">\n<div class=\"elementor-widget-container\">\n<h3 class=\"elementor-heading-title elementor-size-default\"><span style=\"font-size: 8pt;\"><a href=\"https:\/\/www.dossier.today\/p\/where-did-all-the-money-go-ukraines?utm_source=post-email-title&amp;publication_id=69009&amp;post_id=122861375&amp;isFreemail=true&amp;utm_medium=email\" target=\"_blank\" rel=\"nofollow noopener\">ZDROJ<\/a><\/p>\n<p><img decoding=\"async\" loading=\"lazy\" class=\"wp-image-19187 aligncenter\" src=\"http:\/\/www.infokuryr.cz\/n\/wp-content\/uploads\/2022\/12\/1-PRO-300x36.jpg\" alt=\"\" width=\"1258\" height=\"151\" srcset=\"https:\/\/www.infokuryr.cz\/n\/wp-content\/uploads\/2022\/12\/1-PRO-300x36.jpg 300w, https:\/\/www.infokuryr.cz\/n\/wp-content\/uploads\/2022\/12\/1-PRO.jpg 699w\" sizes=\"(max-width: 1258px) 100vw, 1258px\" \/><\/p>\n<p><\/span><\/h3>\n<\/div>\n<\/div>\n","protected":false},"excerpt":{"rendered":"<p>O 150 miliard dolar\u016f pozd\u011bji z\u016fst\u00e1vaj\u00ed Ameri\u010dan\u016fm nezodpov\u011bzen\u00e9 ot\u00e1zky t\u00fdkaj\u00edc\u00ed se bojuj\u00edc\u00edch kyjevsk\u00fdch ozbrojen\u00fdch sil&#8230;.<\/p>\n","protected":false},"author":2,"featured_media":21969,"comment_status":"closed","ping_status":"closed","sticky":false,"template":"","format":"standard","meta":[],"categories":[7],"tags":[80,4512,604,90,1000],"_links":{"self":[{"href":"https:\/\/www.infokuryr.cz\/n\/wp-json\/wp\/v2\/posts\/28599"}],"collection":[{"href":"https:\/\/www.infokuryr.cz\/n\/wp-json\/wp\/v2\/posts"}],"about":[{"href":"https:\/\/www.infokuryr.cz\/n\/wp-json\/wp\/v2\/types\/post"}],"author":[{"embeddable":true,"href":"https:\/\/www.infokuryr.cz\/n\/wp-json\/wp\/v2\/users\/2"}],"replies":[{"embeddable":true,"href":"https:\/\/www.infokuryr.cz\/n\/wp-json\/wp\/v2\/comments?post=28599"}],"version-history":[{"count":0,"href":"https:\/\/www.infokuryr.cz\/n\/wp-json\/wp\/v2\/posts\/28599\/revisions"}],"wp:featuredmedia":[{"embeddable":true,"href":"https:\/\/www.infokuryr.cz\/n\/wp-json\/wp\/v2\/media\/21969"}],"wp:attachment":[{"href":"https:\/\/www.infokuryr.cz\/n\/wp-json\/wp\/v2\/media?parent=28599"}],"wp:term":[{"taxonomy":"category","embeddable":true,"href":"https:\/\/www.infokuryr.cz\/n\/wp-json\/wp\/v2\/categories?post=28599"},{"taxonomy":"post_tag","embeddable":true,"href":"https:\/\/www.infokuryr.cz\/n\/wp-json\/wp\/v2\/tags?post=28599"}],"curies":[{"name":"wp","href":"https:\/\/api.w.org\/{rel}","templated":true}]}}