{"id":2857,"date":"2021-06-27T05:58:36","date_gmt":"2021-06-27T03:58:36","guid":{"rendered":"http:\/\/www.infokuryr.cz\/n\/?p=2857"},"modified":"2021-06-27T05:58:36","modified_gmt":"2021-06-27T03:58:36","slug":"zapadni-diplomate-pochodovali-na-varsavskem-lgbt-pochodu-pychy-ti-lide-jsou-ovladnuti-destruktivnim-politickym-silenstvi-nazval-to-polsky-poslanec","status":"publish","type":"post","link":"https:\/\/www.infokuryr.cz\/n\/2021\/06\/27\/zapadni-diplomate-pochodovali-na-varsavskem-lgbt-pochodu-pychy-ti-lide-jsou-ovladnuti-destruktivnim-politickym-silenstvi-nazval-to-polsky-poslanec\/","title":{"rendered":"Z\u00e1padn\u00ed diplomat\u00e9 pochodovali na var\u0161avsk\u00e9m LGBT pochodu p\u00fdchy. \u201cTi lid\u00e9 jsou ovl\u00e1dnut\u00ed destruktivn\u00edm politick\u00fdm \u0161\u00edlenstv\u00ed\u201d, nazval to polsk\u00fd poslanec"},"content":{"rendered":"<div id=\"fb-root\"><\/div>\n<p><strong>\u00da\u010dast\u00a0<a href=\"https:\/\/abcnews.go.com\/International\/wireStory\/warsaw-pride-parade-back-pandemic-break-backlash-78373177\">14 z\u00e1padn\u00edch diplomat\u016f<\/a>\u00a0na ned\u00e1vn\u00e9m pochodu p\u00fdchy Warsaw pride pobou\u0159ila polsk\u00e9 poslance<\/strong>. Prof. Ryszard Legutko z vl\u00e1dn\u00ed strany PiS prohl\u00e1sil, \u017ee ciz\u00ed diplomat\u00e9 maj\u00ed dodr\u017eovat politickou neutralitu a n\u00e9 se pl\u00e9st do vnit\u0159n\u00edch polsk\u00fdch z\u00e1le\u017eitost\u00ed.\u00a0<strong>Sou\u010dasn\u011b si posteskl, \u017ee mnoho lid\u00ed na Z\u00e1pad\u011b bylo ovl\u00e1dnuto ideou destruktivn\u00edho politick\u00e9ho \u0161\u00edlenstv\u00ed. Ve\u0159ejn\u011b se podivil, kde bere hnut\u00ed LGBT takovou ob\u0159\u00ed podporu ze strany z\u00e1padn\u00edch instituc\u00ed a korporac\u00ed. Kdo za t\u00edm stoj\u00ed se ale ji\u017e \u0159\u00edct neodv\u00e1\u017eil.<\/strong><\/p>\n<p>Pochod a celou agresivn\u00ed LGBT propagandu rovn\u011b\u017e odsoudil polsk\u00fd arcibiskup,\u00a0<strong>kter\u00fd to nazval LGBT morem<\/strong>. V\u011bt\u0161inov\u00e1 polsk\u00e1 spole\u010dnost nav\u00edc LGBT agendu a propagandu odm\u00edt\u00e1.<\/p>\n<p>V \u010dele pochodu p\u00fdchy \u0161el var\u0161avsk\u00fd starosta Rafal Trzaskowski, obdoba pra\u017esk\u00e9ho H\u0159iba, ale trochu chyt\u0159ej\u0161\u00ed.<strong>\u00a0LGBT agenda je jednou z hlavn\u00edch zbran\u00ed finan\u010dn\u00ed glob\u00e1ln\u00ed oligarchie proti b\u00edl\u00fdm n\u00e1rod\u016fm. Proti Polsku a Ma\u010farsku ho \u201cz\u00e1padn\u00ed spojenci\u201d vyu\u017e\u00edvaj\u00ed v sou\u010dasnosti maxim\u00e1ln\u011b.<\/strong><\/p>\n<p><a href=\"https:\/\/ceskavec.com\/2021\/06\/zapadni-diplomati-na-varsavskem-lgbt-pochodu-pychy-ti-lide-jsou-ovladnuti-destruktivnim-politickym-silenstvi-nazval-to-polsky-poslanec\">Grezegorz<\/a><\/p>\n<p>&nbsp;<\/p>\n","protected":false},"excerpt":{"rendered":"<p>\u00da\u010dast\u00a014 z\u00e1padn\u00edch diplomat\u016f\u00a0na ned\u00e1vn\u00e9m pochodu p\u00fdchy Warsaw pride pobou\u0159ila polsk\u00e9 poslance. Prof. Ryszard Legutko z&#8230;<\/p>\n","protected":false},"author":2,"featured_media":2858,"comment_status":"closed","ping_status":"closed","sticky":false,"template":"","format":"standard","meta":[],"categories":[7],"tags":[206,31,733],"_links":{"self":[{"href":"https:\/\/www.infokuryr.cz\/n\/wp-json\/wp\/v2\/posts\/2857"}],"collection":[{"href":"https:\/\/www.infokuryr.cz\/n\/wp-json\/wp\/v2\/posts"}],"about":[{"href":"https:\/\/www.infokuryr.cz\/n\/wp-json\/wp\/v2\/types\/post"}],"author":[{"embeddable":true,"href":"https:\/\/www.infokuryr.cz\/n\/wp-json\/wp\/v2\/users\/2"}],"replies":[{"embeddable":true,"href":"https:\/\/www.infokuryr.cz\/n\/wp-json\/wp\/v2\/comments?post=2857"}],"version-history":[{"count":0,"href":"https:\/\/www.infokuryr.cz\/n\/wp-json\/wp\/v2\/posts\/2857\/revisions"}],"wp:featuredmedia":[{"embeddable":true,"href":"https:\/\/www.infokuryr.cz\/n\/wp-json\/wp\/v2\/media\/2858"}],"wp:attachment":[{"href":"https:\/\/www.infokuryr.cz\/n\/wp-json\/wp\/v2\/media?parent=2857"}],"wp:term":[{"taxonomy":"category","embeddable":true,"href":"https:\/\/www.infokuryr.cz\/n\/wp-json\/wp\/v2\/categories?post=2857"},{"taxonomy":"post_tag","embeddable":true,"href":"https:\/\/www.infokuryr.cz\/n\/wp-json\/wp\/v2\/tags?post=2857"}],"curies":[{"name":"wp","href":"https:\/\/api.w.org\/{rel}","templated":true}]}}