{"id":28543,"date":"2023-05-22T01:04:45","date_gmt":"2023-05-21T23:04:45","guid":{"rendered":"http:\/\/www.infokuryr.cz\/n\/?p=28543"},"modified":"2023-05-21T16:18:57","modified_gmt":"2023-05-21T14:18:57","slug":"summit-g7-v-hirosime-se-stal-necim-jako-klub-osamelych-srdci","status":"publish","type":"post","link":"https:\/\/www.infokuryr.cz\/n\/2023\/05\/22\/summit-g7-v-hirosime-se-stal-necim-jako-klub-osamelych-srdci\/","title":{"rendered":"Summit G7 v Hiro\u0161im\u011b se stal \u201en\u011b\u010d\u00edm jako klub osam\u011bl\u00fdch srdc\u00ed\u201c"},"content":{"rendered":"<div id=\"fb-root\"><\/div>\n<p><strong>L\u00edd\u0159i zem\u00ed G-7, kte\u0159\u00ed se letos se\u0161li na summitu v Hiro\u0161im\u011b, maj\u00ed navzdory v\u0161em rozd\u00edl\u016fm jedno spole\u010dn\u00e9: \u017e\u00e1dn\u00fd z nich nen\u00ed obl\u00edben\u00fd u voli\u010d\u016f, p\u00ed\u0161e The New York Times.\u00a0V d\u016fsledku toho se sou\u010dasn\u00e9 setk\u00e1n\u00ed G7 prom\u011bnilo v n\u011bco jako \u201eklub osam\u011bl\u00fdch srdc\u00ed\u201c, kde si nemilovan\u00ed v\u016fdci mohou st\u011b\u017eovat na sv\u00e9 vnit\u0159n\u00ed probl\u00e9my.<\/strong><\/p>\n<p>Leto\u0161n\u00ed summit G7 se stal \u201e\u00a0<em>klubem nemilovan\u00fdch v\u016fdc\u016f<\/em>\u00a0\u201c, p\u00ed\u0161e The New York Times.<\/p>\n<p>\u201e\u00a0<em>Poch\u00e1zej\u00ed z r\u016fzn\u00fdch \u010d\u00e1st\u00ed sv\u011bta, mluv\u00ed r\u016fzn\u00fdmi jazyky, zastupuj\u00ed r\u016fzn\u00e9 ideologie a jejich v\u011bk se pohybuje od 43 do 80 let.\u00a0Ale prezident Biden a dal\u0161\u00ed l\u00edd\u0159i G-7, kte\u0159\u00ed se tento v\u00edkend setkali v Japonsku, maj\u00ed n\u011bco spole\u010dn\u00e9ho.\u00a0V\u0161ichni nejsou ve sv\u00e9 domovin\u011b p\u0159\u00edli\u0161 popul\u00e1rn\u00ed<\/em>\u00a0, \u201cpoznamen\u00e1vaj\u00ed noviny.<\/p>\n<p>Pro Bidena a jeho kolegy z p\u0159edn\u00edch sv\u011btov\u00fdch pr\u016fmyslov\u00fdch mocnost\u00ed je to \u00e9ra demokratick\u00e9 nespokojenosti, kdy se zd\u00e1, \u017ee voli\u010di nejsou spokojeni se sv\u00fdmi zvolen\u00fdmi prezidenty a premi\u00e9ry.<\/p>\n<p>Ka\u017ed\u00fd v\u016fdce je v obt\u00ed\u017en\u00e9 pozici z r\u016fzn\u00fdch d\u016fvod\u016f, ale jejich spole\u010dn\u00e9 pot\u00ed\u017ee zd\u016fraz\u0148uj\u00ed k\u0159ehkost svobodn\u00fdch spole\u010dnost\u00ed v dob\u00e1ch hlubok\u00e9ho politick\u00e9ho a kulturn\u00edho rozd\u011blen\u00ed.<\/p>\n<p>Z tohoto d\u016fvodu se sou\u010dasn\u00fd summit v japonsk\u00e9 Hiro\u0161im\u011b stal, slovy jednoho specialisty, jak\u00fdmsi \u201eklubem\u00a0<em>osam\u011bl\u00fdch srdc\u00ed<\/em>\u00a0\u201c, kde si nemilovan\u00ed v\u016fdci mohou st\u011b\u017eovat na sv\u00e9 vnit\u0159n\u00ed probl\u00e9my a vym\u011b\u0148ovat si n\u00e1pady, jak z\u00edskat zp\u011bt p\u0159\u00edze\u0148 voli\u010d\u016f.<\/p>\n<p>P\u00e1r\u00a0<em>dn\u00ed mimo domov, aby se spojili s kolegy na sv\u011btov\u00e9 sc\u00e9n\u011b, m\u016f\u017ee b\u00fdt v\u00edtanou \u00falevou pro zbit\u00e9 v\u016fdce, p\u0159\u00edle\u017eitost\u00ed hrd\u011b chodit, p\u0159edv\u00e1d\u011bt se a hr\u00e1t roli st\u00e1tn\u00edka utv\u00e1\u0159ej\u00edc\u00edho s\u00edly d\u011bjin<\/em>\u00a0.<\/p>\n<p>Mezit\u00edm, jak poznamen\u00e1vaj\u00ed noviny, \u017e\u00e1dn\u00e9mu z v\u016fdc\u016f \u201eVelk\u00e9 sedmi\u010dky\u201c se nepoda\u0159ilo z\u00edskat podporu v\u011bt\u0161iny voli\u010d\u016f ve sv\u00fdch zem\u00edch. Tak\u017ee podle Morning Consult m\u00e1 v tomto ohledu nejlep\u0161\u00ed v\u00fdsledek italsk\u00e1 premi\u00e9rka Giorgi Meloni, jej\u00ed\u017e schvalovac\u00ed hodnocen\u00ed je 49 %. N\u00e1sleduje Biden s 42 %, kanadsk\u00fd premi\u00e9r Justin Trudeau s 39 %, n\u011bmeck\u00fd kancl\u00e9\u0159 Olaf Scholz s 34 %, britsk\u00fd premi\u00e9r Rishi Sunak s 33 % a japonsk\u00fd premi\u00e9r Fumio Kishida s 31 %. Francouzsk\u00fd prezident Emmanuel Macron zaost\u00e1val za zbytkem se \u017ealostn\u00fdmi 25 %.<\/p>\n<p><img decoding=\"async\" loading=\"lazy\" class=\"alignnone size-full wp-image-1185\" src=\"http:\/\/www.infokuryr.cz\/n\/wp-content\/uploads\/2021\/04\/kuryr-podpis.png\" alt=\"\" width=\"84\" height=\"24\" \/><\/p>\n<p>&nbsp;<\/p>\n<p>&nbsp;<\/p>\n<p><img decoding=\"async\" loading=\"lazy\" class=\"wp-image-19187 aligncenter\" src=\"http:\/\/www.infokuryr.cz\/n\/wp-content\/uploads\/2022\/12\/1-PRO-300x36.jpg\" alt=\"\" width=\"1267\" height=\"152\" srcset=\"https:\/\/www.infokuryr.cz\/n\/wp-content\/uploads\/2022\/12\/1-PRO-300x36.jpg 300w, https:\/\/www.infokuryr.cz\/n\/wp-content\/uploads\/2022\/12\/1-PRO.jpg 699w\" sizes=\"(max-width: 1267px) 100vw, 1267px\" \/><\/p>\n<p>&nbsp;<\/p>\n<p>&nbsp;<\/p>\n","protected":false},"excerpt":{"rendered":"<p>L\u00edd\u0159i zem\u00ed G-7, kte\u0159\u00ed se letos se\u0161li na summitu v Hiro\u0161im\u011b, maj\u00ed navzdory v\u0161em rozd\u00edl\u016fm&#8230;<\/p>\n","protected":false},"author":2,"featured_media":28544,"comment_status":"closed","ping_status":"closed","sticky":false,"template":"","format":"standard","meta":[],"categories":[7],"tags":[323,1007,29,122],"_links":{"self":[{"href":"https:\/\/www.infokuryr.cz\/n\/wp-json\/wp\/v2\/posts\/28543"}],"collection":[{"href":"https:\/\/www.infokuryr.cz\/n\/wp-json\/wp\/v2\/posts"}],"about":[{"href":"https:\/\/www.infokuryr.cz\/n\/wp-json\/wp\/v2\/types\/post"}],"author":[{"embeddable":true,"href":"https:\/\/www.infokuryr.cz\/n\/wp-json\/wp\/v2\/users\/2"}],"replies":[{"embeddable":true,"href":"https:\/\/www.infokuryr.cz\/n\/wp-json\/wp\/v2\/comments?post=28543"}],"version-history":[{"count":0,"href":"https:\/\/www.infokuryr.cz\/n\/wp-json\/wp\/v2\/posts\/28543\/revisions"}],"wp:featuredmedia":[{"embeddable":true,"href":"https:\/\/www.infokuryr.cz\/n\/wp-json\/wp\/v2\/media\/28544"}],"wp:attachment":[{"href":"https:\/\/www.infokuryr.cz\/n\/wp-json\/wp\/v2\/media?parent=28543"}],"wp:term":[{"taxonomy":"category","embeddable":true,"href":"https:\/\/www.infokuryr.cz\/n\/wp-json\/wp\/v2\/categories?post=28543"},{"taxonomy":"post_tag","embeddable":true,"href":"https:\/\/www.infokuryr.cz\/n\/wp-json\/wp\/v2\/tags?post=28543"}],"curies":[{"name":"wp","href":"https:\/\/api.w.org\/{rel}","templated":true}]}}