{"id":28446,"date":"2023-05-20T01:12:04","date_gmt":"2023-05-19T23:12:04","guid":{"rendered":"http:\/\/www.infokuryr.cz\/n\/?p=28446"},"modified":"2023-05-19T12:25:43","modified_gmt":"2023-05-19T10:25:43","slug":"lukasenko-rusko-mohlo-pred-rokem-uzavrit-nevyhodnou-smlouvu-s-ukrajinou","status":"publish","type":"post","link":"https:\/\/www.infokuryr.cz\/n\/2023\/05\/20\/lukasenko-rusko-mohlo-pred-rokem-uzavrit-nevyhodnou-smlouvu-s-ukrajinou\/","title":{"rendered":"Luka\u0161enko: Rusko mohlo p\u0159ed rokem uzav\u0159\u00edt nev\u00fdhodnou smlouvu s Ukrajinou"},"content":{"rendered":"<div id=\"fb-root\"><\/div>\n<p><strong>Rusko bylo loni na ja\u0159e p\u0159ipraveno k uzav\u0159en\u00ed smlouvy s Ukrajinou za nev\u00fdhodn\u00fdch podm\u00ednek pro sebe, \u0159ekl b\u011blorusk\u00fd prezident Alexandr Luka\u0161enko.<\/strong><\/p>\n<p>\u201eRu\u0161t\u00ed parlamentn\u00ed poslanci se toho bezprost\u0159edn\u011b z\u00fa\u010dastnili od prvn\u00edho dne. Navrhli jsme zah\u00e1jen\u00ed jedn\u00e1n\u00ed. No dob\u0159e, poprali jsme se, te\u010f si pohovo\u0159\u00edme, zastav\u00edme tuto v\u00e1lku. T\u0159i kola se konala v B\u011blorusku. Pak se ale n\u011bco nel\u00edbilo Zelensk\u00e9mu, nebo stalo se n\u011bco, odcestovali do Turecka. Dob\u0159e, budeme jednat v Turecku. Dali jsme na st\u016fl n\u00e1vrh smlouvy. Kdyby ho Rusko dnes p\u0159e\u010detlo, zbl\u00e1znilo by se. Byla pro n\u011bj absolutn\u011b nev\u00fdhodn\u00e1. Rusko ale souhlasilo,&#8220; cituje Luka\u0161enkova slova, kter\u00e1 \u0159ekl na sch\u016fzce s \u00fa\u010dastn\u00edky zased\u00e1n\u00ed Rady Parlamentn\u00edho shrom\u00e1\u017ed\u011bn\u00ed Organizace Smlouvy o kolektivn\u00ed bezpe\u010dnosti (PS OSKB) jeho tiskov\u00e1 slu\u017eba.<\/p>\n<p>B\u011blorusk\u00fd l\u00eddr sd\u011blil, \u017ee m\u00e1 na stole n\u00e1vrh t\u00e9to smlouvy. Podle jeho slov, jakmile Rusko p\u0159istoupilo na m\u00edrov\u00e9 iniciativy, byl n\u00e1vrh smlouvy hozen do ko\u0161e. B\u011blorusk\u00fd prezident poznamenal, \u017ee p\u0159edb\u011b\u017en\u00e9 podm\u00ednky Ukrajiny maj\u00ed za c\u00edl zabr\u00e1nit jedn\u00e1n\u00edm.<\/p>\n<p>\u201eJak\u00e9 mohou b\u00fdt p\u0159edb\u011b\u017en\u00e9 podm\u00ednky? Je t\u0159eba usednout ke stolu a vypracovat na jedn\u00e1n\u00edch ve\u0161ker\u00e9 podm\u00ednky,\u201d \u0159ekl na z\u00e1v\u011br Luka\u0161enko.<\/p>\n<p><img decoding=\"async\" loading=\"lazy\" class=\"alignnone size-full wp-image-1185\" src=\"http:\/\/www.infokuryr.cz\/n\/wp-content\/uploads\/2021\/04\/kuryr-podpis.png\" alt=\"\" width=\"84\" height=\"24\" \/><\/p>\n<p>&nbsp;<\/p>\n<p>&nbsp;<\/p>\n<p><img decoding=\"async\" loading=\"lazy\" class=\"wp-image-19187 aligncenter\" src=\"http:\/\/www.infokuryr.cz\/n\/wp-content\/uploads\/2022\/12\/1-PRO-300x36.jpg\" alt=\"\" width=\"1267\" height=\"152\" srcset=\"https:\/\/www.infokuryr.cz\/n\/wp-content\/uploads\/2022\/12\/1-PRO-300x36.jpg 300w, https:\/\/www.infokuryr.cz\/n\/wp-content\/uploads\/2022\/12\/1-PRO.jpg 699w\" sizes=\"(max-width: 1267px) 100vw, 1267px\" \/><\/p>\n<p>&nbsp;<\/p>\n<p>&nbsp;<\/p>\n","protected":false},"excerpt":{"rendered":"<p>Rusko bylo loni na ja\u0159e p\u0159ipraveno k uzav\u0159en\u00ed smlouvy s Ukrajinou za nev\u00fdhodn\u00fdch podm\u00ednek pro&#8230;<\/p>\n","protected":false},"author":2,"featured_media":1086,"comment_status":"closed","ping_status":"closed","sticky":false,"template":"","format":"standard","meta":[],"categories":[7],"tags":[149,22,26],"_links":{"self":[{"href":"https:\/\/www.infokuryr.cz\/n\/wp-json\/wp\/v2\/posts\/28446"}],"collection":[{"href":"https:\/\/www.infokuryr.cz\/n\/wp-json\/wp\/v2\/posts"}],"about":[{"href":"https:\/\/www.infokuryr.cz\/n\/wp-json\/wp\/v2\/types\/post"}],"author":[{"embeddable":true,"href":"https:\/\/www.infokuryr.cz\/n\/wp-json\/wp\/v2\/users\/2"}],"replies":[{"embeddable":true,"href":"https:\/\/www.infokuryr.cz\/n\/wp-json\/wp\/v2\/comments?post=28446"}],"version-history":[{"count":0,"href":"https:\/\/www.infokuryr.cz\/n\/wp-json\/wp\/v2\/posts\/28446\/revisions"}],"wp:featuredmedia":[{"embeddable":true,"href":"https:\/\/www.infokuryr.cz\/n\/wp-json\/wp\/v2\/media\/1086"}],"wp:attachment":[{"href":"https:\/\/www.infokuryr.cz\/n\/wp-json\/wp\/v2\/media?parent=28446"}],"wp:term":[{"taxonomy":"category","embeddable":true,"href":"https:\/\/www.infokuryr.cz\/n\/wp-json\/wp\/v2\/categories?post=28446"},{"taxonomy":"post_tag","embeddable":true,"href":"https:\/\/www.infokuryr.cz\/n\/wp-json\/wp\/v2\/tags?post=28446"}],"curies":[{"name":"wp","href":"https:\/\/api.w.org\/{rel}","templated":true}]}}