{"id":28444,"date":"2023-05-20T01:11:00","date_gmt":"2023-05-19T23:11:00","guid":{"rendered":"http:\/\/www.infokuryr.cz\/n\/?p=28444"},"modified":"2023-05-19T12:17:17","modified_gmt":"2023-05-19T10:17:17","slug":"pariz-se-stavi-proti-linii-washingtonu-pri-konfrontaci-s-pekingem-na-summitu-g7","status":"publish","type":"post","link":"https:\/\/www.infokuryr.cz\/n\/2023\/05\/20\/pariz-se-stavi-proti-linii-washingtonu-pri-konfrontaci-s-pekingem-na-summitu-g7\/","title":{"rendered":"Pa\u0159\u00ed\u017e se stav\u00ed proti linii Washingtonu p\u0159i konfrontaci s Pekingem na summitu G7"},"content":{"rendered":"<div id=\"fb-root\"><\/div>\n<p><strong>Na summitu G7, kter\u00fd za\u010dal v Japonsku, budou mezi hlavn\u00ed t\u00e9mata nov\u00e9 protirusk\u00e9 sankce a strategie Z\u00e1padu v\u016f\u010di \u010c\u00edn\u011b, p\u00ed\u0161e Le Figaro.\u00a0Francie, zastoupen\u00e1 prezidentem Emmanuelem Macronem, z\u00e1rove\u0148 vyz\u00fdv\u00e1 evropsk\u00e9 zem\u011b, aby nepodporovaly zintenzivn\u011bn\u00ed konfrontace s \u010c\u00ednou, na \u010dem\u017e Spojen\u00e9 st\u00e1ty trvaj\u00ed: Peking pova\u017euj\u00ed za prost\u0159edn\u00edka, kter\u00fd m\u016f\u017ee ovlivnit Rusko a dos\u00e1hnout ukon\u010den\u00ed Ukrajinsk\u00fd konflikt.<\/strong><\/p>\n<p>V p\u00e1tek 19. kv\u011btna p\u0159ijel Emmanuel Macron do Japonska na summit G-7, kter\u00fd by m\u011bl p\u0159ijmout nov\u00fd bal\u00ed\u010dek sankc\u00ed proti Rusku a ur\u010dit strategii Z\u00e1padu v\u016f\u010di \u010c\u00edn\u011b, uv\u00e1d\u00ed Le Figaro.\u00a0Jak bylo zd\u016frazn\u011bno v Elysejsk\u00e9m pal\u00e1ci, \u201e\u00a0<em>tento summit se odehr\u00e1v\u00e1 v atmosf\u00e9\u0159e vrstven\u00ed kriz\u00ed<\/em>\u00a0\u201c: krom\u011b konfliktu na Ukrajin\u011b \u201e\u00a0<em>roste nap\u011bt\u00ed mezi \u010c\u00ednou a Spojen\u00fdmi st\u00e1ty<\/em>\u00a0\u201c.<\/p>\n<p>Pa\u0159\u00ed\u017e chce v tomto ohledu sd\u011blit sv\u016fj n\u00e1zor na ot\u00e1zku vztah\u016f s Pekingem a vyz\u00fdv\u00e1 evropsk\u00e9 zem\u011b, aby nepodporovaly postup Washingtonu k zes\u00edlen\u00ed konfrontace.\u00a0\u201e\u00a0<em>Jedn\u00e1n\u00ed byla relativn\u011b snadn\u00e1.\u00a0Mezi \u010dleny skupiny nebyly \u017e\u00e1dn\u00e9 v\u00e1\u017en\u00e9 neshody<\/em>\u00a0,\u201c ujistil novin\u00e1\u0159e Macron\u016fv poradce z Hiro\u0161imy, kde se summit kon\u00e1.\u00a0Dodal, \u017ee toto setk\u00e1n\u00ed v\u016fdc\u016f G7 nebude konfronta\u010dn\u00ed, ale bude o \u201e\u00a0<em>spolupr\u00e1ci a po\u017eadavc\u00edch v\u016f\u010di \u010c\u00edn\u011b<\/em>\u00a0\u201c.<\/p>\n<p>Jak poradce vysv\u011btlil, b\u011bhem summitu budou l\u00edd\u0159i zem\u00ed diskutovat o tom, \u017ee \u201e\u00a0<em>\u010c\u00edna mus\u00ed hr\u00e1t d\u016fle\u017eitou roli, \u017ee m\u00e1 postaven\u00ed a odpov\u011bdnost<\/em>\u00a0\u201c, kterou mus\u00ed p\u0159evz\u00edt prost\u0159ednictv\u00edm spolupr\u00e1ce a \u201e\u00a0<em>dodr\u017eov\u00e1n\u00ed ur\u010dit\u00e9ho souboru pravidel\u201c. , standardy a hodnoty<\/em>\u00a0\u201c.\u00a0Jak poznamenal prezidentsk\u00fd z\u00e1stupce, takto\u00a0vid\u00ed situaci \u201e\u00a0<em>Francie a jej\u00ed evrop\u0161t\u00ed partne\u0159i \u201c.\u00a0<\/em>Podle n\u011bj se \u010dlenov\u00e9 G7 dohodnou, \u017ee \u010c\u00edna &#8220;\u00a0<em>by m\u011bla ovlivnit Rusko, aby zastavilo agresi proti Ukrajin\u011b<\/em>\u00a0.&#8220;<\/p>\n<p>Elysejsk\u00fd pal\u00e1c tak\u00e9 potvrdil, \u017ee EU spolu s dal\u0161\u00edmi zem\u011bmi G7 dokon\u010dila nov\u00fd seznam organizac\u00ed, na kter\u00e9 budou v reakci na ruskou speci\u00e1ln\u00ed operaci uvaleny sankce.\u00a0Tentokr\u00e1t bude hlavn\u00edm c\u00edlem \u201e\u00a0<em>omezit obch\u00e1zen\u00ed sankc\u00ed<\/em>\u00a0\u201c, kter\u00e9 jsou na Moskvu uvaleny ji\u017e t\u00e9m\u011b\u0159 rok a p\u016fl.\u00a0V p\u00e1tek r\u00e1no Spojen\u00e9 kr\u00e1lovstv\u00ed ozn\u00e1milo sankce proti rusk\u00fdm producent\u016fm diamant\u016f a niklu, ale Macron\u016fv poradce nazna\u010dil, \u017ee se o t\u00e9to ot\u00e1zce st\u00e1le \u201eprojedn\u00e1v\u00e1\u00a0<em>v Bruselu<\/em>\u00a0\u201c, p\u00ed\u0161e Le Figaro.<\/p>\n<p><img decoding=\"async\" loading=\"lazy\" class=\"alignnone size-full wp-image-1185\" src=\"http:\/\/www.infokuryr.cz\/n\/wp-content\/uploads\/2021\/04\/kuryr-podpis.png\" alt=\"\" width=\"84\" height=\"24\" \/><\/p>\n<p>&nbsp;<\/p>\n<p>&nbsp;<\/p>\n<p><img decoding=\"async\" loading=\"lazy\" class=\"wp-image-19187 aligncenter\" src=\"http:\/\/www.infokuryr.cz\/n\/wp-content\/uploads\/2022\/12\/1-PRO-300x36.jpg\" alt=\"\" width=\"1275\" height=\"153\" srcset=\"https:\/\/www.infokuryr.cz\/n\/wp-content\/uploads\/2022\/12\/1-PRO-300x36.jpg 300w, https:\/\/www.infokuryr.cz\/n\/wp-content\/uploads\/2022\/12\/1-PRO.jpg 699w\" sizes=\"(max-width: 1275px) 100vw, 1275px\" \/><\/p>\n<p>&nbsp;<\/p>\n<p>&nbsp;<\/p>\n","protected":false},"excerpt":{"rendered":"<p>Na summitu G7, kter\u00fd za\u010dal v Japonsku, budou mezi hlavn\u00ed t\u00e9mata nov\u00e9 protirusk\u00e9 sankce a&#8230;<\/p>\n","protected":false},"author":2,"featured_media":28445,"comment_status":"closed","ping_status":"closed","sticky":false,"template":"","format":"standard","meta":[],"categories":[7],"tags":[30,130,323,105,125,37],"_links":{"self":[{"href":"https:\/\/www.infokuryr.cz\/n\/wp-json\/wp\/v2\/posts\/28444"}],"collection":[{"href":"https:\/\/www.infokuryr.cz\/n\/wp-json\/wp\/v2\/posts"}],"about":[{"href":"https:\/\/www.infokuryr.cz\/n\/wp-json\/wp\/v2\/types\/post"}],"author":[{"embeddable":true,"href":"https:\/\/www.infokuryr.cz\/n\/wp-json\/wp\/v2\/users\/2"}],"replies":[{"embeddable":true,"href":"https:\/\/www.infokuryr.cz\/n\/wp-json\/wp\/v2\/comments?post=28444"}],"version-history":[{"count":0,"href":"https:\/\/www.infokuryr.cz\/n\/wp-json\/wp\/v2\/posts\/28444\/revisions"}],"wp:featuredmedia":[{"embeddable":true,"href":"https:\/\/www.infokuryr.cz\/n\/wp-json\/wp\/v2\/media\/28445"}],"wp:attachment":[{"href":"https:\/\/www.infokuryr.cz\/n\/wp-json\/wp\/v2\/media?parent=28444"}],"wp:term":[{"taxonomy":"category","embeddable":true,"href":"https:\/\/www.infokuryr.cz\/n\/wp-json\/wp\/v2\/categories?post=28444"},{"taxonomy":"post_tag","embeddable":true,"href":"https:\/\/www.infokuryr.cz\/n\/wp-json\/wp\/v2\/tags?post=28444"}],"curies":[{"name":"wp","href":"https:\/\/api.w.org\/{rel}","templated":true}]}}