{"id":28442,"date":"2023-05-20T01:10:34","date_gmt":"2023-05-19T23:10:34","guid":{"rendered":"http:\/\/www.infokuryr.cz\/n\/?p=28442"},"modified":"2023-05-19T12:04:39","modified_gmt":"2023-05-19T10:04:39","slug":"eu-popira-ze-von-der-leyenova-tlacila-na-ukrajinu-aby-omezila-madarske-ruske-dodavky-ropy","status":"publish","type":"post","link":"https:\/\/www.infokuryr.cz\/n\/2023\/05\/20\/eu-popira-ze-von-der-leyenova-tlacila-na-ukrajinu-aby-omezila-madarske-ruske-dodavky-ropy\/","title":{"rendered":"EU pop\u00edr\u00e1, \u017ee von der Leyenov\u00e1 tla\u010dila na Ukrajinu, aby omezila ma\u010farsk\u00e9 rusk\u00e9 dod\u00e1vky ropy"},"content":{"rendered":"<div id=\"fb-root\"><\/div>\n<p><span style=\"font-size: 18pt;\"><strong>EU urychlen\u011b tvrd\u00ed, \u017ee von der Leyenov\u00e1 nem\u011bla nic spole\u010dn\u00e9ho se snahami o p\u0159eru\u0161en\u00ed dod\u00e1vek rusk\u00e9 ropy do Ma\u010farska<\/strong><\/span><\/p>\n<p>Evropsk\u00e1 komise urychlen\u011b odm\u00edtla obvin\u011bn\u00ed, \u017ee Ursula von der Leyenov\u00e1 navrhla Ukrajin\u011b, aby zastavila tok rusk\u00e9 ropy ropovodem Dru\u017eba na Ukrajin\u011b.<\/p>\n<p>&#8222;Toto je fale\u0161n\u00e1 zpr\u00e1va.&#8220; Ur\u0161ula\u00a0von der Leyenov\u00e1 nikdy nebyla v kontaktu s gener\u00e1ln\u00edm \u0159editelem zm\u00edn\u011bn\u00fdm v \u010dl\u00e1nc\u00edch a nikdy nikomu nenavrhla \u017e\u00e1dnou akci ohledn\u011b plynovodu P\u0159\u00e1telstv\u00ed,\u201c \u0159eklo zastoupen\u00ed Evropsk\u00e9 komise v Ma\u010farsku opozi\u010dn\u00edmu zpravodajsk\u00e9mu port\u00e1lu <a class=\"ek-link\" href=\"https:\/\/telex.hu\/kulfold\/2023\/05\/17\/europai-bizottsag-alhir-hogy-von-der-leyen-javasolta-a-baratsag-koolajvezetek-leallitasat\">Telex<\/a>\u00a0.\u00a0To byla jejich odpov\u011b\u010f na ot\u00e1zku, zda von der Leyenov\u00e1 skute\u010dn\u011b Ukrajinc\u016fm poradila, aby zastavili ropovod P\u0159\u00e1telstv\u00ed do Ma\u010farska, kter\u00fd do st\u0159edoevropsk\u00e9 zem\u011b dod\u00e1v\u00e1 ruskou ropu.<\/p>\n<p>Vlastn\u00ed tiskov\u00e1 kancel\u00e1\u0159 Von der Leyenov\u00e9 poslala t\u00e9m\u011b\u0159 doslovnou odpov\u011b\u010f: \u201eUr\u0161ula von der Leyenov\u00e1 nikdy nedala takov\u00e9 doporu\u010den\u00ed ohledn\u011b plynovodu P\u0159\u00e1telstv\u00ed a nikdy nebyla s nik\u00fdm v t\u00e9to z\u00e1le\u017eitosti v kontaktu.\u201c<\/p>\n<p><a href=\"https:\/\/rmx.news\/hungary\/hungary-outraged-by-leaked-ukrainian-plans-to-blow-up-vital-oil-pipeline\/\">Jak ji\u017e d\u0159\u00edve informoval<\/a>\u00a0Remix News\u00a0, \u00fanik informac\u00ed, kter\u00fd z\u00edskal The Washington Post,\u00a0<a href=\"https:\/\/www.washingtonpost.com\/world\/2023\/05\/13\/zelensky-ukraine-war-leaked-documents\/\">odhalil<\/a>\u00a0, \u017ee Ukrajina pl\u00e1nuje vyhodit do pov\u011bt\u0159\u00ed ropovod\u00a0<a href=\"https:\/\/rmx.news\/hungary\/russian-oil-flows-resume-through-druzhba-pipeline-but-fuel-woes-in-central-europe-continue\/\">Dru\u017eba<\/a>\u00a0, kter\u00fd p\u0159epravuje ropu z Ruska do Ma\u010farska a tak\u00e9 do dal\u0161\u00edch evropsk\u00fdch zem\u00ed.\u00a0Unikl\u00e9 dokumenty nazna\u010duj\u00ed, \u017ee Zelenskij na \u00fanorov\u00e9 sch\u016fzce s vicepremi\u00e9rkou Juli\u00ed Svyrydenkovou navrhl, aby Ukrajina provedla akci s c\u00edlem ochromit ma\u010farskou energetickou infrastrukturu z\u00e1vislou na rusk\u00e9 rop\u011b.<\/p>\n<p>Ma\u010farsk\u00fd europoslanec Tam\u00e1s Deutsch\u00a0<a href=\"https:\/\/www.magyarhirlap.hu\/belfold\/20230517-deutsch-tamas-az-europai-bizottsag-elnoke-tisztazza-valoban-o-kerte-utasitotta-hogy-az-ukranok-allitsak-le-a-koolajszallitast-a-baratsag-vezeteken\">vyzval<\/a>\u00a0von der Leyenovou, aby objasnila, zda p\u0159eru\u0161en\u00ed dod\u00e1vek ropy do Ma\u010farska bylo jej\u00edm n\u00e1vrhem.<\/p>\n<p>Deutsch \u0159ekl, \u017ee sou\u010d\u00e1st\u00ed zpr\u00e1v bylo, \u017ee p\u0159edsedkyn\u011b Evropsk\u00e9 komise Ursula von der Leyenov\u00e1 \u00fadajn\u011b poslala zpr\u00e1vu ukrajinsk\u00e9 ropn\u00e9 spole\u010dnosti, \u017ee by pova\u017eovala za velmi vhodn\u00e9, kdyby Ukrajinci v r\u00e1mci n\u00e1tlaku zastavili zahrani\u010dn\u00ed dod\u00e1vky ropy. kampa\u0148 veden\u00e1 proti Ma\u010farsku.\u00a0I kdy\u017e nenavrhla vyhozen\u00ed ropovodu do pov\u011bt\u0159\u00ed nebo zp\u016fsob, jak\u00fdm by byly tyto dod\u00e1vky \u201ezastaveny\u201c, je jasn\u00e9, \u017ee omezen\u00ed rusk\u00e9 ropy do Ma\u010farska by vedlo k v\u00e1\u017en\u00fdm ekonomick\u00fdm d\u016fsledk\u016fm pro \u010dlensk\u00fd st\u00e1t EU.<\/p>\n<p>V\u016fdce skupiny Fidesz v Evropsk\u00e9m parlamentu zd\u016fraznil, \u017ee aby ka\u017ed\u00fd mohl jasn\u011b vid\u011bt situaci, o\u010dek\u00e1vaj\u00ed, \u017ee von der Leyenov\u00e1 okam\u017eit\u011b objasn\u00ed svou roli p\u0159i instruov\u00e1n\u00ed Ukrajinc\u016f, aby zastavili dod\u00e1vky ropy a vyvinuli tlak na Ma\u010farsko.<\/p>\n<p>Samoz\u0159ejm\u011b , kdyby se prok\u00e1zalo, \u017ee p\u0159edsedkyn\u011b komise po\u017eadovala zlikvidov\u00e1n\u00ed ropovodu Dru\u017eba, do\u0161lo by v jej\u00ed osob\u011b ke schvalov\u00e1n\u00ed a pl\u00e1nov\u00e1n\u00ed teroristick\u00e9ho \u00fatoku a t\u00edm by se absolutn\u011b zni\u010dila.<\/p>\n<p><img decoding=\"async\" loading=\"lazy\" class=\"alignnone size-full wp-image-1185\" src=\"http:\/\/www.infokuryr.cz\/n\/wp-content\/uploads\/2021\/04\/kuryr-podpis.png\" alt=\"\" width=\"84\" height=\"24\" \/><\/p>\n<p>&nbsp;<\/p>\n<p>&nbsp;<\/p>\n<p><img decoding=\"async\" loading=\"lazy\" class=\"wp-image-19187 aligncenter\" src=\"http:\/\/www.infokuryr.cz\/n\/wp-content\/uploads\/2022\/12\/1-PRO-300x36.jpg\" alt=\"\" width=\"1308\" height=\"157\" srcset=\"https:\/\/www.infokuryr.cz\/n\/wp-content\/uploads\/2022\/12\/1-PRO-300x36.jpg 300w, https:\/\/www.infokuryr.cz\/n\/wp-content\/uploads\/2022\/12\/1-PRO.jpg 699w\" sizes=\"(max-width: 1308px) 100vw, 1308px\" \/><\/p>\n<p>&nbsp;<\/p>\n<p>&nbsp;<\/p>\n<p>&nbsp;<\/p>\n","protected":false},"excerpt":{"rendered":"<p>EU urychlen\u011b tvrd\u00ed, \u017ee von der Leyenov\u00e1 nem\u011bla nic spole\u010dn\u00e9ho se snahami o p\u0159eru\u0161en\u00ed dod\u00e1vek&#8230;<\/p>\n","protected":false},"author":2,"featured_media":19255,"comment_status":"closed","ping_status":"closed","sticky":false,"template":"","format":"standard","meta":[],"categories":[7],"tags":[3008,26,3251],"_links":{"self":[{"href":"https:\/\/www.infokuryr.cz\/n\/wp-json\/wp\/v2\/posts\/28442"}],"collection":[{"href":"https:\/\/www.infokuryr.cz\/n\/wp-json\/wp\/v2\/posts"}],"about":[{"href":"https:\/\/www.infokuryr.cz\/n\/wp-json\/wp\/v2\/types\/post"}],"author":[{"embeddable":true,"href":"https:\/\/www.infokuryr.cz\/n\/wp-json\/wp\/v2\/users\/2"}],"replies":[{"embeddable":true,"href":"https:\/\/www.infokuryr.cz\/n\/wp-json\/wp\/v2\/comments?post=28442"}],"version-history":[{"count":1,"href":"https:\/\/www.infokuryr.cz\/n\/wp-json\/wp\/v2\/posts\/28442\/revisions"}],"predecessor-version":[{"id":28443,"href":"https:\/\/www.infokuryr.cz\/n\/wp-json\/wp\/v2\/posts\/28442\/revisions\/28443"}],"wp:featuredmedia":[{"embeddable":true,"href":"https:\/\/www.infokuryr.cz\/n\/wp-json\/wp\/v2\/media\/19255"}],"wp:attachment":[{"href":"https:\/\/www.infokuryr.cz\/n\/wp-json\/wp\/v2\/media?parent=28442"}],"wp:term":[{"taxonomy":"category","embeddable":true,"href":"https:\/\/www.infokuryr.cz\/n\/wp-json\/wp\/v2\/categories?post=28442"},{"taxonomy":"post_tag","embeddable":true,"href":"https:\/\/www.infokuryr.cz\/n\/wp-json\/wp\/v2\/tags?post=28442"}],"curies":[{"name":"wp","href":"https:\/\/api.w.org\/{rel}","templated":true}]}}