{"id":2844,"date":"2021-06-27T05:09:23","date_gmt":"2021-06-27T03:09:23","guid":{"rendered":"http:\/\/www.infokuryr.cz\/n\/?p=2844"},"modified":"2021-06-27T05:09:23","modified_gmt":"2021-06-27T03:09:23","slug":"cesky-narod-se-dokaze-semknout-kdyz-je-to-zapotrebi-vyjadril-milos-zeman-ke-katastrofe-na-morave","status":"publish","type":"post","link":"https:\/\/www.infokuryr.cz\/n\/2021\/06\/27\/cesky-narod-se-dokaze-semknout-kdyz-je-to-zapotrebi-vyjadril-milos-zeman-ke-katastrofe-na-morave\/","title":{"rendered":"\u201e\u010cesk\u00fd n\u00e1rod se dok\u00e1\u017ee semknout, kdy\u017e je to zapot\u0159eb\u00ed,\u201c vyj\u00e1d\u0159il Milo\u0161 Zeman ke katastrof\u011b na Morav\u011b"},"content":{"rendered":"<div id=\"fb-root\"><\/div>\n<p><strong>Dne 26. \u010dervna prezident republiky Milo\u0161 Zeman vystoupil s projevem k situaci na ji\u017en\u00ed Morav\u011b. Obr\u00e1til se v n\u011bm na ob\u010dany v souvislosti s p\u0159\u00edrodn\u00ed katastrofou na ji\u017en\u00ed Morav\u011b, kde v noci na p\u00e1tek torn\u00e1do poni\u010dilo n\u011bkolik obc\u00ed.<\/strong><\/p>\n<p>\u201e\u010cesk\u00e1 republika za\u017eila \u017eivelnou pohromu, kter\u00e1 sice trvala jenom n\u011bkolik m\u00e1lo minut, ale bylo posti\u017eeno sedm obc\u00ed na ji\u017en\u00ed Morav\u011b, je p\u011bt zem\u0159el\u00fdch a asi dv\u011b st\u011b zran\u011bn\u00fdch. Krom\u011b toho jsou v\u00fdrazn\u00e9 hmotn\u00e9 \u0161kody. Cht\u011bl bych v prvn\u00ed \u0159ad\u011b vyj\u00e1d\u0159it svoji hlubokou soustrast poz\u016fstal\u00fdm po ob\u011btech t\u00e9to \u017eiveln\u00e9 katastrofy. Cht\u011bl bych pop\u0159\u00e1t brzk\u00e9 uzdraven\u00ed v\u0161em zran\u011bn\u00fdm,\u201c \u0159ekl prezident na \u00favod projevu, kter\u00fd nato\u010dila televize CNN Prima News.<\/p>\n<p>Milo\u0161 Zeman vyj\u00e1d\u0159il hlubokou soustrast v\u0161em poz\u016fstal\u00fdm po ob\u011btech \u010dtvrte\u010dn\u00ed p\u0159\u00edrodn\u00ed\u00a0<strong>katastrofy na ji\u017en\u00ed Morav\u011b<\/strong>, a pop\u0159\u00e1l brzk\u00e9 uzdraven\u00ed v\u0161em zran\u011bn\u00fdm. Sou\u010dasn\u011b pod\u011bkoval z\u00e1chran\u00e1\u0159\u016fm, starost\u016fm, hejtman\u016fm, \u010dlen\u016fm vl\u00e1dy, charitativn\u00edm organizac\u00edm a v\u0161em ob\u010dan\u016fm, kte\u0159\u00ed se pod\u00edlej\u00ed na pomoci v posti\u017een\u00e9 oblasti.<\/p>\n<p>Zm\u00ednil, \u017ee do zasa\u017een\u00fdch oblast\u00ed vyslal i \u010dleny Hradn\u00ed str\u00e1\u017ee.<\/p>\n<p>\u201eJsem r\u00e1d, \u017ee s Hradn\u00ed str\u00e1\u017e\u00ed jede i moje dcera, aby rozdala dary z nada\u010dn\u00edho fondu. V ka\u017ed\u00e9m p\u0159\u00edpad\u011b se domn\u00edv\u00e1m, \u017ee to, co se stalo, je samoz\u0159ejm\u011b katastrofa, ale je to tak\u00e9 p\u0159\u00edle\u017eitost k tomu, abychom vyj\u00e1d\u0159ili svoji solidaritu, a j\u00e1 si nesm\u00edrn\u011b v\u00e1\u017e\u00edm v\u0161ech t\u011bch, kdo ji\u017e dnes pos\u00edlaj\u00ed pomoc,\u201c prohl\u00e1sil.<\/p>\n<p>Jak uvedl, chce v\u011b\u0159it, \u017ee se posti\u017een\u00e9 obce vr\u00e1t\u00ed d\u00edky solidarit\u011b obyvatel k norm\u00e1ln\u00edmu \u017eivotu podobn\u011b jako Troubky a Bocho\u0159 na P\u0159erovsku po rozs\u00e1hl\u00fdch povodn\u00edch v roce 1997.<\/p>\n<p>\u201eCht\u011bl bych vyj\u00e1d\u0159it nad\u011bji, \u017ee \u010desk\u00fd n\u00e1rod se dok\u00e1\u017ee v\u017edy semknout a solidarizovat, kdy\u017e se ocitne v situaci, kdy je to zapot\u0159eb\u00ed. D\u011bkuji v\u0161em, kdo pom\u00e1haj\u00ed a je\u0161t\u011b budou pom\u00e1hat,\u201c dodal prezident.<\/p>\n<p>Mimo\u0159\u00e1dn\u00fd projev m\u011bl prezident v minulosti t\u0159eba kv\u016fli \u0161\u00ed\u0159en\u00ed koronaviru v \u010cesku nebo naposledy v dubnu kv\u016fli mo\u017en\u00e9 \u00fa\u010dasti rusk\u00fdch agent\u016f na\u00a0v\u00fdbu\u0161\u00edch\u00a0v muni\u010dn\u00edm skladu ve Vrb\u011btic\u00edch na Zl\u00ednsku v roce 2014.<\/p>\n<p>V p\u00e1tek premi\u00e9r Andrej Babi\u0161 spole\u010dn\u011b s ministryn\u00ed financ\u00ed Alenou Schillerovou\u00a0dorazili\u00a0na ji\u017en\u00ed Moravu, kde se pro\u0161li vesnicemi, kter\u00e9 byly nejv\u00edce zasa\u017een\u00e9 torn\u00e1dem.<\/p>\n<p>Kdy\u017e se Babi\u0161 ocitl v nejzni\u010den\u011bj\u0161\u00ed \u010d\u00e1sti obce Hru\u0161ky, kde torn\u00e1do ve \u010dtvrtek ve\u010der srovnalo se zem\u00ed n\u011bkolik dom\u016f, \u0159ekl, \u017ee to vypad\u00e1 stejn\u011b jako po n\u011bkdej\u0161\u00edch povodn\u00edch v Troubk\u00e1ch, kter\u00e9 lidem tak\u00e9 vzaly domy a osmi z nich dokonce i \u017eivoty.<\/p>\n<p>Ve \u010dtvrtek ve\u010der se p\u0159es ji\u017en\u00ed Moravu p\u0159ehnaly siln\u00e9 bou\u0159ky, B\u0159eclavskem a Hodon\u00ednskem se nav\u00edc\u00a0prohnalo torn\u00e1do. P\u0159\u00edrodn\u00ed \u017eivel za sebou nechal zpusto\u0161en\u00e9 obce a n\u011bkolik stovek zran\u011bn\u00fdch. Podle posledn\u00edch informac\u00ed zem\u0159elo p\u011bt lid\u00ed.<\/p>\n<p>Meteorologov\u00e9 odhaduj\u00ed, \u017ee torn\u00e1do m\u011blo s\u00edlu p\u0159inejmen\u0161\u00edm F3, p\u0159i n\u00ed\u017e rychlost v\u011btru dosahuje 219 km\/h. Stovky dom\u016f jsou zni\u010den\u00e9. Na m\u00edst\u011b zasahuj\u00ed stovky policist\u016f i hasi\u010d\u016f. T\u011b\u017ekou techniku vyslala i arm\u00e1da.<\/p>\n<p><a href=\"https:\/\/cz.sputniknews.com\/20210626\/milos-zeman-vystoupil-s-projevem-k-situaci-na-jizni-morave--14962180.html\">ZDROJ<\/a><\/p>\n<p>&nbsp;<\/p>\n","protected":false},"excerpt":{"rendered":"<p>Dne 26. \u010dervna prezident republiky Milo\u0161 Zeman vystoupil s projevem k situaci na ji\u017en\u00ed Morav\u011b&#8230;.<\/p>\n","protected":false},"author":2,"featured_media":962,"comment_status":"closed","ping_status":"closed","sticky":false,"template":"","format":"standard","meta":[],"categories":[6],"tags":[392,722,717],"_links":{"self":[{"href":"https:\/\/www.infokuryr.cz\/n\/wp-json\/wp\/v2\/posts\/2844"}],"collection":[{"href":"https:\/\/www.infokuryr.cz\/n\/wp-json\/wp\/v2\/posts"}],"about":[{"href":"https:\/\/www.infokuryr.cz\/n\/wp-json\/wp\/v2\/types\/post"}],"author":[{"embeddable":true,"href":"https:\/\/www.infokuryr.cz\/n\/wp-json\/wp\/v2\/users\/2"}],"replies":[{"embeddable":true,"href":"https:\/\/www.infokuryr.cz\/n\/wp-json\/wp\/v2\/comments?post=2844"}],"version-history":[{"count":0,"href":"https:\/\/www.infokuryr.cz\/n\/wp-json\/wp\/v2\/posts\/2844\/revisions"}],"wp:featuredmedia":[{"embeddable":true,"href":"https:\/\/www.infokuryr.cz\/n\/wp-json\/wp\/v2\/media\/962"}],"wp:attachment":[{"href":"https:\/\/www.infokuryr.cz\/n\/wp-json\/wp\/v2\/media?parent=2844"}],"wp:term":[{"taxonomy":"category","embeddable":true,"href":"https:\/\/www.infokuryr.cz\/n\/wp-json\/wp\/v2\/categories?post=2844"},{"taxonomy":"post_tag","embeddable":true,"href":"https:\/\/www.infokuryr.cz\/n\/wp-json\/wp\/v2\/tags?post=2844"}],"curies":[{"name":"wp","href":"https:\/\/api.w.org\/{rel}","templated":true}]}}